{"id":373652,"date":"2025-12-05T05:12:51","date_gmt":"2025-12-05T08:12:51","guid":{"rendered":"https:\/\/www.notibras.com\/site\/?p=373652"},"modified":"2025-12-05T05:12:51","modified_gmt":"2025-12-05T08:12:51","slug":"romeu-zema-do-novo-vai-ter-de-explicar-velho-esquema-com-o-master","status":"publish","type":"post","link":"https:\/\/www.notibras.com\/site\/romeu-zema-do-novo-vai-ter-de-explicar-velho-esquema-com-o-master\/","title":{"rendered":"Romeu Zema, do Novo, vai ter de explicar velho esquema com o Master"},"content":{"rendered":"<p>A Comiss\u00e3o Parlamentar Mista de Inqu\u00e9rito (CPMI) do Instituto Nacional do Seguro Social (INSS) aprovou a convoca\u00e7\u00e3o e a quebra do sigilo telem\u00e1tico, banc\u00e1rio e fiscal do dono do Banco Master, Daniel Bueno Vorcaro. A CPMI aprovou ainda a convoca\u00e7\u00e3o do governador de Minas Gerais, Romeu Zema (Novo).<\/p>\n<p>Ambos entraram na mira da CPMI devido \u00e0 investiga\u00e7\u00e3o sobre poss\u00edveis irregularidades na oferta de empr\u00e9stimos consignados para aposentados e pensionistas do INSS, tema que \u00e9 um dos objetos da comiss\u00e3o mista.<\/p>\n<p>Vorcaro foi preso e depois liberado, por meio de liminar e obrigado a usar tornozeleira eletr\u00f4nica. Ele \u00e9 acusado de fraude em opera\u00e7\u00f5es no mercado financeiro que podem somar R$ 12 bilh\u00f5es, segundo a Pol\u00edcia Federal (PF).<\/p>\n<p>O relator da CPMI, deputado Alfredo Gaspar (Uni\u00e3o-AL), defendeu que a convoca\u00e7\u00e3o de Vorcaro \u00e9 necess\u00e1ria porque o Banco Master \u00e9 um dos que mais registram reclama\u00e7\u00f5es sobre empr\u00e9stimos consignados.<\/p>\n<p>\u201c\u00b4[A convoca\u00e7\u00e3o] \u00e9 necess\u00e1ria para prestar esclarecimentos acerca da atua\u00e7\u00e3o da institui\u00e7\u00e3o na oferta de produtos financeiros a aposentados e pensionistas, incluindo o cr\u00e9dito consignado, que possam justificar o elevado n\u00famero de reclama\u00e7\u00f5es recebidas pela Secretaria Nacional do Consumidor, a Senacon, nos \u00faltimos anos\u201d, justificou.<\/p>\n<p>Tamb\u00e9m foi aprovado o envio do relat\u00f3rio de intelig\u00eancia financeira sobre as movimenta\u00e7\u00f5es banc\u00e1rias de Vorcaro, produzido pelo Conselho de Controle de Atividades Financeiras (Coaf).<\/p>\n<p>A CPMI ainda aprovou a convoca\u00e7\u00e3o de dirigentes dos bancos Daycoval, Pan, Agibank, e BMG. Por outro lado, foram rejeitados os requerimentos para convocar dirigentes dos bancos Santander, Crefisa, C6 e da Zema Financeira.<\/p>\n<p>Mesmo com protestos da oposi\u00e7\u00e3o, foi aprovada a convoca\u00e7\u00e3o de Romeu Zema. O pedido para ouvir o governador foi apresentado pelo deputado Rog\u00e9rio Correia (PT-MG).<\/p>\n<p>O parlamentar afirma que a Zema Financeira, ligada ao governador de Minas, foi uma das benefici\u00e1rias pela Medida Provis\u00f3ria (MP) 1.106 de 2022, do governo Jair Bolsonaro, que permitiu empr\u00e9stimos consignados a benefici\u00e1rios do Bolsa Fam\u00edlia, \u00e0 \u00e9poca chamado de Aux\u00edlio Brasil.<\/p>\n<p>\u201cZema foi uma das poucas institui\u00e7\u00f5es financeiras autorizadas pelo Banco Central a oferecer a linha de cr\u00e9dito, que desconta a parcela direto do pagamento feito pelo governo para fam\u00edlias vulner\u00e1veis em at\u00e9 40% do valor do benef\u00edcio\u201d, escreveu o parlamentar mineiro.<\/p>\n<p>O governador Romeu Zema enviou nota \u00e0 CPMI pedindo para n\u00e3o ser convocado e informando que deixou a empresa Zema Financeira ap\u00f3s vencer a elei\u00e7\u00e3o para o governo de Minas em outubro de 2018.<\/p>\n<p>\u201cO requerente absolutamente nada pode esclarecer &#8220;acerca da atua\u00e7\u00e3o da institui\u00e7\u00e3o na oferta de produtos financeiros a aposentados e pensionistas, incluindo o cr\u00e9dito consignado\u201d, informou a defesa de Zema \u00e0 CPMI.<\/p>\n<p>O deputado Correia rebateu que o governador deixou a dire\u00e7\u00e3o da empresa porque a legisla\u00e7\u00e3o exige, mas destacou que ele permanece como acionista da institui\u00e7\u00e3o financeira.<\/p>\n<p>\u201cEle n\u00e3o poderia ser dessa financeira para estar no governo do estado. Por isso saiu. Mas eu queria dizer a voc\u00eas que ele ainda mant\u00e9m 16,41% das a\u00e7\u00f5es. O pai dele, Ricardo Zema, 51% das a\u00e7\u00f5es. O irm\u00e3o dele, Romero Zema, 16,41%. E a Luciana Zema, que \u00e9 a irm\u00e3, 16,18%. Se voc\u00eas somarem, 100% da fam\u00edlia Zema\u201d, disse.<\/p>\n<p>A deputada Adriana Ventura (Novo-SP) lamentou que a CPMI tenha aprovado a convoca\u00e7\u00e3o, e n\u00e3o o convite do governador Zema. Diferentemente do convite, a convoca\u00e7\u00e3o obriga a pessoa a comparecer \u00e0 comiss\u00e3o.<\/p>\n<p>\u201cA gente quer muito que o governador Zema venha pra mostrar como \u00e9 que se faz pol\u00edtica, como \u00e9 que faz o estado ser mais transparente e ele se colocou \u00e0 disposi\u00e7\u00e3o para ser convidado a vir aqui e vir\u00e1\u201d, afirmou Adriana.<\/p>\n","protected":false},"excerpt":{"rendered":"<p>A Comiss\u00e3o Parlamentar Mista de Inqu\u00e9rito (CPMI) do Instituto Nacional do Seguro Social (INSS) aprovou a convoca\u00e7\u00e3o e a quebra do sigilo telem\u00e1tico, banc\u00e1rio e fiscal do dono do Banco Master, Daniel Bueno Vorcaro. A CPMI aprovou ainda a convoca\u00e7\u00e3o do governador de Minas Gerais, Romeu Zema (Novo). Ambos entraram na mira da CPMI devido [&hellip;]<\/p>\n","protected":false},"author":2,"featured_media":373653,"comment_status":"closed","ping_status":"closed","sticky":false,"template":"","format":"standard","meta":{"_acf_changed":false,"footnotes":""},"categories":[16],"tags":[95],"class_list":["post-373652","post","type-post","status-publish","format-standard","has-post-thumbnail","hentry","category-brasil","tag-capa"],"acf":[],"yoast_head":"<!-- This site is optimized with the Yoast SEO plugin v27.5 - https:\/\/yoast.com\/product\/yoast-seo-wordpress\/ -->\n<title>Romeu Zema, do Novo, vai ter de explicar velho esquema com o Master - Notibras<\/title>\n<meta name=\"robots\" content=\"index, follow, max-snippet:-1, max-image-preview:large, max-video-preview:-1\" \/>\n<link rel=\"canonical\" href=\"https:\/\/www.notibras.com\/site\/romeu-zema-do-novo-vai-ter-de-explicar-velho-esquema-com-o-master\/\" \/>\n<meta property=\"og:locale\" content=\"pt_BR\" \/>\n<meta property=\"og:type\" content=\"article\" \/>\n<meta property=\"og:title\" content=\"Romeu Zema, do Novo, vai ter de explicar velho esquema com o Master - Notibras\" \/>\n<meta property=\"og:description\" content=\"A Comiss\u00e3o Parlamentar Mista de Inqu\u00e9rito (CPMI) do Instituto Nacional do Seguro Social (INSS) aprovou a convoca\u00e7\u00e3o e a quebra do sigilo telem\u00e1tico, banc\u00e1rio e fiscal do dono do Banco Master, Daniel Bueno Vorcaro. A CPMI aprovou ainda a convoca\u00e7\u00e3o do governador de Minas Gerais, Romeu Zema (Novo). Ambos entraram na mira da CPMI devido [&hellip;]\" \/>\n<meta property=\"og:url\" content=\"https:\/\/www.notibras.com\/site\/romeu-zema-do-novo-vai-ter-de-explicar-velho-esquema-com-o-master\/\" \/>\n<meta property=\"og:site_name\" content=\"Notibras\" \/>\n<meta property=\"article:publisher\" content=\"https:\/\/www.facebook.com\/notibras\/\" \/>\n<meta property=\"article:published_time\" content=\"2025-12-05T08:12:51+00:00\" \/>\n<meta property=\"og:image\" content=\"https:\/\/www.notibras.com\/site\/wp-content\/uploads\/2025\/12\/raf01014-1.webp\" \/>\n\t<meta property=\"og:image:width\" content=\"770\" \/>\n\t<meta property=\"og:image:height\" content=\"509\" \/>\n\t<meta property=\"og:image:type\" content=\"image\/webp\" \/>\n<meta name=\"author\" content=\"Reda\u00e7\u00e3o\" \/>\n<meta name=\"twitter:card\" content=\"summary_large_image\" \/>\n<meta name=\"twitter:creator\" content=\"@Notibras\" \/>\n<meta name=\"twitter:site\" content=\"@Notibras\" \/>\n<meta name=\"twitter:label1\" content=\"Escrito por\" \/>\n\t<meta name=\"twitter:data1\" content=\"Reda\u00e7\u00e3o\" \/>\n\t<meta name=\"twitter:label2\" content=\"Est. tempo de leitura\" \/>\n\t<meta name=\"twitter:data2\" content=\"4 minutos\" \/>\n<script type=\"application\/ld+json\" class=\"yoast-schema-graph\">{\"@context\":\"https:\\\/\\\/schema.org\",\"@graph\":[{\"@type\":\"Article\",\"@id\":\"https:\\\/\\\/www.notibras.com\\\/site\\\/romeu-zema-do-novo-vai-ter-de-explicar-velho-esquema-com-o-master\\\/#article\",\"isPartOf\":{\"@id\":\"https:\\\/\\\/www.notibras.com\\\/site\\\/romeu-zema-do-novo-vai-ter-de-explicar-velho-esquema-com-o-master\\\/\"},\"author\":{\"name\":\"Reda\u00e7\u00e3o\",\"@id\":\"https:\\\/\\\/www.notibras.com\\\/site\\\/#\\\/schema\\\/person\\\/36ab0979449956132d3e5b517ea76ac8\"},\"headline\":\"Romeu Zema, do Novo, vai ter de explicar velho esquema com o Master\",\"datePublished\":\"2025-12-05T08:12:51+00:00\",\"mainEntityOfPage\":{\"@id\":\"https:\\\/\\\/www.notibras.com\\\/site\\\/romeu-zema-do-novo-vai-ter-de-explicar-velho-esquema-com-o-master\\\/\"},\"wordCount\":641,\"publisher\":{\"@id\":\"https:\\\/\\\/www.notibras.com\\\/site\\\/#organization\"},\"image\":{\"@id\":\"https:\\\/\\\/www.notibras.com\\\/site\\\/romeu-zema-do-novo-vai-ter-de-explicar-velho-esquema-com-o-master\\\/#primaryimage\"},\"thumbnailUrl\":\"https:\\\/\\\/www.notibras.com\\\/site\\\/wp-content\\\/uploads\\\/2025\\\/12\\\/raf01014-1.webp\",\"keywords\":[\"capa\"],\"articleSection\":[\"Brasil\"],\"inLanguage\":\"pt-BR\"},{\"@type\":\"WebPage\",\"@id\":\"https:\\\/\\\/www.notibras.com\\\/site\\\/romeu-zema-do-novo-vai-ter-de-explicar-velho-esquema-com-o-master\\\/\",\"url\":\"https:\\\/\\\/www.notibras.com\\\/site\\\/romeu-zema-do-novo-vai-ter-de-explicar-velho-esquema-com-o-master\\\/\",\"name\":\"Romeu Zema, do Novo, vai ter de explicar velho esquema com o Master - Notibras\",\"isPartOf\":{\"@id\":\"https:\\\/\\\/www.notibras.com\\\/site\\\/#website\"},\"primaryImageOfPage\":{\"@id\":\"https:\\\/\\\/www.notibras.com\\\/site\\\/romeu-zema-do-novo-vai-ter-de-explicar-velho-esquema-com-o-master\\\/#primaryimage\"},\"image\":{\"@id\":\"https:\\\/\\\/www.notibras.com\\\/site\\\/romeu-zema-do-novo-vai-ter-de-explicar-velho-esquema-com-o-master\\\/#primaryimage\"},\"thumbnailUrl\":\"https:\\\/\\\/www.notibras.com\\\/site\\\/wp-content\\\/uploads\\\/2025\\\/12\\\/raf01014-1.webp\",\"datePublished\":\"2025-12-05T08:12:51+00:00\",\"breadcrumb\":{\"@id\":\"https:\\\/\\\/www.notibras.com\\\/site\\\/romeu-zema-do-novo-vai-ter-de-explicar-velho-esquema-com-o-master\\\/#breadcrumb\"},\"inLanguage\":\"pt-BR\",\"potentialAction\":[{\"@type\":\"ReadAction\",\"target\":[\"https:\\\/\\\/www.notibras.com\\\/site\\\/romeu-zema-do-novo-vai-ter-de-explicar-velho-esquema-com-o-master\\\/\"]}]},{\"@type\":\"ImageObject\",\"inLanguage\":\"pt-BR\",\"@id\":\"https:\\\/\\\/www.notibras.com\\\/site\\\/romeu-zema-do-novo-vai-ter-de-explicar-velho-esquema-com-o-master\\\/#primaryimage\",\"url\":\"https:\\\/\\\/www.notibras.com\\\/site\\\/wp-content\\\/uploads\\\/2025\\\/12\\\/raf01014-1.webp\",\"contentUrl\":\"https:\\\/\\\/www.notibras.com\\\/site\\\/wp-content\\\/uploads\\\/2025\\\/12\\\/raf01014-1.webp\",\"width\":770,\"height\":509},{\"@type\":\"BreadcrumbList\",\"@id\":\"https:\\\/\\\/www.notibras.com\\\/site\\\/romeu-zema-do-novo-vai-ter-de-explicar-velho-esquema-com-o-master\\\/#breadcrumb\",\"itemListElement\":[{\"@type\":\"ListItem\",\"position\":1,\"name\":\"In\u00edcio\",\"item\":\"https:\\\/\\\/www.notibras.com\\\/site\\\/\"},{\"@type\":\"ListItem\",\"position\":2,\"name\":\"Romeu Zema, do Novo, vai ter de explicar velho esquema com o Master\"}]},{\"@type\":\"WebSite\",\"@id\":\"https:\\\/\\\/www.notibras.com\\\/site\\\/#website\",\"url\":\"https:\\\/\\\/www.notibras.com\\\/site\\\/\",\"name\":\"Notibras\",\"description\":\"Not\u00edcias de Bras\u00edlia, do Brasil e do Mundo\",\"publisher\":{\"@id\":\"https:\\\/\\\/www.notibras.com\\\/site\\\/#organization\"},\"potentialAction\":[{\"@type\":\"SearchAction\",\"target\":{\"@type\":\"EntryPoint\",\"urlTemplate\":\"https:\\\/\\\/www.notibras.com\\\/site\\\/?s={search_term_string}\"},\"query-input\":{\"@type\":\"PropertyValueSpecification\",\"valueRequired\":true,\"valueName\":\"search_term_string\"}}],\"inLanguage\":\"pt-BR\"},{\"@type\":\"Organization\",\"@id\":\"https:\\\/\\\/www.notibras.com\\\/site\\\/#organization\",\"name\":\"Grupo Notibras de Comunica\u00e7\u00e3o\",\"url\":\"https:\\\/\\\/www.notibras.com\\\/site\\\/\",\"logo\":{\"@type\":\"ImageObject\",\"inLanguage\":\"pt-BR\",\"@id\":\"https:\\\/\\\/www.notibras.com\\\/site\\\/#\\\/schema\\\/logo\\\/image\\\/\",\"url\":\"https:\\\/\\\/www.notibras.com\\\/site\\\/wp-content\\\/uploads\\\/2023\\\/01\\\/notibras23.png\",\"contentUrl\":\"https:\\\/\\\/www.notibras.com\\\/site\\\/wp-content\\\/uploads\\\/2023\\\/01\\\/notibras23.png\",\"width\":350,\"height\":87,\"caption\":\"Grupo Notibras de Comunica\u00e7\u00e3o\"},\"image\":{\"@id\":\"https:\\\/\\\/www.notibras.com\\\/site\\\/#\\\/schema\\\/logo\\\/image\\\/\"},\"sameAs\":[\"https:\\\/\\\/www.facebook.com\\\/notibras\\\/\",\"https:\\\/\\\/x.com\\\/Notibras\",\"https:\\\/\\\/www.instagram.com\\\/notibras\\\/\"]},{\"@type\":\"Person\",\"@id\":\"https:\\\/\\\/www.notibras.com\\\/site\\\/#\\\/schema\\\/person\\\/36ab0979449956132d3e5b517ea76ac8\",\"name\":\"Reda\u00e7\u00e3o\",\"image\":{\"@type\":\"ImageObject\",\"inLanguage\":\"pt-BR\",\"@id\":\"https:\\\/\\\/secure.gravatar.com\\\/avatar\\\/e0a867bdedb85fd243eadf09663511f96fc81e0720a4a42581f334ad4303aa6b?s=96&d=mm&r=g\",\"url\":\"https:\\\/\\\/secure.gravatar.com\\\/avatar\\\/e0a867bdedb85fd243eadf09663511f96fc81e0720a4a42581f334ad4303aa6b?s=96&d=mm&r=g\",\"contentUrl\":\"https:\\\/\\\/secure.gravatar.com\\\/avatar\\\/e0a867bdedb85fd243eadf09663511f96fc81e0720a4a42581f334ad4303aa6b?s=96&d=mm&r=g\",\"caption\":\"Reda\u00e7\u00e3o\"}}]}<\/script>\n<!-- \/ Yoast SEO plugin. -->","yoast_head_json":{"title":"Romeu Zema, do Novo, vai ter de explicar velho esquema com o Master - Notibras","robots":{"index":"index","follow":"follow","max-snippet":"max-snippet:-1","max-image-preview":"max-image-preview:large","max-video-preview":"max-video-preview:-1"},"canonical":"https:\/\/www.notibras.com\/site\/romeu-zema-do-novo-vai-ter-de-explicar-velho-esquema-com-o-master\/","og_locale":"pt_BR","og_type":"article","og_title":"Romeu Zema, do Novo, vai ter de explicar velho esquema com o Master - Notibras","og_description":"A Comiss\u00e3o Parlamentar Mista de Inqu\u00e9rito (CPMI) do Instituto Nacional do Seguro Social (INSS) aprovou a convoca\u00e7\u00e3o e a quebra do sigilo telem\u00e1tico, banc\u00e1rio e fiscal do dono do Banco Master, Daniel Bueno Vorcaro. A CPMI aprovou ainda a convoca\u00e7\u00e3o do governador de Minas Gerais, Romeu Zema (Novo). Ambos entraram na mira da CPMI devido [&hellip;]","og_url":"https:\/\/www.notibras.com\/site\/romeu-zema-do-novo-vai-ter-de-explicar-velho-esquema-com-o-master\/","og_site_name":"Notibras","article_publisher":"https:\/\/www.facebook.com\/notibras\/","article_published_time":"2025-12-05T08:12:51+00:00","og_image":[{"width":770,"height":509,"url":"https:\/\/www.notibras.com\/site\/wp-content\/uploads\/2025\/12\/raf01014-1.webp","type":"image\/webp"}],"author":"Reda\u00e7\u00e3o","twitter_card":"summary_large_image","twitter_creator":"@Notibras","twitter_site":"@Notibras","twitter_misc":{"Escrito por":"Reda\u00e7\u00e3o","Est. tempo de leitura":"4 minutos"},"schema":{"@context":"https:\/\/schema.org","@graph":[{"@type":"Article","@id":"https:\/\/www.notibras.com\/site\/romeu-zema-do-novo-vai-ter-de-explicar-velho-esquema-com-o-master\/#article","isPartOf":{"@id":"https:\/\/www.notibras.com\/site\/romeu-zema-do-novo-vai-ter-de-explicar-velho-esquema-com-o-master\/"},"author":{"name":"Reda\u00e7\u00e3o","@id":"https:\/\/www.notibras.com\/site\/#\/schema\/person\/36ab0979449956132d3e5b517ea76ac8"},"headline":"Romeu Zema, do Novo, vai ter de explicar velho esquema com o Master","datePublished":"2025-12-05T08:12:51+00:00","mainEntityOfPage":{"@id":"https:\/\/www.notibras.com\/site\/romeu-zema-do-novo-vai-ter-de-explicar-velho-esquema-com-o-master\/"},"wordCount":641,"publisher":{"@id":"https:\/\/www.notibras.com\/site\/#organization"},"image":{"@id":"https:\/\/www.notibras.com\/site\/romeu-zema-do-novo-vai-ter-de-explicar-velho-esquema-com-o-master\/#primaryimage"},"thumbnailUrl":"https:\/\/www.notibras.com\/site\/wp-content\/uploads\/2025\/12\/raf01014-1.webp","keywords":["capa"],"articleSection":["Brasil"],"inLanguage":"pt-BR"},{"@type":"WebPage","@id":"https:\/\/www.notibras.com\/site\/romeu-zema-do-novo-vai-ter-de-explicar-velho-esquema-com-o-master\/","url":"https:\/\/www.notibras.com\/site\/romeu-zema-do-novo-vai-ter-de-explicar-velho-esquema-com-o-master\/","name":"Romeu Zema, do Novo, vai ter de explicar velho esquema com o Master - Notibras","isPartOf":{"@id":"https:\/\/www.notibras.com\/site\/#website"},"primaryImageOfPage":{"@id":"https:\/\/www.notibras.com\/site\/romeu-zema-do-novo-vai-ter-de-explicar-velho-esquema-com-o-master\/#primaryimage"},"image":{"@id":"https:\/\/www.notibras.com\/site\/romeu-zema-do-novo-vai-ter-de-explicar-velho-esquema-com-o-master\/#primaryimage"},"thumbnailUrl":"https:\/\/www.notibras.com\/site\/wp-content\/uploads\/2025\/12\/raf01014-1.webp","datePublished":"2025-12-05T08:12:51+00:00","breadcrumb":{"@id":"https:\/\/www.notibras.com\/site\/romeu-zema-do-novo-vai-ter-de-explicar-velho-esquema-com-o-master\/#breadcrumb"},"inLanguage":"pt-BR","potentialAction":[{"@type":"ReadAction","target":["https:\/\/www.notibras.com\/site\/romeu-zema-do-novo-vai-ter-de-explicar-velho-esquema-com-o-master\/"]}]},{"@type":"ImageObject","inLanguage":"pt-BR","@id":"https:\/\/www.notibras.com\/site\/romeu-zema-do-novo-vai-ter-de-explicar-velho-esquema-com-o-master\/#primaryimage","url":"https:\/\/www.notibras.com\/site\/wp-content\/uploads\/2025\/12\/raf01014-1.webp","contentUrl":"https:\/\/www.notibras.com\/site\/wp-content\/uploads\/2025\/12\/raf01014-1.webp","width":770,"height":509},{"@type":"BreadcrumbList","@id":"https:\/\/www.notibras.com\/site\/romeu-zema-do-novo-vai-ter-de-explicar-velho-esquema-com-o-master\/#breadcrumb","itemListElement":[{"@type":"ListItem","position":1,"name":"In\u00edcio","item":"https:\/\/www.notibras.com\/site\/"},{"@type":"ListItem","position":2,"name":"Romeu Zema, do Novo, vai ter de explicar velho esquema com o Master"}]},{"@type":"WebSite","@id":"https:\/\/www.notibras.com\/site\/#website","url":"https:\/\/www.notibras.com\/site\/","name":"Notibras","description":"Not\u00edcias de Bras\u00edlia, do Brasil e do Mundo","publisher":{"@id":"https:\/\/www.notibras.com\/site\/#organization"},"potentialAction":[{"@type":"SearchAction","target":{"@type":"EntryPoint","urlTemplate":"https:\/\/www.notibras.com\/site\/?s={search_term_string}"},"query-input":{"@type":"PropertyValueSpecification","valueRequired":true,"valueName":"search_term_string"}}],"inLanguage":"pt-BR"},{"@type":"Organization","@id":"https:\/\/www.notibras.com\/site\/#organization","name":"Grupo Notibras de Comunica\u00e7\u00e3o","url":"https:\/\/www.notibras.com\/site\/","logo":{"@type":"ImageObject","inLanguage":"pt-BR","@id":"https:\/\/www.notibras.com\/site\/#\/schema\/logo\/image\/","url":"https:\/\/www.notibras.com\/site\/wp-content\/uploads\/2023\/01\/notibras23.png","contentUrl":"https:\/\/www.notibras.com\/site\/wp-content\/uploads\/2023\/01\/notibras23.png","width":350,"height":87,"caption":"Grupo Notibras de Comunica\u00e7\u00e3o"},"image":{"@id":"https:\/\/www.notibras.com\/site\/#\/schema\/logo\/image\/"},"sameAs":["https:\/\/www.facebook.com\/notibras\/","https:\/\/x.com\/Notibras","https:\/\/www.instagram.com\/notibras\/"]},{"@type":"Person","@id":"https:\/\/www.notibras.com\/site\/#\/schema\/person\/36ab0979449956132d3e5b517ea76ac8","name":"Reda\u00e7\u00e3o","image":{"@type":"ImageObject","inLanguage":"pt-BR","@id":"https:\/\/secure.gravatar.com\/avatar\/e0a867bdedb85fd243eadf09663511f96fc81e0720a4a42581f334ad4303aa6b?s=96&d=mm&r=g","url":"https:\/\/secure.gravatar.com\/avatar\/e0a867bdedb85fd243eadf09663511f96fc81e0720a4a42581f334ad4303aa6b?s=96&d=mm&r=g","contentUrl":"https:\/\/secure.gravatar.com\/avatar\/e0a867bdedb85fd243eadf09663511f96fc81e0720a4a42581f334ad4303aa6b?s=96&d=mm&r=g","caption":"Reda\u00e7\u00e3o"}}]}},"amp_enabled":true,"_links":{"self":[{"href":"https:\/\/www.notibras.com\/site\/wp-json\/wp\/v2\/posts\/373652","targetHints":{"allow":["GET"]}}],"collection":[{"href":"https:\/\/www.notibras.com\/site\/wp-json\/wp\/v2\/posts"}],"about":[{"href":"https:\/\/www.notibras.com\/site\/wp-json\/wp\/v2\/types\/post"}],"author":[{"embeddable":true,"href":"https:\/\/www.notibras.com\/site\/wp-json\/wp\/v2\/users\/2"}],"replies":[{"embeddable":true,"href":"https:\/\/www.notibras.com\/site\/wp-json\/wp\/v2\/comments?post=373652"}],"version-history":[{"count":1,"href":"https:\/\/www.notibras.com\/site\/wp-json\/wp\/v2\/posts\/373652\/revisions"}],"predecessor-version":[{"id":373654,"href":"https:\/\/www.notibras.com\/site\/wp-json\/wp\/v2\/posts\/373652\/revisions\/373654"}],"wp:featuredmedia":[{"embeddable":true,"href":"https:\/\/www.notibras.com\/site\/wp-json\/wp\/v2\/media\/373653"}],"wp:attachment":[{"href":"https:\/\/www.notibras.com\/site\/wp-json\/wp\/v2\/media?parent=373652"}],"wp:term":[{"taxonomy":"category","embeddable":true,"href":"https:\/\/www.notibras.com\/site\/wp-json\/wp\/v2\/categories?post=373652"},{"taxonomy":"post_tag","embeddable":true,"href":"https:\/\/www.notibras.com\/site\/wp-json\/wp\/v2\/tags?post=373652"}],"curies":[{"name":"wp","href":"https:\/\/api.w.org\/{rel}","templated":true}]}}