{"id":373676,"date":"2025-12-05T06:00:00","date_gmt":"2025-12-05T09:00:00","guid":{"rendered":"https:\/\/www.notibras.com\/site\/?p=373676"},"modified":"2025-12-05T06:40:26","modified_gmt":"2025-12-05T09:40:26","slug":"as-sombras-vivas-que-vagueiam-na-mente-da-humanidade","status":"publish","type":"post","link":"https:\/\/www.notibras.com\/site\/as-sombras-vivas-que-vagueiam-na-mente-da-humanidade\/","title":{"rendered":"As sombras vivas que vagueiam na mente da humanidade"},"content":{"rendered":"<p data-start=\"460\" data-end=\"924\">H\u00e1 hist\u00f3rias que n\u00e3o pertencem a nenhum livro, nenhum altar, nenhum povo espec\u00edfico \u2014 e, ainda assim, parecem acompanhar toda a humanidade como sombras antigas. S\u00e3o lendas, mitos, arqu\u00e9tipos primordiais que se movem silenciosamente dentro da mente humana, surgindo nos sonhos, nas narrativas populares, nas religi\u00f5es e at\u00e9 na ci\u00eancia que tenta explic\u00e1-los. Eles n\u00e3o moram no mundo externo: residem no interior, no terreno profundo onde raz\u00e3o e mist\u00e9rio se abra\u00e7am.<\/p>\n<p data-start=\"979\" data-end=\"1249\">O mito n\u00e3o \u00e9 uma inven\u00e7\u00e3o: \u00e9 uma manifesta\u00e7\u00e3o. Ele brota de um lugar primordial, ancestral, onde a mente humana tenta dialogar com aquilo que n\u00e3o compreende \u2014 o tempo, a morte, a origem do mundo, o sentido da exist\u00eancia. Cada lenda \u00e9 um esfor\u00e7o de tradu\u00e7\u00e3o do indiz\u00edvel.<\/p>\n<p data-start=\"1251\" data-end=\"1324\">\u00c9 por isso que tantas culturas distantes criaram hist\u00f3rias semelhantes:<\/p>\n<ul data-start=\"1325\" data-end=\"1473\">\n<li data-start=\"1325\" data-end=\"1363\">\n<p data-start=\"1327\" data-end=\"1363\">deuses que sopram vida na mat\u00e9ria,<\/p>\n<\/li>\n<li data-start=\"1364\" data-end=\"1398\">\n<p data-start=\"1366\" data-end=\"1398\">her\u00f3is que descem ao submundo,<\/p>\n<\/li>\n<li data-start=\"1399\" data-end=\"1432\">\n<p data-start=\"1401\" data-end=\"1432\">criaturas que vigiam a noite,<\/p>\n<\/li>\n<li data-start=\"1433\" data-end=\"1473\">\n<p data-start=\"1435\" data-end=\"1473\">esp\u00edritos que caminham entre os vivos.<\/p>\n<\/li>\n<\/ul>\n<p data-start=\"1475\" data-end=\"1611\">N\u00e3o \u00e9 coincid\u00eancia. \u00c9 converg\u00eancia. A alma humana, no seu sil\u00eancio comum, tenta responder \u00e0s mesmas perguntas desde o in\u00edcio dos tempos.<\/p>\n<p data-start=\"1661\" data-end=\"2039\">Os mitos surgem quando o mundo se mostra grande demais. Para os eg\u00edpcios, o sol era um deus navegando num barco pela imensid\u00e3o. Para os gregos, a luz era o gesto de uma deusa. Para os povos ind\u00edgenas, a noite \u00e9 o manto deixado pelo criador. Cada narrativa, embora distinta, exerce a mesma fun\u00e7\u00e3o: organizar o caos aparente, oferecer sentido onde antes havia apenas vastid\u00e3o.<\/p>\n<p data-start=\"2041\" data-end=\"2161\">Mesmo hoje \u2014 com ci\u00eancia, sat\u00e9lites, telesc\u00f3pios e data centers \u2014 continuamos a criar mitos. Eles apenas mudam de forma.<\/p>\n<p data-start=\"2163\" data-end=\"2319\">A intelig\u00eancia artificial, o extraterrestre, o fantasma digital, o apocalipse tecnol\u00f3gico\u2026 todos s\u00e3o mitos modernos, impregnados das ang\u00fastias da nossa era.<\/p>\n<p data-start=\"2365\" data-end=\"2470\">Os mitos mais persistentes s\u00e3o os que abra\u00e7am o medo. O medo \u00e9 o ber\u00e7o f\u00e9rtil do imagin\u00e1rio. Nele nascem:<\/p>\n<ul data-start=\"2472\" data-end=\"2788\">\n<li data-start=\"2472\" data-end=\"2544\">\n<p data-start=\"2474\" data-end=\"2544\">os trolls das montanhas, ecoando nossa desconfian\u00e7a das sombras;<\/p>\n<\/li>\n<li data-start=\"2545\" data-end=\"2607\">\n<p data-start=\"2547\" data-end=\"2607\">os lobisomens, reflexo da nossa animalidade reprimida;<\/p>\n<\/li>\n<li data-start=\"2608\" data-end=\"2658\">\n<p data-start=\"2610\" data-end=\"2658\">as sereias, espelho do desejo e do perigo;<\/p>\n<\/li>\n<li data-start=\"2659\" data-end=\"2717\">\n<p data-start=\"2661\" data-end=\"2717\">os dem\u00f4nios, materializa\u00e7\u00e3o das batalhas internas;<\/p>\n<\/li>\n<li data-start=\"2718\" data-end=\"2788\">\n<p data-start=\"2720\" data-end=\"2788\">os anjos, s\u00edmbolos de nossa \u00e2nsia por prote\u00e7\u00e3o e transcend\u00eancia.<\/p>\n<\/li>\n<\/ul>\n<p data-start=\"2790\" data-end=\"2916\">Cada criatura m\u00edtica \u00e9 um fragmento da psique humana projetado no mundo externo. O mito \u00e9 o espelho mais antigo da humanidade.<\/p>\n<p data-start=\"2957\" data-end=\"3230\">Toda lenda cl\u00e1ssica \u2014 seja ela grega, n\u00f3rdica, africana ou ind\u00edgena \u2014 cont\u00e9m um rito inici\u00e1tico. O her\u00f3i parte, perde-se, morre simbolicamente e retorna transformado. Trata-se de um ciclo arquet\u00edpico, um modelo espiritual que ainda ecoa em nossas narrativas contempor\u00e2neas.<\/p>\n<p data-start=\"3232\" data-end=\"3393\">Assim como o her\u00f3i m\u00edtico desce \u00e0 escurid\u00e3o, n\u00f3s descemos \u00e0s nossas pr\u00f3prias cavernas psicol\u00f3gicas. E, como ele, buscamos retornar com um fragmento de sabedoria.<\/p>\n<p data-start=\"3395\" data-end=\"3476\">Por isso dizemos que o mito \u00e9 uma jornada interna disfar\u00e7ada de saga externa.<\/p>\n<p data-start=\"3531\" data-end=\"3617\">\u00c9 v\u00e1lido observar que engana-se quem imagina que os mitos pertencem ao passado. Hoje, eles se manifestam em:<\/p>\n<ul data-start=\"3619\" data-end=\"3766\">\n<li data-start=\"3619\" data-end=\"3646\">\n<p data-start=\"3621\" data-end=\"3646\">teorias conspirat\u00f3rias,<\/p>\n<\/li>\n<li data-start=\"3647\" data-end=\"3681\">\n<p data-start=\"3649\" data-end=\"3681\">rumores sobrenaturais urbanos,<\/p>\n<\/li>\n<li data-start=\"3682\" data-end=\"3721\">\n<p data-start=\"3684\" data-end=\"3721\">narrativas de contatos alien\u00edgenas,<\/p>\n<\/li>\n<li data-start=\"3722\" data-end=\"3766\">\n<p data-start=\"3724\" data-end=\"3766\">s\u00edmbolos digitais que ganham vida pr\u00f3pria.<\/p>\n<\/li>\n<\/ul>\n<p data-start=\"3768\" data-end=\"3881\">Mesmo sem perceber, continuamos a alimentar as mesmas estruturas arquet\u00edpicas. A forma muda; a ess\u00eancia \u00e9 eterna.<\/p>\n<p data-start=\"3920\" data-end=\"4127\">Mas, por que os mitos sobrevivem? Talvez porque respondem \u00e0quilo que a raz\u00e3o n\u00e3o alcan\u00e7a. Porque alimentam o mist\u00e9rio que nos mant\u00e9m humanos. Porque organizam o invis\u00edvel. E, sobretudo, porque o mito n\u00e3o vive apenas nas hist\u00f3rias \u2014 vive em n\u00f3s.<\/p>\n<p data-start=\"4129\" data-end=\"4384\">Enquanto houver espanto, haver\u00e1 lenda. Enquanto houver sil\u00eancio, haver\u00e1 mito. Enquanto houver humanidade, o imagin\u00e1rio continuar\u00e1 vagueando como um vento antigo dentro da mente, sussurrando perguntas para as quais jamais teremos respostas definitivas.<\/p>\n","protected":false},"excerpt":{"rendered":"<p>H\u00e1 hist\u00f3rias que n\u00e3o pertencem a nenhum livro, nenhum altar, nenhum povo espec\u00edfico \u2014 e, ainda assim, parecem acompanhar toda a humanidade como sombras antigas. S\u00e3o lendas, mitos, arqu\u00e9tipos primordiais que se movem silenciosamente dentro da mente humana, surgindo nos sonhos, nas narrativas populares, nas religi\u00f5es e at\u00e9 na ci\u00eancia que tenta explic\u00e1-los. Eles n\u00e3o [&hellip;]<\/p>\n","protected":false},"author":2,"featured_media":335237,"comment_status":"closed","ping_status":"closed","sticky":false,"template":"","format":"standard","meta":{"_acf_changed":false,"footnotes":""},"categories":[237],"tags":[],"class_list":["post-373676","post","type-post","status-publish","format-standard","has-post-thumbnail","hentry","category-oraculos"],"acf":[],"yoast_head":"<!-- This site is optimized with the Yoast SEO plugin v27.2 - https:\/\/yoast.com\/product\/yoast-seo-wordpress\/ -->\n<title>As sombras vivas que vagueiam na mente da humanidade - Notibras<\/title>\n<meta name=\"robots\" content=\"index, follow, max-snippet:-1, max-image-preview:large, max-video-preview:-1\" \/>\n<link rel=\"canonical\" href=\"https:\/\/www.notibras.com\/site\/as-sombras-vivas-que-vagueiam-na-mente-da-humanidade\/\" \/>\n<meta property=\"og:locale\" content=\"pt_BR\" \/>\n<meta property=\"og:type\" content=\"article\" \/>\n<meta property=\"og:title\" content=\"As sombras vivas que vagueiam na mente da humanidade - Notibras\" \/>\n<meta property=\"og:description\" content=\"H\u00e1 hist\u00f3rias que n\u00e3o pertencem a nenhum livro, nenhum altar, nenhum povo espec\u00edfico \u2014 e, ainda assim, parecem acompanhar toda a humanidade como sombras antigas. S\u00e3o lendas, mitos, arqu\u00e9tipos primordiais que se movem silenciosamente dentro da mente humana, surgindo nos sonhos, nas narrativas populares, nas religi\u00f5es e at\u00e9 na ci\u00eancia que tenta explic\u00e1-los. Eles n\u00e3o [&hellip;]\" \/>\n<meta property=\"og:url\" content=\"https:\/\/www.notibras.com\/site\/as-sombras-vivas-que-vagueiam-na-mente-da-humanidade\/\" \/>\n<meta property=\"og:site_name\" content=\"Notibras\" \/>\n<meta property=\"article:publisher\" content=\"https:\/\/www.facebook.com\/notibras\/\" \/>\n<meta property=\"article:published_time\" content=\"2025-12-05T09:00:00+00:00\" \/>\n<meta property=\"article:modified_time\" content=\"2025-12-05T09:40:26+00:00\" \/>\n<meta property=\"og:image\" content=\"https:\/\/www.notibras.com\/site\/wp-content\/uploads\/2024\/08\/mitologiahindu.2.webp\" \/>\n\t<meta property=\"og:image:width\" content=\"1000\" \/>\n\t<meta property=\"og:image:height\" content=\"661\" \/>\n\t<meta property=\"og:image:type\" content=\"image\/webp\" \/>\n<meta name=\"author\" content=\"Reda\u00e7\u00e3o\" \/>\n<meta name=\"twitter:card\" content=\"summary_large_image\" \/>\n<meta name=\"twitter:creator\" content=\"@Notibras\" \/>\n<meta name=\"twitter:site\" content=\"@Notibras\" \/>\n<meta name=\"twitter:label1\" content=\"Escrito por\" \/>\n\t<meta name=\"twitter:data1\" content=\"Reda\u00e7\u00e3o\" \/>\n\t<meta name=\"twitter:label2\" content=\"Est. tempo de leitura\" \/>\n\t<meta name=\"twitter:data2\" content=\"4 minutos\" \/>\n<script type=\"application\/ld+json\" class=\"yoast-schema-graph\">{\"@context\":\"https:\/\/schema.org\",\"@graph\":[{\"@type\":\"Article\",\"@id\":\"https:\/\/www.notibras.com\/site\/as-sombras-vivas-que-vagueiam-na-mente-da-humanidade\/#article\",\"isPartOf\":{\"@id\":\"https:\/\/www.notibras.com\/site\/as-sombras-vivas-que-vagueiam-na-mente-da-humanidade\/\"},\"author\":{\"name\":\"Reda\u00e7\u00e3o\",\"@id\":\"https:\/\/www.notibras.com\/site\/#\/schema\/person\/36ab0979449956132d3e5b517ea76ac8\"},\"headline\":\"As sombras vivas que vagueiam na mente da humanidade\",\"datePublished\":\"2025-12-05T09:00:00+00:00\",\"dateModified\":\"2025-12-05T09:40:26+00:00\",\"mainEntityOfPage\":{\"@id\":\"https:\/\/www.notibras.com\/site\/as-sombras-vivas-que-vagueiam-na-mente-da-humanidade\/\"},\"wordCount\":639,\"publisher\":{\"@id\":\"https:\/\/www.notibras.com\/site\/#organization\"},\"image\":{\"@id\":\"https:\/\/www.notibras.com\/site\/as-sombras-vivas-que-vagueiam-na-mente-da-humanidade\/#primaryimage\"},\"thumbnailUrl\":\"https:\/\/www.notibras.com\/site\/wp-content\/uploads\/2024\/08\/mitologiahindu.2.webp\",\"articleSection\":[\"Or\u00e1culos\"],\"inLanguage\":\"pt-BR\"},{\"@type\":\"WebPage\",\"@id\":\"https:\/\/www.notibras.com\/site\/as-sombras-vivas-que-vagueiam-na-mente-da-humanidade\/\",\"url\":\"https:\/\/www.notibras.com\/site\/as-sombras-vivas-que-vagueiam-na-mente-da-humanidade\/\",\"name\":\"As sombras vivas que vagueiam na mente da humanidade - Notibras\",\"isPartOf\":{\"@id\":\"https:\/\/www.notibras.com\/site\/#website\"},\"primaryImageOfPage\":{\"@id\":\"https:\/\/www.notibras.com\/site\/as-sombras-vivas-que-vagueiam-na-mente-da-humanidade\/#primaryimage\"},\"image\":{\"@id\":\"https:\/\/www.notibras.com\/site\/as-sombras-vivas-que-vagueiam-na-mente-da-humanidade\/#primaryimage\"},\"thumbnailUrl\":\"https:\/\/www.notibras.com\/site\/wp-content\/uploads\/2024\/08\/mitologiahindu.2.webp\",\"datePublished\":\"2025-12-05T09:00:00+00:00\",\"dateModified\":\"2025-12-05T09:40:26+00:00\",\"breadcrumb\":{\"@id\":\"https:\/\/www.notibras.com\/site\/as-sombras-vivas-que-vagueiam-na-mente-da-humanidade\/#breadcrumb\"},\"inLanguage\":\"pt-BR\",\"potentialAction\":[{\"@type\":\"ReadAction\",\"target\":[\"https:\/\/www.notibras.com\/site\/as-sombras-vivas-que-vagueiam-na-mente-da-humanidade\/\"]}]},{\"@type\":\"ImageObject\",\"inLanguage\":\"pt-BR\",\"@id\":\"https:\/\/www.notibras.com\/site\/as-sombras-vivas-que-vagueiam-na-mente-da-humanidade\/#primaryimage\",\"url\":\"https:\/\/www.notibras.com\/site\/wp-content\/uploads\/2024\/08\/mitologiahindu.2.webp\",\"contentUrl\":\"https:\/\/www.notibras.com\/site\/wp-content\/uploads\/2024\/08\/mitologiahindu.2.webp\",\"width\":1000,\"height\":661},{\"@type\":\"BreadcrumbList\",\"@id\":\"https:\/\/www.notibras.com\/site\/as-sombras-vivas-que-vagueiam-na-mente-da-humanidade\/#breadcrumb\",\"itemListElement\":[{\"@type\":\"ListItem\",\"position\":1,\"name\":\"In\u00edcio\",\"item\":\"https:\/\/www.notibras.com\/site\/\"},{\"@type\":\"ListItem\",\"position\":2,\"name\":\"As sombras vivas que vagueiam na mente da humanidade\"}]},{\"@type\":\"WebSite\",\"@id\":\"https:\/\/www.notibras.com\/site\/#website\",\"url\":\"https:\/\/www.notibras.com\/site\/\",\"name\":\"Notibras\",\"description\":\"Not\u00edcias de Bras\u00edlia, do Brasil e do Mundo\",\"publisher\":{\"@id\":\"https:\/\/www.notibras.com\/site\/#organization\"},\"potentialAction\":[{\"@type\":\"SearchAction\",\"target\":{\"@type\":\"EntryPoint\",\"urlTemplate\":\"https:\/\/www.notibras.com\/site\/?s={search_term_string}\"},\"query-input\":{\"@type\":\"PropertyValueSpecification\",\"valueRequired\":true,\"valueName\":\"search_term_string\"}}],\"inLanguage\":\"pt-BR\"},{\"@type\":\"Organization\",\"@id\":\"https:\/\/www.notibras.com\/site\/#organization\",\"name\":\"Grupo Notibras de Comunica\u00e7\u00e3o\",\"url\":\"https:\/\/www.notibras.com\/site\/\",\"logo\":{\"@type\":\"ImageObject\",\"inLanguage\":\"pt-BR\",\"@id\":\"https:\/\/www.notibras.com\/site\/#\/schema\/logo\/image\/\",\"url\":\"https:\/\/www.notibras.com\/site\/wp-content\/uploads\/2023\/01\/notibras23.png\",\"contentUrl\":\"https:\/\/www.notibras.com\/site\/wp-content\/uploads\/2023\/01\/notibras23.png\",\"width\":350,\"height\":87,\"caption\":\"Grupo Notibras de Comunica\u00e7\u00e3o\"},\"image\":{\"@id\":\"https:\/\/www.notibras.com\/site\/#\/schema\/logo\/image\/\"},\"sameAs\":[\"https:\/\/www.facebook.com\/notibras\/\",\"https:\/\/x.com\/Notibras\",\"https:\/\/www.instagram.com\/notibras\/\"]},{\"@type\":\"Person\",\"@id\":\"https:\/\/www.notibras.com\/site\/#\/schema\/person\/36ab0979449956132d3e5b517ea76ac8\",\"name\":\"Reda\u00e7\u00e3o\",\"image\":{\"@type\":\"ImageObject\",\"inLanguage\":\"pt-BR\",\"@id\":\"https:\/\/secure.gravatar.com\/avatar\/e0a867bdedb85fd243eadf09663511f96fc81e0720a4a42581f334ad4303aa6b?s=96&d=mm&r=g\",\"url\":\"https:\/\/secure.gravatar.com\/avatar\/e0a867bdedb85fd243eadf09663511f96fc81e0720a4a42581f334ad4303aa6b?s=96&d=mm&r=g\",\"contentUrl\":\"https:\/\/secure.gravatar.com\/avatar\/e0a867bdedb85fd243eadf09663511f96fc81e0720a4a42581f334ad4303aa6b?s=96&d=mm&r=g\",\"caption\":\"Reda\u00e7\u00e3o\"}}]}<\/script>\n<!-- \/ Yoast SEO plugin. -->","yoast_head_json":{"title":"As sombras vivas que vagueiam na mente da humanidade - Notibras","robots":{"index":"index","follow":"follow","max-snippet":"max-snippet:-1","max-image-preview":"max-image-preview:large","max-video-preview":"max-video-preview:-1"},"canonical":"https:\/\/www.notibras.com\/site\/as-sombras-vivas-que-vagueiam-na-mente-da-humanidade\/","og_locale":"pt_BR","og_type":"article","og_title":"As sombras vivas que vagueiam na mente da humanidade - Notibras","og_description":"H\u00e1 hist\u00f3rias que n\u00e3o pertencem a nenhum livro, nenhum altar, nenhum povo espec\u00edfico \u2014 e, ainda assim, parecem acompanhar toda a humanidade como sombras antigas. S\u00e3o lendas, mitos, arqu\u00e9tipos primordiais que se movem silenciosamente dentro da mente humana, surgindo nos sonhos, nas narrativas populares, nas religi\u00f5es e at\u00e9 na ci\u00eancia que tenta explic\u00e1-los. Eles n\u00e3o [&hellip;]","og_url":"https:\/\/www.notibras.com\/site\/as-sombras-vivas-que-vagueiam-na-mente-da-humanidade\/","og_site_name":"Notibras","article_publisher":"https:\/\/www.facebook.com\/notibras\/","article_published_time":"2025-12-05T09:00:00+00:00","article_modified_time":"2025-12-05T09:40:26+00:00","og_image":[{"width":1000,"height":661,"url":"https:\/\/www.notibras.com\/site\/wp-content\/uploads\/2024\/08\/mitologiahindu.2.webp","type":"image\/webp"}],"author":"Reda\u00e7\u00e3o","twitter_card":"summary_large_image","twitter_creator":"@Notibras","twitter_site":"@Notibras","twitter_misc":{"Escrito por":"Reda\u00e7\u00e3o","Est. tempo de leitura":"4 minutos"},"schema":{"@context":"https:\/\/schema.org","@graph":[{"@type":"Article","@id":"https:\/\/www.notibras.com\/site\/as-sombras-vivas-que-vagueiam-na-mente-da-humanidade\/#article","isPartOf":{"@id":"https:\/\/www.notibras.com\/site\/as-sombras-vivas-que-vagueiam-na-mente-da-humanidade\/"},"author":{"name":"Reda\u00e7\u00e3o","@id":"https:\/\/www.notibras.com\/site\/#\/schema\/person\/36ab0979449956132d3e5b517ea76ac8"},"headline":"As sombras vivas que vagueiam na mente da humanidade","datePublished":"2025-12-05T09:00:00+00:00","dateModified":"2025-12-05T09:40:26+00:00","mainEntityOfPage":{"@id":"https:\/\/www.notibras.com\/site\/as-sombras-vivas-que-vagueiam-na-mente-da-humanidade\/"},"wordCount":639,"publisher":{"@id":"https:\/\/www.notibras.com\/site\/#organization"},"image":{"@id":"https:\/\/www.notibras.com\/site\/as-sombras-vivas-que-vagueiam-na-mente-da-humanidade\/#primaryimage"},"thumbnailUrl":"https:\/\/www.notibras.com\/site\/wp-content\/uploads\/2024\/08\/mitologiahindu.2.webp","articleSection":["Or\u00e1culos"],"inLanguage":"pt-BR"},{"@type":"WebPage","@id":"https:\/\/www.notibras.com\/site\/as-sombras-vivas-que-vagueiam-na-mente-da-humanidade\/","url":"https:\/\/www.notibras.com\/site\/as-sombras-vivas-que-vagueiam-na-mente-da-humanidade\/","name":"As sombras vivas que vagueiam na mente da humanidade - Notibras","isPartOf":{"@id":"https:\/\/www.notibras.com\/site\/#website"},"primaryImageOfPage":{"@id":"https:\/\/www.notibras.com\/site\/as-sombras-vivas-que-vagueiam-na-mente-da-humanidade\/#primaryimage"},"image":{"@id":"https:\/\/www.notibras.com\/site\/as-sombras-vivas-que-vagueiam-na-mente-da-humanidade\/#primaryimage"},"thumbnailUrl":"https:\/\/www.notibras.com\/site\/wp-content\/uploads\/2024\/08\/mitologiahindu.2.webp","datePublished":"2025-12-05T09:00:00+00:00","dateModified":"2025-12-05T09:40:26+00:00","breadcrumb":{"@id":"https:\/\/www.notibras.com\/site\/as-sombras-vivas-que-vagueiam-na-mente-da-humanidade\/#breadcrumb"},"inLanguage":"pt-BR","potentialAction":[{"@type":"ReadAction","target":["https:\/\/www.notibras.com\/site\/as-sombras-vivas-que-vagueiam-na-mente-da-humanidade\/"]}]},{"@type":"ImageObject","inLanguage":"pt-BR","@id":"https:\/\/www.notibras.com\/site\/as-sombras-vivas-que-vagueiam-na-mente-da-humanidade\/#primaryimage","url":"https:\/\/www.notibras.com\/site\/wp-content\/uploads\/2024\/08\/mitologiahindu.2.webp","contentUrl":"https:\/\/www.notibras.com\/site\/wp-content\/uploads\/2024\/08\/mitologiahindu.2.webp","width":1000,"height":661},{"@type":"BreadcrumbList","@id":"https:\/\/www.notibras.com\/site\/as-sombras-vivas-que-vagueiam-na-mente-da-humanidade\/#breadcrumb","itemListElement":[{"@type":"ListItem","position":1,"name":"In\u00edcio","item":"https:\/\/www.notibras.com\/site\/"},{"@type":"ListItem","position":2,"name":"As sombras vivas que vagueiam na mente da humanidade"}]},{"@type":"WebSite","@id":"https:\/\/www.notibras.com\/site\/#website","url":"https:\/\/www.notibras.com\/site\/","name":"Notibras","description":"Not\u00edcias de Bras\u00edlia, do Brasil e do Mundo","publisher":{"@id":"https:\/\/www.notibras.com\/site\/#organization"},"potentialAction":[{"@type":"SearchAction","target":{"@type":"EntryPoint","urlTemplate":"https:\/\/www.notibras.com\/site\/?s={search_term_string}"},"query-input":{"@type":"PropertyValueSpecification","valueRequired":true,"valueName":"search_term_string"}}],"inLanguage":"pt-BR"},{"@type":"Organization","@id":"https:\/\/www.notibras.com\/site\/#organization","name":"Grupo Notibras de Comunica\u00e7\u00e3o","url":"https:\/\/www.notibras.com\/site\/","logo":{"@type":"ImageObject","inLanguage":"pt-BR","@id":"https:\/\/www.notibras.com\/site\/#\/schema\/logo\/image\/","url":"https:\/\/www.notibras.com\/site\/wp-content\/uploads\/2023\/01\/notibras23.png","contentUrl":"https:\/\/www.notibras.com\/site\/wp-content\/uploads\/2023\/01\/notibras23.png","width":350,"height":87,"caption":"Grupo Notibras de Comunica\u00e7\u00e3o"},"image":{"@id":"https:\/\/www.notibras.com\/site\/#\/schema\/logo\/image\/"},"sameAs":["https:\/\/www.facebook.com\/notibras\/","https:\/\/x.com\/Notibras","https:\/\/www.instagram.com\/notibras\/"]},{"@type":"Person","@id":"https:\/\/www.notibras.com\/site\/#\/schema\/person\/36ab0979449956132d3e5b517ea76ac8","name":"Reda\u00e7\u00e3o","image":{"@type":"ImageObject","inLanguage":"pt-BR","@id":"https:\/\/secure.gravatar.com\/avatar\/e0a867bdedb85fd243eadf09663511f96fc81e0720a4a42581f334ad4303aa6b?s=96&d=mm&r=g","url":"https:\/\/secure.gravatar.com\/avatar\/e0a867bdedb85fd243eadf09663511f96fc81e0720a4a42581f334ad4303aa6b?s=96&d=mm&r=g","contentUrl":"https:\/\/secure.gravatar.com\/avatar\/e0a867bdedb85fd243eadf09663511f96fc81e0720a4a42581f334ad4303aa6b?s=96&d=mm&r=g","caption":"Reda\u00e7\u00e3o"}}]}},"amp_enabled":true,"_links":{"self":[{"href":"https:\/\/www.notibras.com\/site\/wp-json\/wp\/v2\/posts\/373676","targetHints":{"allow":["GET"]}}],"collection":[{"href":"https:\/\/www.notibras.com\/site\/wp-json\/wp\/v2\/posts"}],"about":[{"href":"https:\/\/www.notibras.com\/site\/wp-json\/wp\/v2\/types\/post"}],"author":[{"embeddable":true,"href":"https:\/\/www.notibras.com\/site\/wp-json\/wp\/v2\/users\/2"}],"replies":[{"embeddable":true,"href":"https:\/\/www.notibras.com\/site\/wp-json\/wp\/v2\/comments?post=373676"}],"version-history":[{"count":3,"href":"https:\/\/www.notibras.com\/site\/wp-json\/wp\/v2\/posts\/373676\/revisions"}],"predecessor-version":[{"id":373679,"href":"https:\/\/www.notibras.com\/site\/wp-json\/wp\/v2\/posts\/373676\/revisions\/373679"}],"wp:featuredmedia":[{"embeddable":true,"href":"https:\/\/www.notibras.com\/site\/wp-json\/wp\/v2\/media\/335237"}],"wp:attachment":[{"href":"https:\/\/www.notibras.com\/site\/wp-json\/wp\/v2\/media?parent=373676"}],"wp:term":[{"taxonomy":"category","embeddable":true,"href":"https:\/\/www.notibras.com\/site\/wp-json\/wp\/v2\/categories?post=373676"},{"taxonomy":"post_tag","embeddable":true,"href":"https:\/\/www.notibras.com\/site\/wp-json\/wp\/v2\/tags?post=373676"}],"curies":[{"name":"wp","href":"https:\/\/api.w.org\/{rel}","templated":true}]}}