{"id":373690,"date":"2025-12-05T00:00:10","date_gmt":"2025-12-05T03:00:10","guid":{"rendered":"https:\/\/www.notibras.com\/site\/?p=373690"},"modified":"2025-12-05T08:20:40","modified_gmt":"2025-12-05T11:20:40","slug":"festival-de-cinema-do-brics-vai-ate-domingo-em-fortaleza","status":"publish","type":"post","link":"https:\/\/www.notibras.com\/site\/festival-de-cinema-do-brics-vai-ate-domingo-em-fortaleza\/","title":{"rendered":"Festival de Cinema do Brics vai at\u00e9 domingo em Fortaleza"},"content":{"rendered":"<p>Iniciado na quinta, 4, vai at\u00e9 domingo (7), em Fortaleza, a nona 9\u00aa edi\u00e7\u00e3o do Festival de Cinema do Brics, com sess\u00f5es gratuitas de filmes, pain\u00e9is e encontros institucionais entre representantes do audiovisual dos pa\u00edses-membros.<\/p>\n<p>O Brics \u00e9 uma alian\u00e7a de coopera\u00e7\u00e3o entre pa\u00edses de economias emergentes, formada originalmente por Brasil, R\u00fassia, \u00cdndia e China e, posteriormente, expandida para incluir a \u00c1frica do Sul e outros pa\u00edses como Egito, Eti\u00f3pia, Ir\u00e3, Ar\u00e1bia Saudita e Indon\u00e9sia.<\/p>\n<p>Na programa\u00e7\u00e3o, ser\u00e3o apresentados 16 filmes, entre longas e curtas-metragens de fic\u00e7\u00e3o, document\u00e1rio e anima\u00e7\u00e3o, com produ\u00e7\u00f5es recentes do Brasil, China, \u00cdndia, \u00c1frica do Sul, R\u00fassia, Indon\u00e9sia e Emirados \u00c1rabes Unidos.<\/p>\n<p>A entrada \u00e9 gratuita, bastando retirar ingressos na bilheteria f\u00edsica do Cinema do Drag\u00e3o, sempre uma hora antes de cada sess\u00e3o.<\/p>\n<p>A abertura ser\u00e1 no Centro Drag\u00e3o do Mar de Arte e Cultura, \u00e0s 19h, com a exibi\u00e7\u00e3o do longa cearense Morte e Vida Madalena, dirigido por Guto Parente. O filme traz a hist\u00f3ria uma produtora de cinema, a atriz No\u00e1 Bonoba, que interpreta Madalena. Ao longo da pel\u00edcula ela tem que lidar ao mesmo tempo com a morte recente do pai, sua gravidez de oito meses e a produ\u00e7\u00e3o de uma fic\u00e7\u00e3o cient\u00edfica B onde tudo parece dar errado.<\/p>\n<p>Al\u00e9m disso, haver\u00e1 a pr\u00e9-estreia do longa Guarde o Cora\u00e7\u00e3o na Palma da M\u00e3o e Caminhe), com a presen\u00e7a de convidados. Dirigido por Sepideh Farsi, o document\u00e1rio traz o relato da cineasta que se conecta com uma mulher palestina em Gaza que documenta a vida sob bombardeios de Israel.<\/p>\n<p>Tamb\u00e9m haver\u00e1 a realiza\u00e7\u00e3o de pain\u00e9is pela manh\u00e3, dentro da programa\u00e7\u00e3o do festival. A meta \u00e9 promover articula\u00e7\u00f5es estrat\u00e9gicas no campo do audiovisual e a\u00e7\u00f5es de coopera\u00e7\u00e3o internacional, voltadas ao fortalecimento das pol\u00edticas p\u00fablicas do setor.<\/p>\n<p><strong>Festival<\/strong><br \/>\nEste ano, o festival \u00e9 realizado pelo Minist\u00e9rio da Cultura (MinC), por meio da Secretaria do Audiovisual (SAv). O evento refor\u00e7a a coopera\u00e7\u00e3o cultural entre pa\u00edses do Sul Global e acontece no mesmo per\u00edodo do Mercado das Ind\u00fastrias Criativas do Brasil (MICBR)+Ibero-Am\u00e9ricas.<\/p>\n<p>Criado em 2016, o Festival de Cinema do Brics \u00e9 um evento anual itinerante realizado pelo pa\u00eds que assume a presid\u00eancia do bloco. A edi\u00e7\u00e3o brasileira de 2025 \u00e9 uma das entregas da Presid\u00eancia Pro Tempore do Brasil, reafirmando o compromisso do pa\u00eds com o fortalecimento das rela\u00e7\u00f5es culturais internacionais.<\/p>\n","protected":false},"excerpt":{"rendered":"<p>Iniciado na quinta, 4, vai at\u00e9 domingo (7), em Fortaleza, a nona 9\u00aa edi\u00e7\u00e3o do Festival de Cinema do Brics, com sess\u00f5es gratuitas de filmes, pain\u00e9is e encontros institucionais entre representantes do audiovisual dos pa\u00edses-membros. O Brics \u00e9 uma alian\u00e7a de coopera\u00e7\u00e3o entre pa\u00edses de economias emergentes, formada originalmente por Brasil, R\u00fassia, \u00cdndia e China [&hellip;]<\/p>\n","protected":false},"author":2,"featured_media":373691,"comment_status":"closed","ping_status":"closed","sticky":false,"template":"","format":"standard","meta":{"_acf_changed":false,"footnotes":""},"categories":[165],"tags":[],"class_list":["post-373690","post","type-post","status-publish","format-standard","has-post-thumbnail","hentry","category-nordeste"],"acf":[],"_links":{"self":[{"href":"https:\/\/www.notibras.com\/site\/wp-json\/wp\/v2\/posts\/373690","targetHints":{"allow":["GET"]}}],"collection":[{"href":"https:\/\/www.notibras.com\/site\/wp-json\/wp\/v2\/posts"}],"about":[{"href":"https:\/\/www.notibras.com\/site\/wp-json\/wp\/v2\/types\/post"}],"author":[{"embeddable":true,"href":"https:\/\/www.notibras.com\/site\/wp-json\/wp\/v2\/users\/2"}],"replies":[{"embeddable":true,"href":"https:\/\/www.notibras.com\/site\/wp-json\/wp\/v2\/comments?post=373690"}],"version-history":[{"count":1,"href":"https:\/\/www.notibras.com\/site\/wp-json\/wp\/v2\/posts\/373690\/revisions"}],"predecessor-version":[{"id":373692,"href":"https:\/\/www.notibras.com\/site\/wp-json\/wp\/v2\/posts\/373690\/revisions\/373692"}],"wp:featuredmedia":[{"embeddable":true,"href":"https:\/\/www.notibras.com\/site\/wp-json\/wp\/v2\/media\/373691"}],"wp:attachment":[{"href":"https:\/\/www.notibras.com\/site\/wp-json\/wp\/v2\/media?parent=373690"}],"wp:term":[{"taxonomy":"category","embeddable":true,"href":"https:\/\/www.notibras.com\/site\/wp-json\/wp\/v2\/categories?post=373690"},{"taxonomy":"post_tag","embeddable":true,"href":"https:\/\/www.notibras.com\/site\/wp-json\/wp\/v2\/tags?post=373690"}],"curies":[{"name":"wp","href":"https:\/\/api.w.org\/{rel}","templated":true}]}}