{"id":373693,"date":"2025-12-05T08:26:52","date_gmt":"2025-12-05T11:26:52","guid":{"rendered":"https:\/\/www.notibras.com\/site\/?p=373693"},"modified":"2025-12-05T08:26:52","modified_gmt":"2025-12-05T11:26:52","slug":"petrobras-anuncia-mais-empregos-com-ampliacao-da-refinaria-abreu-e-lima","status":"publish","type":"post","link":"https:\/\/www.notibras.com\/site\/petrobras-anuncia-mais-empregos-com-ampliacao-da-refinaria-abreu-e-lima\/","title":{"rendered":"Petrobras anuncia mais empregos com amplia\u00e7\u00e3o da refinaria Abreu e Lima"},"content":{"rendered":"<p>A Petrobras anunciou que a Refinaria Abreu e Lima (Rnest), localizada em Ipojuca (PE), passar\u00e1 por um processo de amplia\u00e7\u00e3o que deve dobrar sua capacidade produtiva. Atualmente, a planta opera com cerca de 115 mil barris por dia, e a meta \u00e9 alcan\u00e7ar aproximadamente 230 mil barris di\u00e1rios quando a expans\u00e3o estiver conclu\u00edda.<\/p>\n<p>Segundo a estatal, o projeto ser\u00e1 acompanhado da constru\u00e7\u00e3o de uma usina fotovoltaica para gerar energia limpa e reduzir custos operacionais, contribuindo para a transi\u00e7\u00e3o energ\u00e9tica da companhia. A usina solar deve abastecer parte das opera\u00e7\u00f5es da refinaria, diminuindo a depend\u00eancia de fontes externas de eletricidade e reduzindo emiss\u00f5es.<\/p>\n<p>A Petrobras estima que as obras de amplia\u00e7\u00e3o e os projetos associados ir\u00e3o gerar cerca de 10 mil empregos, entre diretos e indiretos, sobretudo durante a fase de constru\u00e7\u00e3o. A expectativa \u00e9 que o empreendimento impulsione a economia local, fortale\u00e7a a cadeia produtiva da regi\u00e3o e aumente a oferta de combust\u00edveis no mercado brasileiro, reduzindo a necessidade de importa\u00e7\u00f5es.<\/p>\n<p>O investimento faz parte do planejamento estrat\u00e9gico da empresa para ampliar a capacidade de refino no pa\u00eds, aumentar a seguran\u00e7a energ\u00e9tica e promover iniciativas com menor impacto ambiental.<\/p>\n","protected":false},"excerpt":{"rendered":"<p>A Petrobras anunciou que a Refinaria Abreu e Lima (Rnest), localizada em Ipojuca (PE), passar\u00e1 por um processo de amplia\u00e7\u00e3o que deve dobrar sua capacidade produtiva. Atualmente, a planta opera com cerca de 115 mil barris por dia, e a meta \u00e9 alcan\u00e7ar aproximadamente 230 mil barris di\u00e1rios quando a expans\u00e3o estiver conclu\u00edda. Segundo a [&hellip;]<\/p>\n","protected":false},"author":2,"featured_media":373694,"comment_status":"closed","ping_status":"closed","sticky":false,"template":"","format":"standard","meta":{"_acf_changed":false,"footnotes":""},"categories":[165],"tags":[],"class_list":["post-373693","post","type-post","status-publish","format-standard","has-post-thumbnail","hentry","category-nordeste"],"acf":[],"_links":{"self":[{"href":"https:\/\/www.notibras.com\/site\/wp-json\/wp\/v2\/posts\/373693","targetHints":{"allow":["GET"]}}],"collection":[{"href":"https:\/\/www.notibras.com\/site\/wp-json\/wp\/v2\/posts"}],"about":[{"href":"https:\/\/www.notibras.com\/site\/wp-json\/wp\/v2\/types\/post"}],"author":[{"embeddable":true,"href":"https:\/\/www.notibras.com\/site\/wp-json\/wp\/v2\/users\/2"}],"replies":[{"embeddable":true,"href":"https:\/\/www.notibras.com\/site\/wp-json\/wp\/v2\/comments?post=373693"}],"version-history":[{"count":1,"href":"https:\/\/www.notibras.com\/site\/wp-json\/wp\/v2\/posts\/373693\/revisions"}],"predecessor-version":[{"id":373695,"href":"https:\/\/www.notibras.com\/site\/wp-json\/wp\/v2\/posts\/373693\/revisions\/373695"}],"wp:featuredmedia":[{"embeddable":true,"href":"https:\/\/www.notibras.com\/site\/wp-json\/wp\/v2\/media\/373694"}],"wp:attachment":[{"href":"https:\/\/www.notibras.com\/site\/wp-json\/wp\/v2\/media?parent=373693"}],"wp:term":[{"taxonomy":"category","embeddable":true,"href":"https:\/\/www.notibras.com\/site\/wp-json\/wp\/v2\/categories?post=373693"},{"taxonomy":"post_tag","embeddable":true,"href":"https:\/\/www.notibras.com\/site\/wp-json\/wp\/v2\/tags?post=373693"}],"curies":[{"name":"wp","href":"https:\/\/api.w.org\/{rel}","templated":true}]}}