{"id":373696,"date":"2025-12-05T15:36:06","date_gmt":"2025-12-05T18:36:06","guid":{"rendered":"https:\/\/www.notibras.com\/site\/?p=373696"},"modified":"2025-12-05T15:37:52","modified_gmt":"2025-12-05T18:37:52","slug":"paula-surge-cria-gelo-e-trinca-o-copo-de-arruda","status":"publish","type":"post","link":"https:\/\/www.notibras.com\/site\/paula-surge-cria-gelo-e-trinca-o-copo-de-arruda\/","title":{"rendered":"Paula surge, cria gelo e trinca o copo de Arruda"},"content":{"rendered":"<p>A pr\u00e9-candidatura de Paula Belmonte ao Governo do Distrito Federal caiu na cena pol\u00edtica como um copo de \u00e1gua gelada atirado no motor ainda morno da campanha de Jos\u00e9 Roberto Arruda. O que se viu na quinta, 4, n\u00e3o foi uma cerim\u00f4nia de an\u00fancio; foi estilha\u00e7o. At\u00e9 ent\u00e3o, a narrativa arrudista, cuidadosamente montada entre caf\u00e9s discretos, abra\u00e7os ensaiados e sorrisos de conven\u00e7\u00e3o partid\u00e1ria, era a de um retorno triunfal, pronto para operar a velha m\u00e1gica de uma ressurrei\u00e7\u00e3o eleitoral que muitos consideram improv\u00e1vel.<\/p>\n<p>\u00c9 que Paula, antes vista por Arruda como a noiva ideal para compor a chapa como vice-governadora, estragou a coreografia. A posi\u00e7\u00e3o da deputada distrital, que acaba de trocar o Cidadania pelo PSDB com as b\u00ean\u00e7\u00e3os de A\u00e9cio Neves, \u00e9 no sentido de que o eleitor esque\u00e7a Arruda, porque Bras\u00edlia, na avalia\u00e7\u00e3o dela, ter\u00e1 uma mulher eleita para o Pal\u00e1cio do Buriti em 2026. E Paula Belmonte transmite a sensa\u00e7\u00e3o de que o ex-governador, cassado quando abriram a Caixa de Pandora, vai apoi\u00e1-la no segundo turno.<\/p>\n<p>O gesto de Paula n\u00e3o foi visto como uma provoca\u00e7\u00e3o, mas um ato de ocupa\u00e7\u00e3o de terreno. Um recado p\u00fablico de que, antes mesmo de o PSD abrir a porta para Arruda no dia 15 de dezembro, algu\u00e9m j\u00e1 acendeu as luzes, tomou o centro do palco e rasgou a cortina. E o ex-governador, acostumado a reorganizar a pol\u00edtica local como quem arruma a pr\u00f3pria mesa de escrit\u00f3rio, viu seu roteiro deslizar da m\u00e3o. O protagonismo escapou de sua narrativa. Em s\u00edntese, Paula Belmonte colocou gelo no copo dele antes mesmo de a bebida ficar pronta.<\/p>\n<p>Se o campo governista comandado por Ibaneis Rocha (MDB) tem em Celina Le\u00e3o (PP) sua aposta natural, musculosa e s\u00f3lida, o campo oposicionista agora se v\u00ea fatiado por uma for\u00e7a inesperada \u2014 e, sobretudo, n\u00e3o alinhada ao velho sistema de troca de favores, tapinhas nas costas e alian\u00e7as hermeticamente costuradas nos fundos de gabinetes. O que se observa \u00e9 que Paula n\u00e3o entra como coadjuvante, mas como quem puxa o fio do novelo e, sem pedir licen\u00e7a, embaralha as estrat\u00e9gias alheias.<\/p>\n<p>Para Celina, que j\u00e1 parte do governo e possui estrutura, apoio e densidade, o surgimento de Paula n\u00e3o \u00e9 um ataque. No entorno da vice-governadora, o entendimento \u00e9 o de que a volta da distrital ao ninho tucano representa um novo tipo de advers\u00e1rio, com perfil mais leve e mais solto, por\u00e9m mais dif\u00edcil de mapear. Para Arruda, \u00e9 outra coisa. Trata-se da primeira fissura real em uma candidatura constru\u00edda sobre o mito de que Bras\u00edlia sempre gira ao redor dele.<\/p>\n<p>Se havia quem imaginasse uma elei\u00e7\u00e3o previs\u00edvel, com Celina de um lado, Arruda do outro, e o resto orbitando como sat\u00e9lites humildes, essa fantasia derreteu r\u00e1pido. Isso porque Paula n\u00e3o apenas entrou na disputa. Ela al\u00e7ou voo pr\u00f3prio, na certeza de que estar\u00e1 no segundo turno. Essa convic\u00e7\u00e3o \u00e9 tanta que a deputada espera ter o apoio do pr\u00f3prio Arruda, como se ele j\u00e1 estivesse politicamente domesticado, pronto para abanar a cauda eleitoral no momento adequado.<\/p>\n<p>Pode-se pontuar que o ato de Paula ser lan\u00e7ada ao Buriti por A\u00e9cio na expectativa de vit\u00f3ria n\u00e3o \u00e9 uma previs\u00e3o, mas uma tomada simb\u00f3lica de poder. \u00c9 dizer ao p\u00fablico e principalmente ao pr\u00f3prio Arruda, que a roda pol\u00edtica do Distrito Federal n\u00e3o gira mais apenas pela for\u00e7a dos veteranos, mas tamb\u00e9m pela ousadia de quem n\u00e3o tem medo de empurrar as pe\u00e7as.<\/p>\n<p><strong>Um duelo inesperado<\/strong><br \/>\nSem desmerecer os projetos, Celina Le\u00e3o e Paula Belmonte representam dois caminhos antag\u00f4nicos, mas consistentes, destinados a se cruzar. De um lado, Celina, robusta, governista, enraizada e porta-estandarte de uma coaliz\u00e3o gigantesca, pilota um bloco pol\u00edtico que raramente perde quando decide jogar s\u00e9rio. J\u00e1 Paula, insurgente, aparece como deslocadora de placas tect\u00f4nicas, capaz de alterar a narrativa da oposi\u00e7\u00e3o e acuar figuras &#8211; como Arruda -, que se imaginavam intoc\u00e1veis.<\/p>\n<p>Duas mulheres fortes, ocupando espa\u00e7os que por d\u00e9cadas foram guardados por caciques de voz grossa e m\u00e3os pesadas. E aqui est\u00e1 a ironia da Hist\u00f3ria: numa capital da Rep\u00fablica habituada a ver os homens duelarem em torno do Buriti, talvez o verdadeiro combate de 2026 seja feminino e absolutamente inevit\u00e1vel.<\/p>\n<p>No meio do caminho, Arruda, que insiste em n\u00e3o sumir. Paula, contudo, acaba de tirar dele o centro do palco, de onde Celina j\u00e1 o havia empurrado para a lateral.<\/p>\n<p>Se o ex-governador quisesse simbolizar seu momento pol\u00edtico, bastaria olhar para sua pr\u00f3pria met\u00e1fora. Algo como a famosa ponte que sempre jurou construir entre passado e futuro. Hoje, essa ponte est\u00e1 sob obras, mas n\u00e3o dirigida por engenheiros. S\u00e3o, sim, duas mulheres que resolveram disputar o projeto arquitet\u00f4nico do Distrito Federal sem pedir autoriza\u00e7\u00e3o ao velho s\u00edndico. O certo \u00e9 que Paula resolveu bater asas em dire\u00e7\u00e3o \u00e0 cadeira hoje ocupada por Ibaneis. E que Celina, como uma leoa predadora de aves, est\u00e1 \u00e0 espreita.<\/p>\n<p>&#8230;&#8230;&#8230;&#8230;&#8230;&#8230;&#8230;&#8230;.<\/p>\n<p><strong>Jos\u00e9 Seabra, de passagem por Bras\u00edlia, \u00e9 diretor da Sucursal Regional Nordeste de Notibras.<\/strong><\/p>\n","protected":false},"excerpt":{"rendered":"<p>A pr\u00e9-candidatura de Paula Belmonte ao Governo do Distrito Federal caiu na cena pol\u00edtica como um copo de \u00e1gua gelada atirado no motor ainda morno da campanha de Jos\u00e9 Roberto Arruda. O que se viu na quinta, 4, n\u00e3o foi uma cerim\u00f4nia de an\u00fancio; foi estilha\u00e7o. At\u00e9 ent\u00e3o, a narrativa arrudista, cuidadosamente montada entre caf\u00e9s [&hellip;]<\/p>\n","protected":false},"author":2,"featured_media":373697,"comment_status":"closed","ping_status":"closed","sticky":false,"template":"","format":"standard","meta":{"_acf_changed":false,"footnotes":""},"categories":[161],"tags":[95],"class_list":["post-373696","post","type-post","status-publish","format-standard","has-post-thumbnail","hentry","category-quadradinho-em-foco","tag-capa"],"acf":[],"yoast_head":"<!-- This site is optimized with the Yoast SEO plugin v27.5 - https:\/\/yoast.com\/product\/yoast-seo-wordpress\/ -->\n<title>Paula surge, cria gelo e trinca o copo de Arruda - Notibras<\/title>\n<meta name=\"robots\" content=\"index, follow, max-snippet:-1, max-image-preview:large, max-video-preview:-1\" \/>\n<link rel=\"canonical\" href=\"https:\/\/www.notibras.com\/site\/paula-surge-cria-gelo-e-trinca-o-copo-de-arruda\/\" \/>\n<meta property=\"og:locale\" content=\"pt_BR\" \/>\n<meta property=\"og:type\" content=\"article\" \/>\n<meta property=\"og:title\" content=\"Paula surge, cria gelo e trinca o copo de Arruda - Notibras\" \/>\n<meta property=\"og:description\" content=\"A pr\u00e9-candidatura de Paula Belmonte ao Governo do Distrito Federal caiu na cena pol\u00edtica como um copo de \u00e1gua gelada atirado no motor ainda morno da campanha de Jos\u00e9 Roberto Arruda. O que se viu na quinta, 4, n\u00e3o foi uma cerim\u00f4nia de an\u00fancio; foi estilha\u00e7o. At\u00e9 ent\u00e3o, a narrativa arrudista, cuidadosamente montada entre caf\u00e9s [&hellip;]\" \/>\n<meta property=\"og:url\" content=\"https:\/\/www.notibras.com\/site\/paula-surge-cria-gelo-e-trinca-o-copo-de-arruda\/\" \/>\n<meta property=\"og:site_name\" content=\"Notibras\" \/>\n<meta property=\"article:publisher\" content=\"https:\/\/www.facebook.com\/notibras\/\" \/>\n<meta property=\"article:published_time\" content=\"2025-12-05T18:36:06+00:00\" \/>\n<meta property=\"article:modified_time\" content=\"2025-12-05T18:37:52+00:00\" \/>\n<meta property=\"og:image\" content=\"https:\/\/www.notibras.com\/site\/wp-content\/uploads\/2025\/12\/9da2bba0-8f1d-44b8-a9f6-6b7cfce1f10d.jpeg\" \/>\n\t<meta property=\"og:image:width\" content=\"720\" \/>\n\t<meta property=\"og:image:height\" content=\"1280\" \/>\n\t<meta property=\"og:image:type\" content=\"image\/jpeg\" \/>\n<meta name=\"author\" content=\"Reda\u00e7\u00e3o\" \/>\n<meta name=\"twitter:card\" content=\"summary_large_image\" \/>\n<meta name=\"twitter:creator\" content=\"@Notibras\" \/>\n<meta name=\"twitter:site\" content=\"@Notibras\" \/>\n<meta name=\"twitter:label1\" content=\"Escrito por\" \/>\n\t<meta name=\"twitter:data1\" content=\"Reda\u00e7\u00e3o\" \/>\n\t<meta name=\"twitter:label2\" content=\"Est. tempo de leitura\" \/>\n\t<meta name=\"twitter:data2\" content=\"5 minutos\" \/>\n<script type=\"application\/ld+json\" class=\"yoast-schema-graph\">{\"@context\":\"https:\\\/\\\/schema.org\",\"@graph\":[{\"@type\":\"Article\",\"@id\":\"https:\\\/\\\/www.notibras.com\\\/site\\\/paula-surge-cria-gelo-e-trinca-o-copo-de-arruda\\\/#article\",\"isPartOf\":{\"@id\":\"https:\\\/\\\/www.notibras.com\\\/site\\\/paula-surge-cria-gelo-e-trinca-o-copo-de-arruda\\\/\"},\"author\":{\"name\":\"Reda\u00e7\u00e3o\",\"@id\":\"https:\\\/\\\/www.notibras.com\\\/site\\\/#\\\/schema\\\/person\\\/36ab0979449956132d3e5b517ea76ac8\"},\"headline\":\"Paula surge, cria gelo e trinca o copo de Arruda\",\"datePublished\":\"2025-12-05T18:36:06+00:00\",\"dateModified\":\"2025-12-05T18:37:52+00:00\",\"mainEntityOfPage\":{\"@id\":\"https:\\\/\\\/www.notibras.com\\\/site\\\/paula-surge-cria-gelo-e-trinca-o-copo-de-arruda\\\/\"},\"wordCount\":907,\"publisher\":{\"@id\":\"https:\\\/\\\/www.notibras.com\\\/site\\\/#organization\"},\"image\":{\"@id\":\"https:\\\/\\\/www.notibras.com\\\/site\\\/paula-surge-cria-gelo-e-trinca-o-copo-de-arruda\\\/#primaryimage\"},\"thumbnailUrl\":\"https:\\\/\\\/www.notibras.com\\\/site\\\/wp-content\\\/uploads\\\/2025\\\/12\\\/9da2bba0-8f1d-44b8-a9f6-6b7cfce1f10d.jpeg\",\"keywords\":[\"capa\"],\"articleSection\":[\"Quadradinho em Foco\"],\"inLanguage\":\"pt-BR\"},{\"@type\":\"WebPage\",\"@id\":\"https:\\\/\\\/www.notibras.com\\\/site\\\/paula-surge-cria-gelo-e-trinca-o-copo-de-arruda\\\/\",\"url\":\"https:\\\/\\\/www.notibras.com\\\/site\\\/paula-surge-cria-gelo-e-trinca-o-copo-de-arruda\\\/\",\"name\":\"Paula surge, cria gelo e trinca o copo de Arruda - Notibras\",\"isPartOf\":{\"@id\":\"https:\\\/\\\/www.notibras.com\\\/site\\\/#website\"},\"primaryImageOfPage\":{\"@id\":\"https:\\\/\\\/www.notibras.com\\\/site\\\/paula-surge-cria-gelo-e-trinca-o-copo-de-arruda\\\/#primaryimage\"},\"image\":{\"@id\":\"https:\\\/\\\/www.notibras.com\\\/site\\\/paula-surge-cria-gelo-e-trinca-o-copo-de-arruda\\\/#primaryimage\"},\"thumbnailUrl\":\"https:\\\/\\\/www.notibras.com\\\/site\\\/wp-content\\\/uploads\\\/2025\\\/12\\\/9da2bba0-8f1d-44b8-a9f6-6b7cfce1f10d.jpeg\",\"datePublished\":\"2025-12-05T18:36:06+00:00\",\"dateModified\":\"2025-12-05T18:37:52+00:00\",\"breadcrumb\":{\"@id\":\"https:\\\/\\\/www.notibras.com\\\/site\\\/paula-surge-cria-gelo-e-trinca-o-copo-de-arruda\\\/#breadcrumb\"},\"inLanguage\":\"pt-BR\",\"potentialAction\":[{\"@type\":\"ReadAction\",\"target\":[\"https:\\\/\\\/www.notibras.com\\\/site\\\/paula-surge-cria-gelo-e-trinca-o-copo-de-arruda\\\/\"]}]},{\"@type\":\"ImageObject\",\"inLanguage\":\"pt-BR\",\"@id\":\"https:\\\/\\\/www.notibras.com\\\/site\\\/paula-surge-cria-gelo-e-trinca-o-copo-de-arruda\\\/#primaryimage\",\"url\":\"https:\\\/\\\/www.notibras.com\\\/site\\\/wp-content\\\/uploads\\\/2025\\\/12\\\/9da2bba0-8f1d-44b8-a9f6-6b7cfce1f10d.jpeg\",\"contentUrl\":\"https:\\\/\\\/www.notibras.com\\\/site\\\/wp-content\\\/uploads\\\/2025\\\/12\\\/9da2bba0-8f1d-44b8-a9f6-6b7cfce1f10d.jpeg\",\"width\":720,\"height\":1280},{\"@type\":\"BreadcrumbList\",\"@id\":\"https:\\\/\\\/www.notibras.com\\\/site\\\/paula-surge-cria-gelo-e-trinca-o-copo-de-arruda\\\/#breadcrumb\",\"itemListElement\":[{\"@type\":\"ListItem\",\"position\":1,\"name\":\"In\u00edcio\",\"item\":\"https:\\\/\\\/www.notibras.com\\\/site\\\/\"},{\"@type\":\"ListItem\",\"position\":2,\"name\":\"Paula surge, cria gelo e trinca o copo de Arruda\"}]},{\"@type\":\"WebSite\",\"@id\":\"https:\\\/\\\/www.notibras.com\\\/site\\\/#website\",\"url\":\"https:\\\/\\\/www.notibras.com\\\/site\\\/\",\"name\":\"Notibras\",\"description\":\"Not\u00edcias de Bras\u00edlia, do Brasil e do Mundo\",\"publisher\":{\"@id\":\"https:\\\/\\\/www.notibras.com\\\/site\\\/#organization\"},\"potentialAction\":[{\"@type\":\"SearchAction\",\"target\":{\"@type\":\"EntryPoint\",\"urlTemplate\":\"https:\\\/\\\/www.notibras.com\\\/site\\\/?s={search_term_string}\"},\"query-input\":{\"@type\":\"PropertyValueSpecification\",\"valueRequired\":true,\"valueName\":\"search_term_string\"}}],\"inLanguage\":\"pt-BR\"},{\"@type\":\"Organization\",\"@id\":\"https:\\\/\\\/www.notibras.com\\\/site\\\/#organization\",\"name\":\"Grupo Notibras de Comunica\u00e7\u00e3o\",\"url\":\"https:\\\/\\\/www.notibras.com\\\/site\\\/\",\"logo\":{\"@type\":\"ImageObject\",\"inLanguage\":\"pt-BR\",\"@id\":\"https:\\\/\\\/www.notibras.com\\\/site\\\/#\\\/schema\\\/logo\\\/image\\\/\",\"url\":\"https:\\\/\\\/www.notibras.com\\\/site\\\/wp-content\\\/uploads\\\/2023\\\/01\\\/notibras23.png\",\"contentUrl\":\"https:\\\/\\\/www.notibras.com\\\/site\\\/wp-content\\\/uploads\\\/2023\\\/01\\\/notibras23.png\",\"width\":350,\"height\":87,\"caption\":\"Grupo Notibras de Comunica\u00e7\u00e3o\"},\"image\":{\"@id\":\"https:\\\/\\\/www.notibras.com\\\/site\\\/#\\\/schema\\\/logo\\\/image\\\/\"},\"sameAs\":[\"https:\\\/\\\/www.facebook.com\\\/notibras\\\/\",\"https:\\\/\\\/x.com\\\/Notibras\",\"https:\\\/\\\/www.instagram.com\\\/notibras\\\/\"]},{\"@type\":\"Person\",\"@id\":\"https:\\\/\\\/www.notibras.com\\\/site\\\/#\\\/schema\\\/person\\\/36ab0979449956132d3e5b517ea76ac8\",\"name\":\"Reda\u00e7\u00e3o\",\"image\":{\"@type\":\"ImageObject\",\"inLanguage\":\"pt-BR\",\"@id\":\"https:\\\/\\\/secure.gravatar.com\\\/avatar\\\/e0a867bdedb85fd243eadf09663511f96fc81e0720a4a42581f334ad4303aa6b?s=96&d=mm&r=g\",\"url\":\"https:\\\/\\\/secure.gravatar.com\\\/avatar\\\/e0a867bdedb85fd243eadf09663511f96fc81e0720a4a42581f334ad4303aa6b?s=96&d=mm&r=g\",\"contentUrl\":\"https:\\\/\\\/secure.gravatar.com\\\/avatar\\\/e0a867bdedb85fd243eadf09663511f96fc81e0720a4a42581f334ad4303aa6b?s=96&d=mm&r=g\",\"caption\":\"Reda\u00e7\u00e3o\"}}]}<\/script>\n<!-- \/ Yoast SEO plugin. -->","yoast_head_json":{"title":"Paula surge, cria gelo e trinca o copo de Arruda - Notibras","robots":{"index":"index","follow":"follow","max-snippet":"max-snippet:-1","max-image-preview":"max-image-preview:large","max-video-preview":"max-video-preview:-1"},"canonical":"https:\/\/www.notibras.com\/site\/paula-surge-cria-gelo-e-trinca-o-copo-de-arruda\/","og_locale":"pt_BR","og_type":"article","og_title":"Paula surge, cria gelo e trinca o copo de Arruda - Notibras","og_description":"A pr\u00e9-candidatura de Paula Belmonte ao Governo do Distrito Federal caiu na cena pol\u00edtica como um copo de \u00e1gua gelada atirado no motor ainda morno da campanha de Jos\u00e9 Roberto Arruda. O que se viu na quinta, 4, n\u00e3o foi uma cerim\u00f4nia de an\u00fancio; foi estilha\u00e7o. At\u00e9 ent\u00e3o, a narrativa arrudista, cuidadosamente montada entre caf\u00e9s [&hellip;]","og_url":"https:\/\/www.notibras.com\/site\/paula-surge-cria-gelo-e-trinca-o-copo-de-arruda\/","og_site_name":"Notibras","article_publisher":"https:\/\/www.facebook.com\/notibras\/","article_published_time":"2025-12-05T18:36:06+00:00","article_modified_time":"2025-12-05T18:37:52+00:00","og_image":[{"width":720,"height":1280,"url":"https:\/\/www.notibras.com\/site\/wp-content\/uploads\/2025\/12\/9da2bba0-8f1d-44b8-a9f6-6b7cfce1f10d.jpeg","type":"image\/jpeg"}],"author":"Reda\u00e7\u00e3o","twitter_card":"summary_large_image","twitter_creator":"@Notibras","twitter_site":"@Notibras","twitter_misc":{"Escrito por":"Reda\u00e7\u00e3o","Est. tempo de leitura":"5 minutos"},"schema":{"@context":"https:\/\/schema.org","@graph":[{"@type":"Article","@id":"https:\/\/www.notibras.com\/site\/paula-surge-cria-gelo-e-trinca-o-copo-de-arruda\/#article","isPartOf":{"@id":"https:\/\/www.notibras.com\/site\/paula-surge-cria-gelo-e-trinca-o-copo-de-arruda\/"},"author":{"name":"Reda\u00e7\u00e3o","@id":"https:\/\/www.notibras.com\/site\/#\/schema\/person\/36ab0979449956132d3e5b517ea76ac8"},"headline":"Paula surge, cria gelo e trinca o copo de Arruda","datePublished":"2025-12-05T18:36:06+00:00","dateModified":"2025-12-05T18:37:52+00:00","mainEntityOfPage":{"@id":"https:\/\/www.notibras.com\/site\/paula-surge-cria-gelo-e-trinca-o-copo-de-arruda\/"},"wordCount":907,"publisher":{"@id":"https:\/\/www.notibras.com\/site\/#organization"},"image":{"@id":"https:\/\/www.notibras.com\/site\/paula-surge-cria-gelo-e-trinca-o-copo-de-arruda\/#primaryimage"},"thumbnailUrl":"https:\/\/www.notibras.com\/site\/wp-content\/uploads\/2025\/12\/9da2bba0-8f1d-44b8-a9f6-6b7cfce1f10d.jpeg","keywords":["capa"],"articleSection":["Quadradinho em Foco"],"inLanguage":"pt-BR"},{"@type":"WebPage","@id":"https:\/\/www.notibras.com\/site\/paula-surge-cria-gelo-e-trinca-o-copo-de-arruda\/","url":"https:\/\/www.notibras.com\/site\/paula-surge-cria-gelo-e-trinca-o-copo-de-arruda\/","name":"Paula surge, cria gelo e trinca o copo de Arruda - Notibras","isPartOf":{"@id":"https:\/\/www.notibras.com\/site\/#website"},"primaryImageOfPage":{"@id":"https:\/\/www.notibras.com\/site\/paula-surge-cria-gelo-e-trinca-o-copo-de-arruda\/#primaryimage"},"image":{"@id":"https:\/\/www.notibras.com\/site\/paula-surge-cria-gelo-e-trinca-o-copo-de-arruda\/#primaryimage"},"thumbnailUrl":"https:\/\/www.notibras.com\/site\/wp-content\/uploads\/2025\/12\/9da2bba0-8f1d-44b8-a9f6-6b7cfce1f10d.jpeg","datePublished":"2025-12-05T18:36:06+00:00","dateModified":"2025-12-05T18:37:52+00:00","breadcrumb":{"@id":"https:\/\/www.notibras.com\/site\/paula-surge-cria-gelo-e-trinca-o-copo-de-arruda\/#breadcrumb"},"inLanguage":"pt-BR","potentialAction":[{"@type":"ReadAction","target":["https:\/\/www.notibras.com\/site\/paula-surge-cria-gelo-e-trinca-o-copo-de-arruda\/"]}]},{"@type":"ImageObject","inLanguage":"pt-BR","@id":"https:\/\/www.notibras.com\/site\/paula-surge-cria-gelo-e-trinca-o-copo-de-arruda\/#primaryimage","url":"https:\/\/www.notibras.com\/site\/wp-content\/uploads\/2025\/12\/9da2bba0-8f1d-44b8-a9f6-6b7cfce1f10d.jpeg","contentUrl":"https:\/\/www.notibras.com\/site\/wp-content\/uploads\/2025\/12\/9da2bba0-8f1d-44b8-a9f6-6b7cfce1f10d.jpeg","width":720,"height":1280},{"@type":"BreadcrumbList","@id":"https:\/\/www.notibras.com\/site\/paula-surge-cria-gelo-e-trinca-o-copo-de-arruda\/#breadcrumb","itemListElement":[{"@type":"ListItem","position":1,"name":"In\u00edcio","item":"https:\/\/www.notibras.com\/site\/"},{"@type":"ListItem","position":2,"name":"Paula surge, cria gelo e trinca o copo de Arruda"}]},{"@type":"WebSite","@id":"https:\/\/www.notibras.com\/site\/#website","url":"https:\/\/www.notibras.com\/site\/","name":"Notibras","description":"Not\u00edcias de Bras\u00edlia, do Brasil e do Mundo","publisher":{"@id":"https:\/\/www.notibras.com\/site\/#organization"},"potentialAction":[{"@type":"SearchAction","target":{"@type":"EntryPoint","urlTemplate":"https:\/\/www.notibras.com\/site\/?s={search_term_string}"},"query-input":{"@type":"PropertyValueSpecification","valueRequired":true,"valueName":"search_term_string"}}],"inLanguage":"pt-BR"},{"@type":"Organization","@id":"https:\/\/www.notibras.com\/site\/#organization","name":"Grupo Notibras de Comunica\u00e7\u00e3o","url":"https:\/\/www.notibras.com\/site\/","logo":{"@type":"ImageObject","inLanguage":"pt-BR","@id":"https:\/\/www.notibras.com\/site\/#\/schema\/logo\/image\/","url":"https:\/\/www.notibras.com\/site\/wp-content\/uploads\/2023\/01\/notibras23.png","contentUrl":"https:\/\/www.notibras.com\/site\/wp-content\/uploads\/2023\/01\/notibras23.png","width":350,"height":87,"caption":"Grupo Notibras de Comunica\u00e7\u00e3o"},"image":{"@id":"https:\/\/www.notibras.com\/site\/#\/schema\/logo\/image\/"},"sameAs":["https:\/\/www.facebook.com\/notibras\/","https:\/\/x.com\/Notibras","https:\/\/www.instagram.com\/notibras\/"]},{"@type":"Person","@id":"https:\/\/www.notibras.com\/site\/#\/schema\/person\/36ab0979449956132d3e5b517ea76ac8","name":"Reda\u00e7\u00e3o","image":{"@type":"ImageObject","inLanguage":"pt-BR","@id":"https:\/\/secure.gravatar.com\/avatar\/e0a867bdedb85fd243eadf09663511f96fc81e0720a4a42581f334ad4303aa6b?s=96&d=mm&r=g","url":"https:\/\/secure.gravatar.com\/avatar\/e0a867bdedb85fd243eadf09663511f96fc81e0720a4a42581f334ad4303aa6b?s=96&d=mm&r=g","contentUrl":"https:\/\/secure.gravatar.com\/avatar\/e0a867bdedb85fd243eadf09663511f96fc81e0720a4a42581f334ad4303aa6b?s=96&d=mm&r=g","caption":"Reda\u00e7\u00e3o"}}]}},"amp_enabled":true,"_links":{"self":[{"href":"https:\/\/www.notibras.com\/site\/wp-json\/wp\/v2\/posts\/373696","targetHints":{"allow":["GET"]}}],"collection":[{"href":"https:\/\/www.notibras.com\/site\/wp-json\/wp\/v2\/posts"}],"about":[{"href":"https:\/\/www.notibras.com\/site\/wp-json\/wp\/v2\/types\/post"}],"author":[{"embeddable":true,"href":"https:\/\/www.notibras.com\/site\/wp-json\/wp\/v2\/users\/2"}],"replies":[{"embeddable":true,"href":"https:\/\/www.notibras.com\/site\/wp-json\/wp\/v2\/comments?post=373696"}],"version-history":[{"count":2,"href":"https:\/\/www.notibras.com\/site\/wp-json\/wp\/v2\/posts\/373696\/revisions"}],"predecessor-version":[{"id":373699,"href":"https:\/\/www.notibras.com\/site\/wp-json\/wp\/v2\/posts\/373696\/revisions\/373699"}],"wp:featuredmedia":[{"embeddable":true,"href":"https:\/\/www.notibras.com\/site\/wp-json\/wp\/v2\/media\/373697"}],"wp:attachment":[{"href":"https:\/\/www.notibras.com\/site\/wp-json\/wp\/v2\/media?parent=373696"}],"wp:term":[{"taxonomy":"category","embeddable":true,"href":"https:\/\/www.notibras.com\/site\/wp-json\/wp\/v2\/categories?post=373696"},{"taxonomy":"post_tag","embeddable":true,"href":"https:\/\/www.notibras.com\/site\/wp-json\/wp\/v2\/tags?post=373696"}],"curies":[{"name":"wp","href":"https:\/\/api.w.org\/{rel}","templated":true}]}}