{"id":373701,"date":"2025-12-06T00:15:33","date_gmt":"2025-12-06T03:15:33","guid":{"rendered":"https:\/\/www.notibras.com\/site\/?p=373701"},"modified":"2025-12-05T18:55:45","modified_gmt":"2025-12-05T21:55:45","slug":"se-voce-foi-premiado-fique-atento-a-indicacao-dos-dados-bancarios","status":"publish","type":"post","link":"https:\/\/www.notibras.com\/site\/se-voce-foi-premiado-fique-atento-a-indicacao-dos-dados-bancarios\/","title":{"rendered":"Se voc\u00ea foi premiado, fique atento \u00e0 indica\u00e7\u00e3o dos dados banc\u00e1rios"},"content":{"rendered":"<p>Voc\u00ea sabe se foi premiado no segundo sorteio do Nota Legal, do GDF? Se n\u00e3o, visite o portal do programa, insira os dados cadastrados e confira. Em seguida, indique seus dados banc\u00e1rios para receber o pr\u00eamio. Para saber se voc\u00ea foi premiado, basta entrar no site do Nota Legal, acessar a \u00e1rea restrita com seus dados cadastrados. Uma tela ser\u00e1 aberta e automaticamente informar\u00e1 se voc\u00ea foi um dos sortudos. Caso positivo, \u00e9 necess\u00e1rio entrar na aba sorteio e indicar sua conta banc\u00e1ria.<\/p>\n<p>At\u00e9 o momento, dois ganhadores de R$ 50 mil, sete de R$ 10 mil, 12 de R$ 5 mil, 17 de R$ 1 mil, 221 de R$ 200 e 5.862 de R$ 100 ainda n\u00e3o se apresentaram \u00e0 Secretaria de Economia (Seec-DF) para requisitar seus valores em dinheiro. No total, foram 12,6 mil bilhetes premiados \u2014 sendo um deles de R$ 1 milh\u00e3o.<\/p>\n<p>A data de fechamento do primeiro lote vai at\u00e9 s\u00e1bado (6). Quem fizer a indica\u00e7\u00e3o de conta banc\u00e1ria entre domingo (7) e 14 de janeiro de 2026 receber\u00e1 no segundo lote; entre 15 de janeiro e 17 de fevereiro, no terceiro lote. O prazo m\u00e9dio para pagamento \u00e9 de at\u00e9 45 dias ap\u00f3s o fechamento do lote.<\/p>\n<p>A Secretaria de Economia est\u00e1 enviando e-mail para todos os ganhadores \u2014 da\u00ed a import\u00e2ncia de manter atualizados os dados cadastrais. \u201cMas \u00e9 importante, sempre, mesmo recebendo essa comunica\u00e7\u00e3o, entrar no site e verificar as informa\u00e7\u00f5es\u201d, ressalta Giovanna Botelho, coordenadora do Nota Legal.<\/p>\n","protected":false},"excerpt":{"rendered":"<p>Voc\u00ea sabe se foi premiado no segundo sorteio do Nota Legal, do GDF? Se n\u00e3o, visite o portal do programa, insira os dados cadastrados e confira. Em seguida, indique seus dados banc\u00e1rios para receber o pr\u00eamio. Para saber se voc\u00ea foi premiado, basta entrar no site do Nota Legal, acessar a \u00e1rea restrita com seus [&hellip;]<\/p>\n","protected":false},"author":21,"featured_media":373702,"comment_status":"closed","ping_status":"closed","sticky":false,"template":"","format":"standard","meta":{"_acf_changed":false,"footnotes":""},"categories":[161],"tags":[],"class_list":["post-373701","post","type-post","status-publish","format-standard","has-post-thumbnail","hentry","category-quadradinho-em-foco"],"acf":[],"_links":{"self":[{"href":"https:\/\/www.notibras.com\/site\/wp-json\/wp\/v2\/posts\/373701","targetHints":{"allow":["GET"]}}],"collection":[{"href":"https:\/\/www.notibras.com\/site\/wp-json\/wp\/v2\/posts"}],"about":[{"href":"https:\/\/www.notibras.com\/site\/wp-json\/wp\/v2\/types\/post"}],"author":[{"embeddable":true,"href":"https:\/\/www.notibras.com\/site\/wp-json\/wp\/v2\/users\/21"}],"replies":[{"embeddable":true,"href":"https:\/\/www.notibras.com\/site\/wp-json\/wp\/v2\/comments?post=373701"}],"version-history":[{"count":2,"href":"https:\/\/www.notibras.com\/site\/wp-json\/wp\/v2\/posts\/373701\/revisions"}],"predecessor-version":[{"id":373704,"href":"https:\/\/www.notibras.com\/site\/wp-json\/wp\/v2\/posts\/373701\/revisions\/373704"}],"wp:featuredmedia":[{"embeddable":true,"href":"https:\/\/www.notibras.com\/site\/wp-json\/wp\/v2\/media\/373702"}],"wp:attachment":[{"href":"https:\/\/www.notibras.com\/site\/wp-json\/wp\/v2\/media?parent=373701"}],"wp:term":[{"taxonomy":"category","embeddable":true,"href":"https:\/\/www.notibras.com\/site\/wp-json\/wp\/v2\/categories?post=373701"},{"taxonomy":"post_tag","embeddable":true,"href":"https:\/\/www.notibras.com\/site\/wp-json\/wp\/v2\/tags?post=373701"}],"curies":[{"name":"wp","href":"https:\/\/api.w.org\/{rel}","templated":true}]}}