{"id":373705,"date":"2025-12-06T00:30:34","date_gmt":"2025-12-06T03:30:34","guid":{"rendered":"https:\/\/www.notibras.com\/site\/?p=373705"},"modified":"2025-12-05T19:38:48","modified_gmt":"2025-12-05T22:38:48","slug":"transformacao-do-setor-comercial-sul-em-polo-criativo-e-tecnologico","status":"publish","type":"post","link":"https:\/\/www.notibras.com\/site\/transformacao-do-setor-comercial-sul-em-polo-criativo-e-tecnologico\/","title":{"rendered":"Transforma\u00e7\u00e3o do Setor Comercial Sul em polo criativo e tecnol\u00f3gico"},"content":{"rendered":"<p>A Universidade Cat\u00f3lica de Bras\u00edlia (UCB) apresentou, na quarta-feira (3), o relat\u00f3rio da primeira fase do estudo Diagn\u00f3stico do Setor Comercial Sul (SCS), que integra a\u00e7\u00f5es assistidas pela Funda\u00e7\u00e3o de Apoio \u00e0 Pesquisa do Distrito Federal (FAPDF), em parceria com a Secretaria de Ci\u00eancia, Tecnologia e Inova\u00e7\u00e3o (Secti-DF) no \u00e2mbito do programa Desafio DF (2023), que fomenta pesquisas aplicadas voltadas ao desenvolvimento urbano sustent\u00e1vel e ao fortalecimento da economia criativa da regi\u00e3o.<\/p>\n<p>Localizado no centro de Bras\u00edlia, o Setor Comercial Sul \u00e9 um dos polos empresariais mais tradicionais da cidade e, ao longo das \u00faltimas d\u00e9cadas, passou a enfrentar desafios como esvaziamento, inseguran\u00e7a, fragmenta\u00e7\u00e3o das atividades econ\u00f4micas e aumento de espa\u00e7os ociosos. Esses fatores motivaram a elabora\u00e7\u00e3o de estudos e projetos voltados ao fortalecimento da economia criativa \u2014 contexto no qual se insere o diagn\u00f3stico.<\/p>\n<p>\u201cO Setor Comercial Sul tem potencial para se consolidar como um dos grandes polos criativos e tecnol\u00f3gicos do pa\u00eds, e este diagn\u00f3stico \u00e9 a base s\u00f3lida que orienta essa transforma\u00e7\u00e3o\u201d, afirmou o secret\u00e1rio de Ci\u00eancia,Tecnologia e Inova\u00e7\u00e3o do DF, Rafael Vitorino, durante a apresenta\u00e7\u00e3o do estudo.<\/p>\n<p>\u201cEstamos celebrando a continuidade de um sonho para o Setor Comercial Sul\u201d, resumiu a assessora especial da FAPDF, Ana Paula Arag\u00e3o. \u201cRevitalizar este territ\u00f3rio \u00e9 reavivar um cora\u00e7\u00e3o da nossa hist\u00f3ria e reconectar pessoas, neg\u00f3cios e ideias. A verdadeira inova\u00e7\u00e3o n\u00e3o acontece apenas em laborat\u00f3rios; ela nasce tamb\u00e9m nas ruas, nos pequenos neg\u00f3cios e nas ideias que precisam de espa\u00e7o para florescer. E o Setor Comercial Sul ser\u00e1 esse espa\u00e7o.\u201d<\/p>\n<p>A prefeita do SCS, Niki Tzemos, enfatizou o impacto do diagn\u00f3stico para o futuro do local: \u201cO que estamos construindo aqui juntos \u00e9 uma nova din\u00e2mica para o Setor Comercial Sul e para a cidade, com mais vida, mais empresas e mais oportunidades\u201d. Ela citou o exemplo do Porto Digital de Recife (PE), refor\u00e7ando que o polo brasiliense tamb\u00e9m pode se consolidar como refer\u00eancia nacional em inova\u00e7\u00e3o.<\/p>\n<p><strong>Metodologia<\/strong><\/p>\n<p>O diagn\u00f3stico foi desenvolvido por uma equipe interdisciplinar com mais de 30 pesquisadores da UCB, sob coordena\u00e7\u00e3o do professor Alexandre Kieling, do Programa de P\u00f3s-Gradua\u00e7\u00e3o em Inova\u00e7\u00e3o em Comunica\u00e7\u00e3o e Economia Criativa. A an\u00e1lise combinou m\u00e9todos qualitativos e quantitativos, como cartografia social, entrevistas, observa\u00e7\u00e3o de campo e levantamento socioecon\u00f4mico e cultural.<\/p>\n<p>\u201cA vitalidade de um territ\u00f3rio como o SCS n\u00e3o se explica apenas por n\u00fameros\u201d, pontuou o professor Alexandre Kieling, do Programa de P\u00f3s-Gradua\u00e7\u00e3o em Inova\u00e7\u00e3o em Comunica\u00e7\u00e3o e Economia Criativa da UCB. \u201cEla emerge das rela\u00e7\u00f5es sociais, dos fluxos urbanos, das pr\u00e1ticas culturais e das maneiras como as pessoas produzem e habitam o espa\u00e7o.\u201d<\/p>\n<p>Durante o evento, pesquisadores do Parque de Inova\u00e7\u00e3o e Sustentabilidade do Ambiente Constru\u00eddo (Pisac) da UnB apresentaram uma demonstra\u00e7\u00e3o imersiva com maquete f\u00edsica em realidade virtual, permitindo ao p\u00fablico visualizar cen\u00e1rios poss\u00edveis para o futuro da regi\u00e3o.<\/p>\n<p><strong>O projeto<\/strong><\/p>\n<p>O Polo Criativo Tecnol\u00f3gico do Setor Comercial Sul nasce como uma iniciativa estrat\u00e9gica voltada \u00e0 transforma\u00e7\u00e3o de um dos territ\u00f3rios mais emblem\u00e1ticos da cidade em um espa\u00e7o vibrante de inova\u00e7\u00e3o, cultura, tecnologia e economia criativa.<\/p>\n<p>O projeto busca requalificar o territ\u00f3rio, fortalecer a vitalidade urbana e estimular a atra\u00e7\u00e3o de neg\u00f3cios inovadores, conectando governo, universidades, setor produtivo e comunidade. A proposta pretende promover inclus\u00e3o, criatividade, mobilidade, cultura e desenvolvimento econ\u00f4mico sustent\u00e1vel, reafirmando a voca\u00e7\u00e3o do SCS para se tornar refer\u00eancia nacional.<\/p>\n<p>A primeira fase \u2014 agora conclu\u00edda \u2014 consistiu na produ\u00e7\u00e3o de um diagn\u00f3stico aprofundado do territ\u00f3rio. Foram mapeados cerca de 5 mil empreendimentos e mais de 500 empres\u00e1rios foram ouvidos, permitindo compreender de forma abrangente a realidade urbana, econ\u00f4mica e cultural da regi\u00e3o. O estudo envolveu cartografia social, observa\u00e7\u00e3o de campo, entrevistas e levantamento socioecon\u00f4mico, al\u00e9m de articula\u00e7\u00f5es com institui\u00e7\u00f5es como Sesc, Senac, Sebrae, Fibra, Fecom\u00e9rcio e entidades locais.<\/p>\n<p><strong>Pr\u00f3ximos passos<\/strong><\/p>\n<p>Com a conclus\u00e3o do diagn\u00f3stico, o projeto segue para a fase de planejamento estrat\u00e9gico e desenvolvimento do zoneamento urban\u00edstico do futuro Polo Criativo Tecnol\u00f3gico. A etapa ser\u00e1 conduzida de forma integrada entre UCB, UnB, Secti-DF, FAPDF, setor produtivo e sociedade civil, com o objetivo de estruturar um modelo replic\u00e1vel de governan\u00e7a participativa e orientar a\u00e7\u00f5es de ocupa\u00e7\u00e3o, mobilidade, cultura, inova\u00e7\u00e3o e economia criativa.<\/p>\n<p>Veja, abaixo, as etapas do projeto<\/p>\n<p><strong>Diagn\u00f3stico do territ\u00f3rio (conclu\u00eddo)<\/strong><\/p>\n<p>\u21d2 An\u00e1lise integrada das din\u00e2micas sociais, econ\u00f4micas, culturais e urban\u00edsticas do SCS<\/p>\n<p>Planejamento Estrat\u00e9gico (em andamento) \u2013 formula\u00e7\u00e3o das diretrizes que orientar\u00e3o o futuro do polo, incluindo governan\u00e7a, voca\u00e7\u00f5es, cultura, mobilidade e inova\u00e7\u00e3o.<\/p>\n<p><strong>Zoneamento do polo<\/strong><\/p>\n<p>\u21d2 Defini\u00e7\u00e3o dos usos, \u00e1reas priorit\u00e1rias, integra\u00e7\u00e3o entre espa\u00e7o p\u00fablico e iniciativa privada e diretrizes de ocupa\u00e7\u00e3o.<\/p>\n<p><strong>Implementa\u00e7\u00e3o e ativa\u00e7\u00e3o do territ\u00f3rio<\/strong><\/p>\n<p>\u21d2 Cria\u00e7\u00e3o de espa\u00e7os criativos, laborat\u00f3rios, centros culturais e est\u00edmulo a neg\u00f3cios inovadores e pol\u00edticas p\u00fablicas que sustentem a transforma\u00e7\u00e3o cont\u00ednua do SCS.<\/p>\n","protected":false},"excerpt":{"rendered":"<p>A Universidade Cat\u00f3lica de Bras\u00edlia (UCB) apresentou, na quarta-feira (3), o relat\u00f3rio da primeira fase do estudo Diagn\u00f3stico do Setor Comercial Sul (SCS), que integra a\u00e7\u00f5es assistidas pela Funda\u00e7\u00e3o de Apoio \u00e0 Pesquisa do Distrito Federal (FAPDF), em parceria com a Secretaria de Ci\u00eancia, Tecnologia e Inova\u00e7\u00e3o (Secti-DF) no \u00e2mbito do programa Desafio DF (2023), [&hellip;]<\/p>\n","protected":false},"author":21,"featured_media":373708,"comment_status":"closed","ping_status":"closed","sticky":false,"template":"","format":"standard","meta":{"_acf_changed":false,"footnotes":""},"categories":[161],"tags":[],"class_list":["post-373705","post","type-post","status-publish","format-standard","has-post-thumbnail","hentry","category-quadradinho-em-foco"],"acf":[],"_links":{"self":[{"href":"https:\/\/www.notibras.com\/site\/wp-json\/wp\/v2\/posts\/373705","targetHints":{"allow":["GET"]}}],"collection":[{"href":"https:\/\/www.notibras.com\/site\/wp-json\/wp\/v2\/posts"}],"about":[{"href":"https:\/\/www.notibras.com\/site\/wp-json\/wp\/v2\/types\/post"}],"author":[{"embeddable":true,"href":"https:\/\/www.notibras.com\/site\/wp-json\/wp\/v2\/users\/21"}],"replies":[{"embeddable":true,"href":"https:\/\/www.notibras.com\/site\/wp-json\/wp\/v2\/comments?post=373705"}],"version-history":[{"count":5,"href":"https:\/\/www.notibras.com\/site\/wp-json\/wp\/v2\/posts\/373705\/revisions"}],"predecessor-version":[{"id":373711,"href":"https:\/\/www.notibras.com\/site\/wp-json\/wp\/v2\/posts\/373705\/revisions\/373711"}],"wp:featuredmedia":[{"embeddable":true,"href":"https:\/\/www.notibras.com\/site\/wp-json\/wp\/v2\/media\/373708"}],"wp:attachment":[{"href":"https:\/\/www.notibras.com\/site\/wp-json\/wp\/v2\/media?parent=373705"}],"wp:term":[{"taxonomy":"category","embeddable":true,"href":"https:\/\/www.notibras.com\/site\/wp-json\/wp\/v2\/categories?post=373705"},{"taxonomy":"post_tag","embeddable":true,"href":"https:\/\/www.notibras.com\/site\/wp-json\/wp\/v2\/tags?post=373705"}],"curies":[{"name":"wp","href":"https:\/\/api.w.org\/{rel}","templated":true}]}}