{"id":373712,"date":"2025-12-06T00:45:42","date_gmt":"2025-12-06T03:45:42","guid":{"rendered":"https:\/\/www.notibras.com\/site\/?p=373712"},"modified":"2025-12-05T21:36:54","modified_gmt":"2025-12-06T00:36:54","slug":"pavimentacao-da-df-285-impulsiona-producao-no-pad-df","status":"publish","type":"post","link":"https:\/\/www.notibras.com\/site\/pavimentacao-da-df-285-impulsiona-producao-no-pad-df\/","title":{"rendered":"Pavimenta\u00e7\u00e3o da DF-285 impulsiona produ\u00e7\u00e3o no PAD-DF"},"content":{"rendered":"<p>A pavimenta\u00e7\u00e3o da DF-285, no Parano\u00e1, transformou o dia a dia dos produtores rurais do Programa de Assentamento Dirigido do Distrito Federal (PAD-DF). A estrada, antes tomada pela poeira, lama e pelas dificuldades de acesso, agora garante mais seguran\u00e7a, rapidez e tranquilidade para quem vive do trabalho no campo. Executada pelo Departamento de Estradas de Rodagem (DER-DF), com investimento de R$ 20,6 milh\u00f5es, o trecho recebeu duas faixas de rolamento ao longo de 13,5 quil\u00f4metros.<\/p>\n<p>A obra representou uma transforma\u00e7\u00e3o importante para a comunidade, segundo o produtor rural Luiz \u00c2ngelo Cappellesso. Ele conta que a fam\u00edlia sempre viveu e trabalhou no campo, sendo pioneira na regi\u00e3o do PAD-DF, no Jardim 2, onde cultivam gr\u00e3os, criam gado e operam h\u00e1 muitos anos com irriga\u00e7\u00e3o por piv\u00f4 central.<\/p>\n<p>Para ele, a obra foi a realiza\u00e7\u00e3o de um sonho, e destaca que, ap\u00f3s o asfalto, tudo ficou mais f\u00e1cil: o recebimento de insumos; a chegada de servi\u00e7os p\u00fablicos; a mobilidade de professores e profissionais de sa\u00fade; e, principalmente, a escoamento da produ\u00e7\u00e3o. Ele refor\u00e7a que as mudan\u00e7as n\u00e3o impactaram apenas quem produz, mas toda a popula\u00e7\u00e3o local. As crian\u00e7as passam a ir limpas para a escola, o transporte chega com mais facilidade e a qualidade de vida melhora de forma geral.<\/p>\n<p>Com 45 anos de hist\u00f3ria na regi\u00e3o, o produtor lembra que o PAD-DF abriga uma diversidade produtiva robusta: gr\u00e3os, bovinos, frangos, su\u00ednos e um hortifr\u00fati forte, que chega a enviar cerca de quatro caminh\u00f5es por feira para a Central de Abastecimento do Distrito Federal (Ceasa-DF). \u201cUm caminh\u00e3o que sai daqui para o Ceasa precisa levar a verdura limpa e fresca; ela n\u00e3o pode chegar amassada por causa de estrada ruim. Por isso, o asfalto n\u00e3o \u00e9 luxo para ningu\u00e9m, \u00e9 um benef\u00edcio para todos, em qualquer situa\u00e7\u00e3o\u201d, afirma Cappellesso.<\/p>\n<p>Para o comerciante Valdir Mangoni, que vive e trabalha na regi\u00e3o h\u00e1 40 anos, a pavimenta\u00e7\u00e3o da DF-285 trouxe mudan\u00e7as profundas, especialmente na \u00e1rea da seguran\u00e7a e na rotina do com\u00e9rcio local. Ele conta que, antes do asfalto, havia muita dificuldade at\u00e9 para receber mercadorias, porque as empresas n\u00e3o entregavam no local. \u201cHoje n\u00f3s temos toda a rede de empresas fazendo entrega aqui, at\u00e9 o frigor\u00edfico que traz carne para n\u00f3s. Foi muito bom esse asfalto chegar at\u00e9 aqui, porque o sofrimento era muito forte\u201d, relata.<\/p>\n<p>Emocionado ao lembrar da trajet\u00f3ria, Valdir explica que a emo\u00e7\u00e3o vem da hist\u00f3ria vivida na regi\u00e3o e das dificuldades enfrentadas. \u201cHouve um per\u00edodo em que come\u00e7amos a trabalhar por conta pr\u00f3pria, e a\u00ed vieram as dificuldades. Eu tinha que ir at\u00e9 a cidade comprar mercadoria, era uma correria danada. N\u00e3o t\u00ednhamos funcion\u00e1rios, n\u00e3o t\u00ednhamos nada.\u201d<\/p>\n<p>Com o tempo, por\u00e9m, ele conseguiu estruturar o com\u00e9rcio e criar os filhos ali, e garantiu faculdade para cada um deles. Hoje, comemora o avan\u00e7o da pavimenta\u00e7\u00e3o, que segue em dire\u00e7\u00e3o \u00e0 divisa com Minas Gerais, e diz que a obra trouxe n\u00e3o apenas mais qualidade de vida, mas tamb\u00e9m alegria. \u201cGra\u00e7as a Deus, agora est\u00e1 tudo resolvido. \u00c9 gratificante. E vamos esperando melhorias, quanto mais, melhor\u201d, ressalta.<\/p>\n<p>Al\u00e9m de melhorar a trafegabilidade para mais de 5 mil condutores de ve\u00edculos que utilizam a DF-285, a obra beneficiou diretamente produtores do N\u00facleo Rural Jardim II e das cidades mineiras de Una\u00ed, Cabeceira Grande, Buriti de Minas e Palmital, que tamb\u00e9m utilizam a via para escoar a produ\u00e7\u00e3o agr\u00edcola.<\/p>\n<p>Para o administrador regional do Parano\u00e1, Hor\u00e1cio Duarte de Lima Neto, a pavimenta\u00e7\u00e3o da DF-285 \u00e9 muito importante para a regi\u00e3o. \u201cEssa via \u00e9 uma \u00e1rea forte na agricultura, e a melhoria da estrada facilita o escoamento da produ\u00e7\u00e3o, divide o tr\u00e2nsito de outras vias j\u00e1 pavimentadas e ajuda no dia a dia da popula\u00e7\u00e3o, garantindo mais seguran\u00e7a, mais economia e qualidade de vida para todos.\u201d<\/p>\n<p><strong>Amplia\u00e7\u00e3o<\/strong><\/p>\n<p>Em maio deste ano, o governador Ibaneis Rocha assinou a ordem de servi\u00e7o para o in\u00edcio das obras de pavimenta\u00e7\u00e3o asf\u00e1ltica da DF-285. O ato integrou o conjunto de compromissos do chefe do Executivo durante visita \u00e0 AgroBras\u00edlia. O projeto contempla a pavimenta\u00e7\u00e3o e outros servi\u00e7os ao longo de um trecho de 7,75 km de extens\u00e3o, compreendido entre a VC-461 e a divisa com Minas Gerais.<\/p>\n<p>O superintendente de obras do DER-DF, Cristiano Cavalcante, explica que a pavimenta\u00e7\u00e3o do trecho restante, do Jardim 2 at\u00e9 a divisa com Minas Gerais, na altura da ponte, j\u00e1 foi iniciada. Segundo ele, as chuvas recentes atrasaram um pouco o andamento, j\u00e1 que o per\u00edodo chuvoso dificulta a continuidade dos trabalhos, mas o servi\u00e7o segue em execu\u00e7\u00e3o. A previs\u00e3o \u00e9 que, no pr\u00f3ximo ano, o DER entregue a obra e conclua totalmente a pavimenta\u00e7\u00e3o da DF-285 at\u00e9 a fronteira com Minas Gerais.<\/p>\n<p>As obras incluem servi\u00e7os de terraplanagem, drenagem e pavimenta\u00e7\u00e3o, com investimentos de R$ 18,3 milh\u00f5es. Ao todo, cerca de 20 mil condutores ser\u00e3o beneficiados pelas interven\u00e7\u00f5es.<\/p>\n","protected":false},"excerpt":{"rendered":"<p>A pavimenta\u00e7\u00e3o da DF-285, no Parano\u00e1, transformou o dia a dia dos produtores rurais do Programa de Assentamento Dirigido do Distrito Federal (PAD-DF). A estrada, antes tomada pela poeira, lama e pelas dificuldades de acesso, agora garante mais seguran\u00e7a, rapidez e tranquilidade para quem vive do trabalho no campo. Executada pelo Departamento de Estradas de [&hellip;]<\/p>\n","protected":false},"author":21,"featured_media":373713,"comment_status":"closed","ping_status":"closed","sticky":false,"template":"","format":"standard","meta":{"_acf_changed":false,"footnotes":""},"categories":[161],"tags":[],"class_list":["post-373712","post","type-post","status-publish","format-standard","has-post-thumbnail","hentry","category-quadradinho-em-foco"],"acf":[],"_links":{"self":[{"href":"https:\/\/www.notibras.com\/site\/wp-json\/wp\/v2\/posts\/373712","targetHints":{"allow":["GET"]}}],"collection":[{"href":"https:\/\/www.notibras.com\/site\/wp-json\/wp\/v2\/posts"}],"about":[{"href":"https:\/\/www.notibras.com\/site\/wp-json\/wp\/v2\/types\/post"}],"author":[{"embeddable":true,"href":"https:\/\/www.notibras.com\/site\/wp-json\/wp\/v2\/users\/21"}],"replies":[{"embeddable":true,"href":"https:\/\/www.notibras.com\/site\/wp-json\/wp\/v2\/comments?post=373712"}],"version-history":[{"count":4,"href":"https:\/\/www.notibras.com\/site\/wp-json\/wp\/v2\/posts\/373712\/revisions"}],"predecessor-version":[{"id":373727,"href":"https:\/\/www.notibras.com\/site\/wp-json\/wp\/v2\/posts\/373712\/revisions\/373727"}],"wp:featuredmedia":[{"embeddable":true,"href":"https:\/\/www.notibras.com\/site\/wp-json\/wp\/v2\/media\/373713"}],"wp:attachment":[{"href":"https:\/\/www.notibras.com\/site\/wp-json\/wp\/v2\/media?parent=373712"}],"wp:term":[{"taxonomy":"category","embeddable":true,"href":"https:\/\/www.notibras.com\/site\/wp-json\/wp\/v2\/categories?post=373712"},{"taxonomy":"post_tag","embeddable":true,"href":"https:\/\/www.notibras.com\/site\/wp-json\/wp\/v2\/tags?post=373712"}],"curies":[{"name":"wp","href":"https:\/\/api.w.org\/{rel}","templated":true}]}}