{"id":373717,"date":"2025-12-06T01:00:01","date_gmt":"2025-12-06T04:00:01","guid":{"rendered":"https:\/\/www.notibras.com\/site\/?p=373717"},"modified":"2025-12-05T21:25:30","modified_gmt":"2025-12-06T00:25:30","slug":"projeto-do-cras-paranoa-e-destaque-em-evento-nacional-da-assistencia-social","status":"publish","type":"post","link":"https:\/\/www.notibras.com\/site\/projeto-do-cras-paranoa-e-destaque-em-evento-nacional-da-assistencia-social\/","title":{"rendered":"Projeto do Cras Parano\u00e1 \u00e9 destaque em evento nacional da assist\u00eancia social"},"content":{"rendered":"<p>O Centro de Refer\u00eancia de Assist\u00eancia Social (Cras) Parano\u00e1 teve projeto selecionado como refer\u00eancia para apresentar na 14\u00aa Confer\u00eancia Nacional de Assist\u00eancia Social, neste s\u00e1bado (6), no Centro de Conven\u00e7\u00f5es Ulysses Guimar\u00e3es. Trata-se do jogo &#8220;Tem Condi\u00e7\u00e3o?&#8221;, que busca informar as fam\u00edlias sobre o cumprimento das condicionalidades do programa Bolsa Fam\u00edlia, al\u00e9m de garantir acesso \u00e0s pol\u00edticas p\u00fablicas da Sa\u00fade, Educa\u00e7\u00e3o e Assist\u00eancia Social.<\/p>\n<p>Gerenciado pela Secretaria de Desenvolvimento Social (Sedes-DF), o Cras Parano\u00e1 desenvolve o jogo como oficina desde o ano passado com as fam\u00edlias do territ\u00f3rio que correm o risco de serem suspensas por n\u00e3o cumprirem as condicionalidades do Bolsa Fam\u00edlia, exig\u00eancia para manter o recebimento do benef\u00edcio. Entre essas condicionalidades, est\u00e3o a garantia de frequ\u00eancia escolar das crian\u00e7as e adolescentes, cumprimento do calend\u00e1rio de vacina\u00e7\u00e3o, acompanhamento do estado nutricional (peso e altura) das gestantes e manuten\u00e7\u00e3o dos dados do Cadastro \u00danico atualizados.<\/p>\n<p>A gerente do Cras Parano\u00e1, Irvana Teixeira, explica que o jogo se trata de uma din\u00e2mica com perguntas e respostas sobre as condicionalidades do programa. \u201cA cada dois meses, n\u00f3s recebemos uma listagem das fam\u00edlias que est\u00e3o nessa situa\u00e7\u00e3o e convidamos elas a participar do jogo. \u00c9 uma forma l\u00fadica para que essas fam\u00edlias conhe\u00e7am quais s\u00e3o essas condicionalidades e saibam a import\u00e2ncia de cumprir essas medidas\u201d, explica.<\/p>\n<p>Com os resultados, a equipe do Cras mostra para essas fam\u00edlias quais condicionalidades n\u00e3o est\u00e3o sendo cumpridas e orienta os benefici\u00e1rios sobre os caminhos para que eles cumpram as exig\u00eancias. \u201cEsse jogo, al\u00e9m de fazer com que as fam\u00edlias entendam porque precisam cumprir essas condicionalidades, ele tamb\u00e9m aponta para o Estado onde \u00e9 preciso ter aten\u00e7\u00e3o para garantir a efetividade da pol\u00edtica\u201d, complementa Irvana Teixeira.<\/p>\n<p>Para a secret\u00e1ria de Desenvolvimento Social, Ana Paula Marra, s\u00e3o iniciativas como as do Cras Parano\u00e1 que alcan\u00e7am a popula\u00e7\u00e3o com efetividade. \u201cMuitos dos desafios que o Estado geralmente tem est\u00e3o relacionados com a forma de acessar a pol\u00edtica p\u00fablica e de explicar isso ao cidad\u00e3o. Esse projeto contribui para o cumprimento das condicionalidades porque atinge a mente e tamb\u00e9m o cora\u00e7\u00e3o dessas pessoas. Ele informa sendo l\u00fadico e divertido. \u00c9 inovador&#8221;, enalteceu Ana Paula.<\/p>\n<p><strong>Confer\u00eancia<\/strong><\/p>\n<p>A Confer\u00eancia Nacional de Assist\u00eancia Social \u00e9 um espa\u00e7o estrat\u00e9gico de avalia\u00e7\u00e3o e proposi\u00e7\u00e3o de diretrizes para o Sistema \u00danico de Assist\u00eancia Social (Suas) e de fortalecimento da participa\u00e7\u00e3o social. Neste ano, o encontro tem como tema \u201c20 anos do SUAS: constru\u00e7\u00e3o, prote\u00e7\u00e3o social e resist\u00eancia\u201d. A expectativa \u00e9 de que mais de tr\u00eas mil pessoas de todo o pa\u00eds, entre gestores, trabalhadores, usu\u00e1rios e representantes da sociedade civil, participem da 14\u00aa Confer\u00eancia Nacional de Assist\u00eancia Social, que vai ocorrer entre os dias 6 e 9 de dezembro, no Centro de Conven\u00e7\u00f5es Ulysses Guimar\u00e3es.<\/p>\n","protected":false},"excerpt":{"rendered":"<p>O Centro de Refer\u00eancia de Assist\u00eancia Social (Cras) Parano\u00e1 teve projeto selecionado como refer\u00eancia para apresentar na 14\u00aa Confer\u00eancia Nacional de Assist\u00eancia Social, neste s\u00e1bado (6), no Centro de Conven\u00e7\u00f5es Ulysses Guimar\u00e3es. Trata-se do jogo &#8220;Tem Condi\u00e7\u00e3o?&#8221;, que busca informar as fam\u00edlias sobre o cumprimento das condicionalidades do programa Bolsa Fam\u00edlia, al\u00e9m de garantir acesso [&hellip;]<\/p>\n","protected":false},"author":21,"featured_media":373718,"comment_status":"closed","ping_status":"closed","sticky":false,"template":"","format":"standard","meta":{"_acf_changed":false,"footnotes":""},"categories":[161],"tags":[],"class_list":["post-373717","post","type-post","status-publish","format-standard","has-post-thumbnail","hentry","category-quadradinho-em-foco"],"acf":[],"_links":{"self":[{"href":"https:\/\/www.notibras.com\/site\/wp-json\/wp\/v2\/posts\/373717","targetHints":{"allow":["GET"]}}],"collection":[{"href":"https:\/\/www.notibras.com\/site\/wp-json\/wp\/v2\/posts"}],"about":[{"href":"https:\/\/www.notibras.com\/site\/wp-json\/wp\/v2\/types\/post"}],"author":[{"embeddable":true,"href":"https:\/\/www.notibras.com\/site\/wp-json\/wp\/v2\/users\/21"}],"replies":[{"embeddable":true,"href":"https:\/\/www.notibras.com\/site\/wp-json\/wp\/v2\/comments?post=373717"}],"version-history":[{"count":2,"href":"https:\/\/www.notibras.com\/site\/wp-json\/wp\/v2\/posts\/373717\/revisions"}],"predecessor-version":[{"id":373720,"href":"https:\/\/www.notibras.com\/site\/wp-json\/wp\/v2\/posts\/373717\/revisions\/373720"}],"wp:featuredmedia":[{"embeddable":true,"href":"https:\/\/www.notibras.com\/site\/wp-json\/wp\/v2\/media\/373718"}],"wp:attachment":[{"href":"https:\/\/www.notibras.com\/site\/wp-json\/wp\/v2\/media?parent=373717"}],"wp:term":[{"taxonomy":"category","embeddable":true,"href":"https:\/\/www.notibras.com\/site\/wp-json\/wp\/v2\/categories?post=373717"},{"taxonomy":"post_tag","embeddable":true,"href":"https:\/\/www.notibras.com\/site\/wp-json\/wp\/v2\/tags?post=373717"}],"curies":[{"name":"wp","href":"https:\/\/api.w.org\/{rel}","templated":true}]}}