{"id":373722,"date":"2025-12-06T01:15:31","date_gmt":"2025-12-06T04:15:31","guid":{"rendered":"https:\/\/www.notibras.com\/site\/?p=373722"},"modified":"2025-12-05T21:34:55","modified_gmt":"2025-12-06T00:34:55","slug":"ibaneis-e-primeira-dama-recepcionam-estudantes","status":"publish","type":"post","link":"https:\/\/www.notibras.com\/site\/ibaneis-e-primeira-dama-recepcionam-estudantes\/","title":{"rendered":"Ibaneis e primeira-dama recepcionam estudantes"},"content":{"rendered":"<p>O retorno dos estudantes ao Brasil marcou o encerramento da primeira edi\u00e7\u00e3o do Pontes para o Mundo, programa de interc\u00e2mbio internacional criado pelo Governo do Distrito Federal (GDF). Na chegada do \u00faltimo grupo ao Aeroporto Internacional de Bras\u00edlia, formado por 27 alunos e dois servidores da Secretaria de Educa\u00e7\u00e3o (SEEDF), o governador Ibaneis Rocha e a primeira-dama Mayara Noronha Rocha estiveram presentes para recepcionar os participantes ap\u00f3s cerca de 17 semanas de imers\u00e3o no Reino Unido.<\/p>\n<p>\u201cEu t\u00f4 aqui quase em l\u00e1grimas\u201d, admitiu Ibaneis Rocha. \u201cA emo\u00e7\u00e3o das fam\u00edlias e desses adolescentes \u00e9 uma coisa que nos inspira muito a continuar com programas importantes como esse, que d\u00e3o oportunidade desses adolescentes conhecerem o mundo e terem novas experi\u00eancias que v\u00e3o engrandec\u00ea-los para o resto das suas vidas\u201d, disse.<\/p>\n<p>Durante a recep\u00e7\u00e3o, o chefe do Executivo refor\u00e7ou a import\u00e2ncia da continuidade do programa nos pr\u00f3ximos anos. \u201cO fato da gente dar essa oportunidade \u00e9 muito bom. Ent\u00e3o \u00e9 pedir a Deus que aqueles que me seguirem no governo e me sucederem continuem com esse programa de imensa import\u00e2ncia\u201d. Para o pr\u00f3ximo ano, j\u00e1 est\u00e3o confirmadas 400 vagas e a expans\u00e3o para outros pa\u00edses. A ideia do GDF \u00e9 tamb\u00e9m transformar em um programa permanente.<\/p>\n<p>Idealizadora e madrinha do Pontes para o Mundo, a primeira-dama Mayara Noronha Rocha destacou a import\u00e2ncia estrat\u00e9gica do programa para o futuro dos estudantes. \u201cHoje em dia n\u00e3o \u00e9 mais luxo, \u00e9 uma necessidade preparar nossos estudantes para se relacionarem com profissionais do mundo. \u00c9 atrav\u00e9s desse tipo de programa que a gente vai conseguir expandir e sair do nosso quadradinho para o mundo afora e, ao mesmo tempo, trazer investimento, tecnologia e ensinamento do mundo para dentro do Distrito Federal. Eu tenho um super orgulho desse programa que veio para revolucionar\u201d, completou.<\/p>\n<p><strong>Recep\u00e7\u00e3o calorosa<\/strong><\/p>\n<p>A recep\u00e7\u00e3o celebrou o sucesso da iniciativa, que ofereceu viv\u00eancia internacional gratuita a jovens do Distrito Federal. Ao todo, 101 estudantes viajaram ao exterior nesta primeira edi\u00e7\u00e3o, passando por institui\u00e7\u00f5es de ensino de pa\u00edses de l\u00edngua inglesa \u2014 Inglaterra, Pa\u00eds de Gales, Esc\u00f3cia e Irlanda do Norte \u2014 onde tiveram contato direto com pr\u00e1ticas educacionais que fortalecem tanto a forma\u00e7\u00e3o acad\u00eamica quanto o dom\u00ednio do ingl\u00eas.<\/p>\n<p>O programa, idealizado para ir al\u00e9m das salas de aula, proporcionou aos participantes uma rotina diversificada, combinando aprendizado formal com atividades culturais, visitas t\u00e9cnicas e experi\u00eancias de conviv\u00eancia que estimulam a autonomia, a adapta\u00e7\u00e3o e a vis\u00e3o de mundo. Durante todo o per\u00edodo, os estudantes tamb\u00e9m contaram com suporte socioemocional e com cobertura completa de deslocamento, alimenta\u00e7\u00e3o e hospedagem.<\/p>\n<p>A secret\u00e1ria de Educa\u00e7\u00e3o, H\u00e9lvia Paranagu\u00e1, destacou a relev\u00e2ncia do programa para a vida dos estudantes. \u201cOs meninos que est\u00e3o desembarcando hoje n\u00e3o s\u00e3o os mesmo que embarcaram em setembro. Eles adquiriram autonomia, independ\u00eancia, autoestima elevada e profici\u00eancia na l\u00edngua inglesa, falando muito bem, fluentes e apaixonados pelo o que eles viram\u201d, afirmou. \u201cA gente quer que eles tenham essa perspectiva de ter outros espa\u00e7os para eles atuarem, trabalharem e viverem\u201d.<\/p>\n<p><strong>Transforma\u00e7\u00e3o de vida<\/strong><\/p>\n<p>A chegada do \u00faltimo grupo ao Brasil simboliza o in\u00edcio de uma nova jornada para os jovens que vivenciaram o interc\u00e2mbio. \u00c9 o que espera Felipe Berg, 16 anos, estudante CED 6 de Ceil\u00e2ndia e morador do P\u00f4r do Sol, que esteve em Chester, na Inglaterra.<\/p>\n<p>\u201c\u00c9 uma oportunidade \u00fanica para qualquer estudante do Distrito Federal. Essa experi\u00eancia j\u00e1 est\u00e1 mudando minha vida. Primeiramente, porque eu n\u00e3o tinha o ingl\u00eas como segunda l\u00edngua. Eu estudo russo. Mas esse interc\u00e2mbio foi um motivo para eu conseguir realmente aprender, falar e desenvolver o ingl\u00eas. Acho que essa experi\u00eancia vai abrir portas para bolsas em universidades internacionais\u201d, comemorou.<\/p>\n<p>A m\u00e3e de Felipe, a cabeleireira Ivonildes Botelho, 47, concordou que a experi\u00eancia transformou o filho. \u201cEsse projeto foi \u00fanico. Abriu asas para ele voar. Ele n\u00e3o \u00e9 mais a mesma pessoa. Ele amadureceu muito, muito mesmo. Ele est\u00e1 vindo transbordando em tudo\u201d, disse. \u201cEsse projeto foi um sonho realizado. Ele sempre sonhou em estudar fora do pa\u00eds, mas financeiramente eu n\u00e3o me via em condi\u00e7\u00e3o de mandar ele\u201d, completou. Sobre a sensa\u00e7\u00e3o de rever o filho, ela disse: \u201c\u00c9 muita ansiedade, mas tamb\u00e9m muita gratid\u00e3o. Essa vaga foi um presente de Deus. Foram dias muito dif\u00edceis. Eu senti falta dele em tudo\u201d.<\/p>\n<p>Para Hugo Gaudino, 17, estudante do CEM Elefante Branco, na Asa Sul, a viagem foi a realiza\u00e7\u00e3o de um sonho. Ele estudou em Warwickshire, na Inglaterra. \u201cMudou a minha vida inteira ir para Inglaterra. Foi uma experi\u00eancia muito boa. Fiquei muito feliz e ainda estou muito feliz e grato\u201d, comentou.<\/p>\n<p>Ele disse que pretende dar continuidade a experi\u00eancia internacional. \u201cEu pretendo cursar fora do Brasil teatro musical. Quero continuar trabalhando e, um dia, talvez, ajudar outras pessoas igual a mim, estudantes de escola p\u00fablica. Acho que levantar a voz \u00e9 uma das coisas que mais me motivam\u201d, acrescentou.<\/p>\n<p>A m\u00e3e de Hugo, a professora Giselda da Silva, 49, disse que preparou o filho a vida inteira para essa experi\u00eancia. \u201cEu treinei o Hugo para ser livre. Ent\u00e3o ele se divertiu muito, viveu experi\u00eancias novas e fez amizades com v\u00e1rios adolescentes internacionais da idade dele. E j\u00e1 est\u00e1 com planos de voltar. Eu, como m\u00e3e, quero que ele voe\u201d.<\/p>\n","protected":false},"excerpt":{"rendered":"<p>O retorno dos estudantes ao Brasil marcou o encerramento da primeira edi\u00e7\u00e3o do Pontes para o Mundo, programa de interc\u00e2mbio internacional criado pelo Governo do Distrito Federal (GDF). Na chegada do \u00faltimo grupo ao Aeroporto Internacional de Bras\u00edlia, formado por 27 alunos e dois servidores da Secretaria de Educa\u00e7\u00e3o (SEEDF), o governador Ibaneis Rocha e [&hellip;]<\/p>\n","protected":false},"author":21,"featured_media":373723,"comment_status":"closed","ping_status":"closed","sticky":false,"template":"","format":"standard","meta":{"_acf_changed":false,"footnotes":""},"categories":[161],"tags":[],"class_list":["post-373722","post","type-post","status-publish","format-standard","has-post-thumbnail","hentry","category-quadradinho-em-foco"],"acf":[],"_links":{"self":[{"href":"https:\/\/www.notibras.com\/site\/wp-json\/wp\/v2\/posts\/373722","targetHints":{"allow":["GET"]}}],"collection":[{"href":"https:\/\/www.notibras.com\/site\/wp-json\/wp\/v2\/posts"}],"about":[{"href":"https:\/\/www.notibras.com\/site\/wp-json\/wp\/v2\/types\/post"}],"author":[{"embeddable":true,"href":"https:\/\/www.notibras.com\/site\/wp-json\/wp\/v2\/users\/21"}],"replies":[{"embeddable":true,"href":"https:\/\/www.notibras.com\/site\/wp-json\/wp\/v2\/comments?post=373722"}],"version-history":[{"count":3,"href":"https:\/\/www.notibras.com\/site\/wp-json\/wp\/v2\/posts\/373722\/revisions"}],"predecessor-version":[{"id":373726,"href":"https:\/\/www.notibras.com\/site\/wp-json\/wp\/v2\/posts\/373722\/revisions\/373726"}],"wp:featuredmedia":[{"embeddable":true,"href":"https:\/\/www.notibras.com\/site\/wp-json\/wp\/v2\/media\/373723"}],"wp:attachment":[{"href":"https:\/\/www.notibras.com\/site\/wp-json\/wp\/v2\/media?parent=373722"}],"wp:term":[{"taxonomy":"category","embeddable":true,"href":"https:\/\/www.notibras.com\/site\/wp-json\/wp\/v2\/categories?post=373722"},{"taxonomy":"post_tag","embeddable":true,"href":"https:\/\/www.notibras.com\/site\/wp-json\/wp\/v2\/tags?post=373722"}],"curies":[{"name":"wp","href":"https:\/\/api.w.org\/{rel}","templated":true}]}}