{"id":373728,"date":"2025-12-06T02:15:38","date_gmt":"2025-12-06T05:15:38","guid":{"rendered":"https:\/\/www.notibras.com\/site\/?p=373728"},"modified":"2025-12-06T07:45:24","modified_gmt":"2025-12-06T10:45:24","slug":"sem-projeto-de-pais-mas-de-familia-direita-vive-dilema-da-rachadinha","status":"publish","type":"post","link":"https:\/\/www.notibras.com\/site\/sem-projeto-de-pais-mas-de-familia-direita-vive-dilema-da-rachadinha\/","title":{"rendered":"Sem projeto de pa\u00eds, mas de fam\u00edlia, direita vive dilema da rachadinha"},"content":{"rendered":"<p>Desde a condena\u00e7\u00e3o de Jair, muita gente tem repetido a mesma pergunta: quem ser\u00e1 o candidato da direita? Ontem, essa novela ganhou mais um cap\u00edtulo daqueles que n\u00e3o surpreendem ningu\u00e9m que acompanha a l\u00f3gica da fam\u00edlia Bolsonaro. Foi divulgada a informa\u00e7\u00e3o de que Jair teria dito a interlocutores que sua escolha \u00e9 o pr\u00f3prio filho Fl\u00e1vio, hoje senador.<\/p>\n<p>Se isso realmente se confirmar, estaremos diante de um cen\u00e1rio curioso: pela primeira vez em muitos anos, Fl\u00e1vio pode ficar sem mandato. N\u00e3o porque decidiu descansar ou fazer outra coisa da vida, mas porque as chances de vencer Lula s\u00e3o baixas. Jair sabe disso melhor do que ningu\u00e9m. Ainda assim, ele empurra o filho para um jogo quase perdido.<\/p>\n<p>E a\u00ed vem o ponto central: Jair n\u00e3o aceita, em hip\u00f3tese alguma, que sua fam\u00edlia saia da m\u00eddia, que desapare\u00e7a dos holofotes. Eles precisam estar sempre no centro da cena, mesmo que isso custe a pr\u00f3pria elei\u00e7\u00e3o. N\u00e3o h\u00e1 c\u00e1lculo pol\u00edtico, n\u00e3o h\u00e1 estrat\u00e9gia eleitoral, n\u00e3o h\u00e1 preocupa\u00e7\u00e3o com aliados. H\u00e1 apenas uma coisa: o projeto de poder familiar, quase heredit\u00e1rio, que Jair tenta manter vivo a qualquer custo.<\/p>\n<p>Tarc\u00edsio, claro, deve estar engolindo em seco. Depois de tanto esfor\u00e7o para se viabilizar como lideran\u00e7a nacional, v\u00ea o \u201cchefe\u201d reduzir tudo a um jogo dom\u00e9stico, uma sucess\u00e3o interna, como se a direita brasileira fosse apenas um n\u00facleo familiar ampliado. Mas Jair n\u00e3o est\u00e1 nem um pouco preocupado com isso. Para ele, n\u00e3o importa o que aconte\u00e7a com a direita, com o pa\u00eds ou com poss\u00edveis aliados.<\/p>\n<p>A \u00fanica preocupa\u00e7\u00e3o real de Jair \u00e9 garantir que o sobrenome Bolsonaro continue no centro da pol\u00edtica brasileira, mesmo que isso signifique levar os pr\u00f3prios filhos a disputas improv\u00e1veis, arriscadas e, muito provavelmente, perdidas. \u00c9 a velha hist\u00f3ria: n\u00e3o se trata de um projeto de pa\u00eds. Trata-se, \u00fanica e exclusivamente, de um projeto de fam\u00edlia.<\/p>\n","protected":false},"excerpt":{"rendered":"<p>Desde a condena\u00e7\u00e3o de Jair, muita gente tem repetido a mesma pergunta: quem ser\u00e1 o candidato da direita? Ontem, essa novela ganhou mais um cap\u00edtulo daqueles que n\u00e3o surpreendem ningu\u00e9m que acompanha a l\u00f3gica da fam\u00edlia Bolsonaro. Foi divulgada a informa\u00e7\u00e3o de que Jair teria dito a interlocutores que sua escolha \u00e9 o pr\u00f3prio filho [&hellip;]<\/p>\n","protected":false},"author":21,"featured_media":373729,"comment_status":"closed","ping_status":"closed","sticky":false,"template":"","format":"standard","meta":{"_acf_changed":false,"footnotes":""},"categories":[235],"tags":[95],"class_list":["post-373728","post","type-post","status-publish","format-standard","has-post-thumbnail","hentry","category-dona-irene","tag-capa"],"acf":[],"yoast_head":"<!-- This site is optimized with the Yoast SEO plugin v27.5 - https:\/\/yoast.com\/product\/yoast-seo-wordpress\/ -->\n<title>Sem projeto de pa\u00eds, mas de fam\u00edlia, direita vive dilema da rachadinha - Notibras<\/title>\n<meta name=\"robots\" content=\"index, follow, max-snippet:-1, max-image-preview:large, max-video-preview:-1\" \/>\n<link rel=\"canonical\" href=\"https:\/\/www.notibras.com\/site\/sem-projeto-de-pais-mas-de-familia-direita-vive-dilema-da-rachadinha\/\" \/>\n<meta property=\"og:locale\" content=\"pt_BR\" \/>\n<meta property=\"og:type\" content=\"article\" \/>\n<meta property=\"og:title\" content=\"Sem projeto de pa\u00eds, mas de fam\u00edlia, direita vive dilema da rachadinha - Notibras\" \/>\n<meta property=\"og:description\" content=\"Desde a condena\u00e7\u00e3o de Jair, muita gente tem repetido a mesma pergunta: quem ser\u00e1 o candidato da direita? Ontem, essa novela ganhou mais um cap\u00edtulo daqueles que n\u00e3o surpreendem ningu\u00e9m que acompanha a l\u00f3gica da fam\u00edlia Bolsonaro. Foi divulgada a informa\u00e7\u00e3o de que Jair teria dito a interlocutores que sua escolha \u00e9 o pr\u00f3prio filho [&hellip;]\" \/>\n<meta property=\"og:url\" content=\"https:\/\/www.notibras.com\/site\/sem-projeto-de-pais-mas-de-familia-direita-vive-dilema-da-rachadinha\/\" \/>\n<meta property=\"og:site_name\" content=\"Notibras\" \/>\n<meta property=\"article:publisher\" content=\"https:\/\/www.facebook.com\/notibras\/\" \/>\n<meta property=\"article:published_time\" content=\"2025-12-06T05:15:38+00:00\" \/>\n<meta property=\"article:modified_time\" content=\"2025-12-06T10:45:24+00:00\" \/>\n<meta property=\"og:image\" content=\"https:\/\/www.notibras.com\/site\/wp-content\/uploads\/2025\/12\/f960x540-164053_238128_5050.webp\" \/>\n\t<meta property=\"og:image:width\" content=\"960\" \/>\n\t<meta property=\"og:image:height\" content=\"540\" \/>\n\t<meta property=\"og:image:type\" content=\"image\/webp\" \/>\n<meta name=\"author\" content=\"Eduardo Mart\u00ednez\" \/>\n<meta name=\"twitter:card\" content=\"summary_large_image\" \/>\n<meta name=\"twitter:creator\" content=\"@Notibras\" \/>\n<meta name=\"twitter:site\" content=\"@Notibras\" \/>\n<meta name=\"twitter:label1\" content=\"Escrito por\" \/>\n\t<meta name=\"twitter:data1\" content=\"Eduardo Mart\u00ednez\" \/>\n\t<meta name=\"twitter:label2\" content=\"Est. tempo de leitura\" \/>\n\t<meta name=\"twitter:data2\" content=\"2 minutos\" \/>\n<script type=\"application\/ld+json\" class=\"yoast-schema-graph\">{\"@context\":\"https:\\\/\\\/schema.org\",\"@graph\":[{\"@type\":\"Article\",\"@id\":\"https:\\\/\\\/www.notibras.com\\\/site\\\/sem-projeto-de-pais-mas-de-familia-direita-vive-dilema-da-rachadinha\\\/#article\",\"isPartOf\":{\"@id\":\"https:\\\/\\\/www.notibras.com\\\/site\\\/sem-projeto-de-pais-mas-de-familia-direita-vive-dilema-da-rachadinha\\\/\"},\"author\":{\"name\":\"Eduardo Mart\u00ednez\",\"@id\":\"https:\\\/\\\/www.notibras.com\\\/site\\\/#\\\/schema\\\/person\\\/5b7fabf2aedc3ada2105f03b22b4d3dd\"},\"headline\":\"Sem projeto de pa\u00eds, mas de fam\u00edlia, direita vive dilema da rachadinha\",\"datePublished\":\"2025-12-06T05:15:38+00:00\",\"dateModified\":\"2025-12-06T10:45:24+00:00\",\"mainEntityOfPage\":{\"@id\":\"https:\\\/\\\/www.notibras.com\\\/site\\\/sem-projeto-de-pais-mas-de-familia-direita-vive-dilema-da-rachadinha\\\/\"},\"wordCount\":367,\"publisher\":{\"@id\":\"https:\\\/\\\/www.notibras.com\\\/site\\\/#organization\"},\"image\":{\"@id\":\"https:\\\/\\\/www.notibras.com\\\/site\\\/sem-projeto-de-pais-mas-de-familia-direita-vive-dilema-da-rachadinha\\\/#primaryimage\"},\"thumbnailUrl\":\"https:\\\/\\\/www.notibras.com\\\/site\\\/wp-content\\\/uploads\\\/2025\\\/12\\\/f960x540-164053_238128_5050.webp\",\"keywords\":[\"capa\"],\"articleSection\":[\"Dona Irene\"],\"inLanguage\":\"pt-BR\"},{\"@type\":\"WebPage\",\"@id\":\"https:\\\/\\\/www.notibras.com\\\/site\\\/sem-projeto-de-pais-mas-de-familia-direita-vive-dilema-da-rachadinha\\\/\",\"url\":\"https:\\\/\\\/www.notibras.com\\\/site\\\/sem-projeto-de-pais-mas-de-familia-direita-vive-dilema-da-rachadinha\\\/\",\"name\":\"Sem projeto de pa\u00eds, mas de fam\u00edlia, direita vive dilema da rachadinha - Notibras\",\"isPartOf\":{\"@id\":\"https:\\\/\\\/www.notibras.com\\\/site\\\/#website\"},\"primaryImageOfPage\":{\"@id\":\"https:\\\/\\\/www.notibras.com\\\/site\\\/sem-projeto-de-pais-mas-de-familia-direita-vive-dilema-da-rachadinha\\\/#primaryimage\"},\"image\":{\"@id\":\"https:\\\/\\\/www.notibras.com\\\/site\\\/sem-projeto-de-pais-mas-de-familia-direita-vive-dilema-da-rachadinha\\\/#primaryimage\"},\"thumbnailUrl\":\"https:\\\/\\\/www.notibras.com\\\/site\\\/wp-content\\\/uploads\\\/2025\\\/12\\\/f960x540-164053_238128_5050.webp\",\"datePublished\":\"2025-12-06T05:15:38+00:00\",\"dateModified\":\"2025-12-06T10:45:24+00:00\",\"breadcrumb\":{\"@id\":\"https:\\\/\\\/www.notibras.com\\\/site\\\/sem-projeto-de-pais-mas-de-familia-direita-vive-dilema-da-rachadinha\\\/#breadcrumb\"},\"inLanguage\":\"pt-BR\",\"potentialAction\":[{\"@type\":\"ReadAction\",\"target\":[\"https:\\\/\\\/www.notibras.com\\\/site\\\/sem-projeto-de-pais-mas-de-familia-direita-vive-dilema-da-rachadinha\\\/\"]}]},{\"@type\":\"ImageObject\",\"inLanguage\":\"pt-BR\",\"@id\":\"https:\\\/\\\/www.notibras.com\\\/site\\\/sem-projeto-de-pais-mas-de-familia-direita-vive-dilema-da-rachadinha\\\/#primaryimage\",\"url\":\"https:\\\/\\\/www.notibras.com\\\/site\\\/wp-content\\\/uploads\\\/2025\\\/12\\\/f960x540-164053_238128_5050.webp\",\"contentUrl\":\"https:\\\/\\\/www.notibras.com\\\/site\\\/wp-content\\\/uploads\\\/2025\\\/12\\\/f960x540-164053_238128_5050.webp\",\"width\":960,\"height\":540},{\"@type\":\"BreadcrumbList\",\"@id\":\"https:\\\/\\\/www.notibras.com\\\/site\\\/sem-projeto-de-pais-mas-de-familia-direita-vive-dilema-da-rachadinha\\\/#breadcrumb\",\"itemListElement\":[{\"@type\":\"ListItem\",\"position\":1,\"name\":\"In\u00edcio\",\"item\":\"https:\\\/\\\/www.notibras.com\\\/site\\\/\"},{\"@type\":\"ListItem\",\"position\":2,\"name\":\"Sem projeto de pa\u00eds, mas de fam\u00edlia, direita vive dilema da rachadinha\"}]},{\"@type\":\"WebSite\",\"@id\":\"https:\\\/\\\/www.notibras.com\\\/site\\\/#website\",\"url\":\"https:\\\/\\\/www.notibras.com\\\/site\\\/\",\"name\":\"Notibras\",\"description\":\"Not\u00edcias de Bras\u00edlia, do Brasil e do Mundo\",\"publisher\":{\"@id\":\"https:\\\/\\\/www.notibras.com\\\/site\\\/#organization\"},\"potentialAction\":[{\"@type\":\"SearchAction\",\"target\":{\"@type\":\"EntryPoint\",\"urlTemplate\":\"https:\\\/\\\/www.notibras.com\\\/site\\\/?s={search_term_string}\"},\"query-input\":{\"@type\":\"PropertyValueSpecification\",\"valueRequired\":true,\"valueName\":\"search_term_string\"}}],\"inLanguage\":\"pt-BR\"},{\"@type\":\"Organization\",\"@id\":\"https:\\\/\\\/www.notibras.com\\\/site\\\/#organization\",\"name\":\"Grupo Notibras de Comunica\u00e7\u00e3o\",\"url\":\"https:\\\/\\\/www.notibras.com\\\/site\\\/\",\"logo\":{\"@type\":\"ImageObject\",\"inLanguage\":\"pt-BR\",\"@id\":\"https:\\\/\\\/www.notibras.com\\\/site\\\/#\\\/schema\\\/logo\\\/image\\\/\",\"url\":\"https:\\\/\\\/www.notibras.com\\\/site\\\/wp-content\\\/uploads\\\/2023\\\/01\\\/notibras23.png\",\"contentUrl\":\"https:\\\/\\\/www.notibras.com\\\/site\\\/wp-content\\\/uploads\\\/2023\\\/01\\\/notibras23.png\",\"width\":350,\"height\":87,\"caption\":\"Grupo Notibras de Comunica\u00e7\u00e3o\"},\"image\":{\"@id\":\"https:\\\/\\\/www.notibras.com\\\/site\\\/#\\\/schema\\\/logo\\\/image\\\/\"},\"sameAs\":[\"https:\\\/\\\/www.facebook.com\\\/notibras\\\/\",\"https:\\\/\\\/x.com\\\/Notibras\",\"https:\\\/\\\/www.instagram.com\\\/notibras\\\/\"]},{\"@type\":\"Person\",\"@id\":\"https:\\\/\\\/www.notibras.com\\\/site\\\/#\\\/schema\\\/person\\\/5b7fabf2aedc3ada2105f03b22b4d3dd\",\"name\":\"Eduardo Mart\u00ednez\",\"image\":{\"@type\":\"ImageObject\",\"inLanguage\":\"pt-BR\",\"@id\":\"https:\\\/\\\/secure.gravatar.com\\\/avatar\\\/7902f906289926289cbcda644b5197c796b893c6ffd7b9a536a42d290f7704a0?s=96&d=mm&r=g\",\"url\":\"https:\\\/\\\/secure.gravatar.com\\\/avatar\\\/7902f906289926289cbcda644b5197c796b893c6ffd7b9a536a42d290f7704a0?s=96&d=mm&r=g\",\"contentUrl\":\"https:\\\/\\\/secure.gravatar.com\\\/avatar\\\/7902f906289926289cbcda644b5197c796b893c6ffd7b9a536a42d290f7704a0?s=96&d=mm&r=g\",\"caption\":\"Eduardo Mart\u00ednez\"}}]}<\/script>\n<!-- \/ Yoast SEO plugin. -->","yoast_head_json":{"title":"Sem projeto de pa\u00eds, mas de fam\u00edlia, direita vive dilema da rachadinha - Notibras","robots":{"index":"index","follow":"follow","max-snippet":"max-snippet:-1","max-image-preview":"max-image-preview:large","max-video-preview":"max-video-preview:-1"},"canonical":"https:\/\/www.notibras.com\/site\/sem-projeto-de-pais-mas-de-familia-direita-vive-dilema-da-rachadinha\/","og_locale":"pt_BR","og_type":"article","og_title":"Sem projeto de pa\u00eds, mas de fam\u00edlia, direita vive dilema da rachadinha - Notibras","og_description":"Desde a condena\u00e7\u00e3o de Jair, muita gente tem repetido a mesma pergunta: quem ser\u00e1 o candidato da direita? Ontem, essa novela ganhou mais um cap\u00edtulo daqueles que n\u00e3o surpreendem ningu\u00e9m que acompanha a l\u00f3gica da fam\u00edlia Bolsonaro. Foi divulgada a informa\u00e7\u00e3o de que Jair teria dito a interlocutores que sua escolha \u00e9 o pr\u00f3prio filho [&hellip;]","og_url":"https:\/\/www.notibras.com\/site\/sem-projeto-de-pais-mas-de-familia-direita-vive-dilema-da-rachadinha\/","og_site_name":"Notibras","article_publisher":"https:\/\/www.facebook.com\/notibras\/","article_published_time":"2025-12-06T05:15:38+00:00","article_modified_time":"2025-12-06T10:45:24+00:00","og_image":[{"width":960,"height":540,"url":"https:\/\/www.notibras.com\/site\/wp-content\/uploads\/2025\/12\/f960x540-164053_238128_5050.webp","type":"image\/webp"}],"author":"Eduardo Mart\u00ednez","twitter_card":"summary_large_image","twitter_creator":"@Notibras","twitter_site":"@Notibras","twitter_misc":{"Escrito por":"Eduardo Mart\u00ednez","Est. tempo de leitura":"2 minutos"},"schema":{"@context":"https:\/\/schema.org","@graph":[{"@type":"Article","@id":"https:\/\/www.notibras.com\/site\/sem-projeto-de-pais-mas-de-familia-direita-vive-dilema-da-rachadinha\/#article","isPartOf":{"@id":"https:\/\/www.notibras.com\/site\/sem-projeto-de-pais-mas-de-familia-direita-vive-dilema-da-rachadinha\/"},"author":{"name":"Eduardo Mart\u00ednez","@id":"https:\/\/www.notibras.com\/site\/#\/schema\/person\/5b7fabf2aedc3ada2105f03b22b4d3dd"},"headline":"Sem projeto de pa\u00eds, mas de fam\u00edlia, direita vive dilema da rachadinha","datePublished":"2025-12-06T05:15:38+00:00","dateModified":"2025-12-06T10:45:24+00:00","mainEntityOfPage":{"@id":"https:\/\/www.notibras.com\/site\/sem-projeto-de-pais-mas-de-familia-direita-vive-dilema-da-rachadinha\/"},"wordCount":367,"publisher":{"@id":"https:\/\/www.notibras.com\/site\/#organization"},"image":{"@id":"https:\/\/www.notibras.com\/site\/sem-projeto-de-pais-mas-de-familia-direita-vive-dilema-da-rachadinha\/#primaryimage"},"thumbnailUrl":"https:\/\/www.notibras.com\/site\/wp-content\/uploads\/2025\/12\/f960x540-164053_238128_5050.webp","keywords":["capa"],"articleSection":["Dona Irene"],"inLanguage":"pt-BR"},{"@type":"WebPage","@id":"https:\/\/www.notibras.com\/site\/sem-projeto-de-pais-mas-de-familia-direita-vive-dilema-da-rachadinha\/","url":"https:\/\/www.notibras.com\/site\/sem-projeto-de-pais-mas-de-familia-direita-vive-dilema-da-rachadinha\/","name":"Sem projeto de pa\u00eds, mas de fam\u00edlia, direita vive dilema da rachadinha - Notibras","isPartOf":{"@id":"https:\/\/www.notibras.com\/site\/#website"},"primaryImageOfPage":{"@id":"https:\/\/www.notibras.com\/site\/sem-projeto-de-pais-mas-de-familia-direita-vive-dilema-da-rachadinha\/#primaryimage"},"image":{"@id":"https:\/\/www.notibras.com\/site\/sem-projeto-de-pais-mas-de-familia-direita-vive-dilema-da-rachadinha\/#primaryimage"},"thumbnailUrl":"https:\/\/www.notibras.com\/site\/wp-content\/uploads\/2025\/12\/f960x540-164053_238128_5050.webp","datePublished":"2025-12-06T05:15:38+00:00","dateModified":"2025-12-06T10:45:24+00:00","breadcrumb":{"@id":"https:\/\/www.notibras.com\/site\/sem-projeto-de-pais-mas-de-familia-direita-vive-dilema-da-rachadinha\/#breadcrumb"},"inLanguage":"pt-BR","potentialAction":[{"@type":"ReadAction","target":["https:\/\/www.notibras.com\/site\/sem-projeto-de-pais-mas-de-familia-direita-vive-dilema-da-rachadinha\/"]}]},{"@type":"ImageObject","inLanguage":"pt-BR","@id":"https:\/\/www.notibras.com\/site\/sem-projeto-de-pais-mas-de-familia-direita-vive-dilema-da-rachadinha\/#primaryimage","url":"https:\/\/www.notibras.com\/site\/wp-content\/uploads\/2025\/12\/f960x540-164053_238128_5050.webp","contentUrl":"https:\/\/www.notibras.com\/site\/wp-content\/uploads\/2025\/12\/f960x540-164053_238128_5050.webp","width":960,"height":540},{"@type":"BreadcrumbList","@id":"https:\/\/www.notibras.com\/site\/sem-projeto-de-pais-mas-de-familia-direita-vive-dilema-da-rachadinha\/#breadcrumb","itemListElement":[{"@type":"ListItem","position":1,"name":"In\u00edcio","item":"https:\/\/www.notibras.com\/site\/"},{"@type":"ListItem","position":2,"name":"Sem projeto de pa\u00eds, mas de fam\u00edlia, direita vive dilema da rachadinha"}]},{"@type":"WebSite","@id":"https:\/\/www.notibras.com\/site\/#website","url":"https:\/\/www.notibras.com\/site\/","name":"Notibras","description":"Not\u00edcias de Bras\u00edlia, do Brasil e do Mundo","publisher":{"@id":"https:\/\/www.notibras.com\/site\/#organization"},"potentialAction":[{"@type":"SearchAction","target":{"@type":"EntryPoint","urlTemplate":"https:\/\/www.notibras.com\/site\/?s={search_term_string}"},"query-input":{"@type":"PropertyValueSpecification","valueRequired":true,"valueName":"search_term_string"}}],"inLanguage":"pt-BR"},{"@type":"Organization","@id":"https:\/\/www.notibras.com\/site\/#organization","name":"Grupo Notibras de Comunica\u00e7\u00e3o","url":"https:\/\/www.notibras.com\/site\/","logo":{"@type":"ImageObject","inLanguage":"pt-BR","@id":"https:\/\/www.notibras.com\/site\/#\/schema\/logo\/image\/","url":"https:\/\/www.notibras.com\/site\/wp-content\/uploads\/2023\/01\/notibras23.png","contentUrl":"https:\/\/www.notibras.com\/site\/wp-content\/uploads\/2023\/01\/notibras23.png","width":350,"height":87,"caption":"Grupo Notibras de Comunica\u00e7\u00e3o"},"image":{"@id":"https:\/\/www.notibras.com\/site\/#\/schema\/logo\/image\/"},"sameAs":["https:\/\/www.facebook.com\/notibras\/","https:\/\/x.com\/Notibras","https:\/\/www.instagram.com\/notibras\/"]},{"@type":"Person","@id":"https:\/\/www.notibras.com\/site\/#\/schema\/person\/5b7fabf2aedc3ada2105f03b22b4d3dd","name":"Eduardo Mart\u00ednez","image":{"@type":"ImageObject","inLanguage":"pt-BR","@id":"https:\/\/secure.gravatar.com\/avatar\/7902f906289926289cbcda644b5197c796b893c6ffd7b9a536a42d290f7704a0?s=96&d=mm&r=g","url":"https:\/\/secure.gravatar.com\/avatar\/7902f906289926289cbcda644b5197c796b893c6ffd7b9a536a42d290f7704a0?s=96&d=mm&r=g","contentUrl":"https:\/\/secure.gravatar.com\/avatar\/7902f906289926289cbcda644b5197c796b893c6ffd7b9a536a42d290f7704a0?s=96&d=mm&r=g","caption":"Eduardo Mart\u00ednez"}}]}},"amp_enabled":true,"_links":{"self":[{"href":"https:\/\/www.notibras.com\/site\/wp-json\/wp\/v2\/posts\/373728","targetHints":{"allow":["GET"]}}],"collection":[{"href":"https:\/\/www.notibras.com\/site\/wp-json\/wp\/v2\/posts"}],"about":[{"href":"https:\/\/www.notibras.com\/site\/wp-json\/wp\/v2\/types\/post"}],"author":[{"embeddable":true,"href":"https:\/\/www.notibras.com\/site\/wp-json\/wp\/v2\/users\/21"}],"replies":[{"embeddable":true,"href":"https:\/\/www.notibras.com\/site\/wp-json\/wp\/v2\/comments?post=373728"}],"version-history":[{"count":8,"href":"https:\/\/www.notibras.com\/site\/wp-json\/wp\/v2\/posts\/373728\/revisions"}],"predecessor-version":[{"id":373790,"href":"https:\/\/www.notibras.com\/site\/wp-json\/wp\/v2\/posts\/373728\/revisions\/373790"}],"wp:featuredmedia":[{"embeddable":true,"href":"https:\/\/www.notibras.com\/site\/wp-json\/wp\/v2\/media\/373729"}],"wp:attachment":[{"href":"https:\/\/www.notibras.com\/site\/wp-json\/wp\/v2\/media?parent=373728"}],"wp:term":[{"taxonomy":"category","embeddable":true,"href":"https:\/\/www.notibras.com\/site\/wp-json\/wp\/v2\/categories?post=373728"},{"taxonomy":"post_tag","embeddable":true,"href":"https:\/\/www.notibras.com\/site\/wp-json\/wp\/v2\/tags?post=373728"}],"curies":[{"name":"wp","href":"https:\/\/api.w.org\/{rel}","templated":true}]}}