{"id":373771,"date":"2025-12-07T02:00:16","date_gmt":"2025-12-07T05:00:16","guid":{"rendered":"https:\/\/www.notibras.com\/site\/?p=373771"},"modified":"2025-12-06T03:38:29","modified_gmt":"2025-12-06T06:38:29","slug":"jonas-lorena-e-o-bilhete","status":"publish","type":"post","link":"https:\/\/www.notibras.com\/site\/jonas-lorena-e-o-bilhete\/","title":{"rendered":"Jonas, Lorena e o bilhete"},"content":{"rendered":"<p>Os sonhos de mudar o mundo ficaram para tr\u00e1s. N\u00e3o que Jonas tivesse planos de se tornar Napole\u00e3o, mas, quando era menino o suficiente para imaginar tolices, chegou a pensar que fosse indestrut\u00edvel, at\u00e9 que se percebeu apaixonado pela primeira vez. Lorena, filha \u00fanica dum casal austero.<\/p>\n<p>Sem saber se era correspondido, o agora adolescente titubeou por quase um m\u00eas, at\u00e9 que, por um desses acasos na fila do p\u00e3o, percebeu que a garota dos seus devaneios acabara de deixar cair um peda\u00e7o de papel. Ele sentiu que era a oportunidade perfeita para se aproximar e, ent\u00e3o, abaixou-se, pegou o objeto e, quando j\u00e1 ia entreg\u00e1-lo, eis que Lorena, olhos arregalados, praticamente fugiu da padaria.<\/p>\n<p>Ningu\u00e9m pareceu notar aquela situa\u00e7\u00e3o, no m\u00ednimo, esdr\u00faxula. Atordoado, Jonas foi resgatado ao planeta Terra quando foi cutucado no ombro por uma senhora logo atr\u00e1s na fila.<\/p>\n<p>\u2014 Ei, \u00e9 a sua vez.<\/p>\n<p>O distra\u00eddo pediu os quatro p\u00e3es de sempre e, no caminho para casa, se lembrou do papel. Foi a\u00ed que percebeu que aquilo era um breve bilhete.<\/p>\n<p style=\"text-align: center;\"><em>Domingo, depois da missa, atr\u00e1s da igreja.<\/em><\/p>\n<p>Jonas, pela primeira vez na vida, sentiu-se homem. Sim, aquele momento era divisor de \u00e1guas e, finalmente, experimentou a sensa\u00e7\u00e3o de pertencimento. Um homem! E, ainda por cima, que tinha namorada.<\/p>\n<p>A semana se arrastou como se agisse de prop\u00f3sito contra os anseios do jovem apaixonado. Por\u00e9m, apesar da demora, o domingo se fez presente. E chegou carregado de desejos, pr\u00f3prios da fase ornada por turbilh\u00e3o de horm\u00f4nios. Certa inseguran\u00e7a, \u00e9 verdade, mas que n\u00e3o seria capaz de impedir o rapazola de realizar vontades reprimidas.<\/p>\n<p>Mesmo n\u00e3o sendo religioso, Jonas fez quest\u00e3o de assistir ao culto. E arrumou local n\u00e3o t\u00e3o perto da mo\u00e7a. N\u00e3o era de bom alvitre provocar ciz\u00e2nias desnecess\u00e1rias, j\u00e1 que Lorena estava sentada ladeada pelos pais.<\/p>\n<p>Aguardou o padre J\u00falio se despedir dos fi\u00e9is, quando notou que o pai e a m\u00e3e de Lorena come\u00e7aram uma conversa com outro casal, momento em que guria aproveitou a oportunidade e saiu do recinto. Jonas, mesmo com as pernas bambas, foi atr\u00e1s da amada. E, durante o curto percurso, n\u00e3o havia como n\u00e3o pensar em como a garota era esperta.<\/p>\n<p>Assim que p\u00f4s os p\u00e9s para fora da igreja, Jonas pareceu ter perdido Lorena de vista. Seja como for, o bilhete n\u00e3o deixava d\u00favida e, decidido, o adolescente se dirigiu para os fundos da igreja. Mal chegou, encontrou certa dificuldade para acostumar a vis\u00e3o ao ambiente escuro. Apertou os olhos e, s\u00f3 ent\u00e3o, conseguiu entender toda aquela situa\u00e7\u00e3o.<\/p>\n<p>L\u00e1 estava a bela Lorena, o amor da sua vida, aos beijos e abra\u00e7os com Pedro. O bilhete, afinal, n\u00e3o era para ele, mas para o sujeito que estava logo \u00e0 sua frente na fila do p\u00e3o.<\/p>\n<p><strong>\u2026\u2026\u2026\u2026\u2026\u2026\u2026\u2026<\/strong><\/p>\n<p><strong>Eduardo Mart\u00ednez \u00e9 autor do livro \u201957 Contos e Cr\u00f4nicas por um Autor Muito Velho\u2019 (Vencedor do Pr\u00eamio Liter\u00e1rio Clarice Lispector \u2013 2025 na categoria livro de contos).<\/strong><\/p>\n<p><strong>Compre aqui<\/strong><\/p>\n<p><a href=\"https:\/\/www.joanineditora.com.br\/57-contos-e-cronicas-por-um-autor-muito-velho\"><strong>https:\/\/www.joanineditora.com.br\/57-contos-e-cronicas-por-um-autor-muito-velho<\/strong><\/a><\/p>\n<div id=\"wpdevar_comment_4\"><\/div>\n","protected":false},"excerpt":{"rendered":"<p>Os sonhos de mudar o mundo ficaram para tr\u00e1s. N\u00e3o que Jonas tivesse planos de se tornar Napole\u00e3o, mas, quando era menino o suficiente para imaginar tolices, chegou a pensar que fosse indestrut\u00edvel, at\u00e9 que se percebeu apaixonado pela primeira vez. Lorena, filha \u00fanica dum casal austero. Sem saber se era correspondido, o agora adolescente [&hellip;]<\/p>\n","protected":false},"author":21,"featured_media":373772,"comment_status":"closed","ping_status":"closed","sticky":false,"template":"","format":"standard","meta":{"_acf_changed":false,"footnotes":""},"categories":[161],"tags":[],"class_list":["post-373771","post","type-post","status-publish","format-standard","has-post-thumbnail","hentry","category-quadradinho-em-foco"],"acf":[],"_links":{"self":[{"href":"https:\/\/www.notibras.com\/site\/wp-json\/wp\/v2\/posts\/373771","targetHints":{"allow":["GET"]}}],"collection":[{"href":"https:\/\/www.notibras.com\/site\/wp-json\/wp\/v2\/posts"}],"about":[{"href":"https:\/\/www.notibras.com\/site\/wp-json\/wp\/v2\/types\/post"}],"author":[{"embeddable":true,"href":"https:\/\/www.notibras.com\/site\/wp-json\/wp\/v2\/users\/21"}],"replies":[{"embeddable":true,"href":"https:\/\/www.notibras.com\/site\/wp-json\/wp\/v2\/comments?post=373771"}],"version-history":[{"count":3,"href":"https:\/\/www.notibras.com\/site\/wp-json\/wp\/v2\/posts\/373771\/revisions"}],"predecessor-version":[{"id":373774,"href":"https:\/\/www.notibras.com\/site\/wp-json\/wp\/v2\/posts\/373771\/revisions\/373774"}],"wp:featuredmedia":[{"embeddable":true,"href":"https:\/\/www.notibras.com\/site\/wp-json\/wp\/v2\/media\/373772"}],"wp:attachment":[{"href":"https:\/\/www.notibras.com\/site\/wp-json\/wp\/v2\/media?parent=373771"}],"wp:term":[{"taxonomy":"category","embeddable":true,"href":"https:\/\/www.notibras.com\/site\/wp-json\/wp\/v2\/categories?post=373771"},{"taxonomy":"post_tag","embeddable":true,"href":"https:\/\/www.notibras.com\/site\/wp-json\/wp\/v2\/tags?post=373771"}],"curies":[{"name":"wp","href":"https:\/\/api.w.org\/{rel}","templated":true}]}}