{"id":373802,"date":"2025-12-06T09:02:47","date_gmt":"2025-12-06T12:02:47","guid":{"rendered":"https:\/\/www.notibras.com\/site\/?p=373802"},"modified":"2025-12-06T09:02:47","modified_gmt":"2025-12-06T12:02:47","slug":"com-casa-e-dor-no-peito-nordestino-saia-em-busca-de-um-futuro-melhor","status":"publish","type":"post","link":"https:\/\/www.notibras.com\/site\/com-casa-e-dor-no-peito-nordestino-saia-em-busca-de-um-futuro-melhor\/","title":{"rendered":"Com casa e dor no peito, nordestino sa\u00eda em busca de um futuro melhor"},"content":{"rendered":"<p>Ningu\u00e9m esquece o dia em que pega a estrada levando a casa inteira dentro do peito. No Nordeste, chamam isso de retirada \u2014 esse movimento antigo de quem foge da seca, do aperto, da falta de escolha, mas leva junto uma coragem que s\u00f3 quem nasce por l\u00e1 conhece.<\/p>\n<p>Lembro de Seu Agenor contando que, quando menino, saiu de pau de arara, equilibrando sonhos e uma mala de papel\u00e3o presa com barbante. \u201cA gente ia deixando um rastro de poeira\u201d, dizia, \u201ccomo se o sert\u00e3o quisesse marcar que a gente ainda era dele\u201d. A cada parada, algu\u00e9m descia, algu\u00e9m subia, e o mundo parecia balan\u00e7ar no ritmo do caminh\u00e3o.<\/p>\n<p>A verdade \u00e9 que ningu\u00e9m abandona o ch\u00e3o onde nasceram seus mortos e floresceram seus afetos. Mas, no miolo quente do sert\u00e3o, \u00e0s vezes a vida vira um sil\u00eancio t\u00e3o fundo que at\u00e9 as galinhas sabem que \u00e9 hora de partir. Assim come\u00e7aram muitas retiradas: uma promessa de trabalho longe, um parente chamando, uma chuva que n\u00e3o caiu.<\/p>\n<p>E l\u00e1 iam eles \u2014 fam\u00edlias inteiras \u2014 levando panelas amassadas, retratos de santos, cadernos de crian\u00e7a, lembran\u00e7as da \u00faltima colheita, e um punhado de esperan\u00e7a embrulhado em pano cru. No caminho, o vento batia no rosto como quem queria empurrar pra frente, e o cora\u00e7\u00e3o ficava pendurado entre dois mundos: o que ficava para tr\u00e1s e o que ainda n\u00e3o se sabia.<\/p>\n<p>O tempo passou. Hoje, muitos fazem o caminho inverso. Voltam. Retornam para as cidades que cresceram, para os sert\u00f5es que reinventaram a pr\u00f3pria vida, para as casas que ficaram de p\u00e9 esperando. E mesmo quem nunca voltou carrega na mem\u00f3ria o cheiro do mato queimado, a luz quente da tarde, e aquela saudade que n\u00e3o seca nunca.<\/p>\n<p>Porque a retirada n\u00e3o \u00e9 s\u00f3 fuga \u2014 \u00e9 resist\u00eancia. \u00c9 o movimento teimoso de continuar vivo. Cada migrante nordestino carrega uma hist\u00f3ria que cabe num olhar: o olhar de quem sabe que a terra pode expulsar, mas nunca deixa de chamar.<\/p>\n<p>E, no fim das contas, quem parte nunca parte inteiro. Fica sempre uma metade no lugar de origem, plantada como mandacaru. A outra metade segue rodando o mundo, buscando o que \u00e9 preciso.<\/p>\n<p>E assim se constroem as mem\u00f3rias da retirada: entre estradas de terra, promessas de futuro e ra\u00edzes que insistem em n\u00e3o morrer.<\/p>\n","protected":false},"excerpt":{"rendered":"<p>Ningu\u00e9m esquece o dia em que pega a estrada levando a casa inteira dentro do peito. No Nordeste, chamam isso de retirada \u2014 esse movimento antigo de quem foge da seca, do aperto, da falta de escolha, mas leva junto uma coragem que s\u00f3 quem nasce por l\u00e1 conhece. Lembro de Seu Agenor contando que, [&hellip;]<\/p>\n","protected":false},"author":2,"featured_media":40768,"comment_status":"closed","ping_status":"closed","sticky":false,"template":"","format":"standard","meta":{"_acf_changed":false,"footnotes":""},"categories":[165],"tags":[],"class_list":["post-373802","post","type-post","status-publish","format-standard","has-post-thumbnail","hentry","category-nordeste"],"acf":[],"_links":{"self":[{"href":"https:\/\/www.notibras.com\/site\/wp-json\/wp\/v2\/posts\/373802","targetHints":{"allow":["GET"]}}],"collection":[{"href":"https:\/\/www.notibras.com\/site\/wp-json\/wp\/v2\/posts"}],"about":[{"href":"https:\/\/www.notibras.com\/site\/wp-json\/wp\/v2\/types\/post"}],"author":[{"embeddable":true,"href":"https:\/\/www.notibras.com\/site\/wp-json\/wp\/v2\/users\/2"}],"replies":[{"embeddable":true,"href":"https:\/\/www.notibras.com\/site\/wp-json\/wp\/v2\/comments?post=373802"}],"version-history":[{"count":1,"href":"https:\/\/www.notibras.com\/site\/wp-json\/wp\/v2\/posts\/373802\/revisions"}],"predecessor-version":[{"id":373803,"href":"https:\/\/www.notibras.com\/site\/wp-json\/wp\/v2\/posts\/373802\/revisions\/373803"}],"wp:featuredmedia":[{"embeddable":true,"href":"https:\/\/www.notibras.com\/site\/wp-json\/wp\/v2\/media\/40768"}],"wp:attachment":[{"href":"https:\/\/www.notibras.com\/site\/wp-json\/wp\/v2\/media?parent=373802"}],"wp:term":[{"taxonomy":"category","embeddable":true,"href":"https:\/\/www.notibras.com\/site\/wp-json\/wp\/v2\/categories?post=373802"},{"taxonomy":"post_tag","embeddable":true,"href":"https:\/\/www.notibras.com\/site\/wp-json\/wp\/v2\/tags?post=373802"}],"curies":[{"name":"wp","href":"https:\/\/api.w.org\/{rel}","templated":true}]}}