{"id":373810,"date":"2025-12-06T09:48:11","date_gmt":"2025-12-06T12:48:11","guid":{"rendered":"https:\/\/www.notibras.com\/site\/?p=373810"},"modified":"2025-12-06T09:48:11","modified_gmt":"2025-12-06T12:48:11","slug":"ocidente-boquiaberto-ve-surgir-nova-forca-mundial","status":"publish","type":"post","link":"https:\/\/www.notibras.com\/site\/ocidente-boquiaberto-ve-surgir-nova-forca-mundial\/","title":{"rendered":"Ocidente, boquiaberto, v\u00ea surgir nova for\u00e7a mundial"},"content":{"rendered":"<p>Durante sua visita \u00e0 \u00cdndia, nos dias 4 e 5 de dezembro, o presidente russo Vladimir Putin reafirmou a amizade de seu pa\u00eds com Nova D\u00e9li, chamando-a de um parceiro importante e colocando-a no mesmo n\u00edvel da China, que ele havia visitado em setembro.<\/p>\n<p>O modelo de parceria China-R\u00fassia-\u00cdndia ilustra uma alternativa coletiva ao unilateralismo ocidental, disse o especialista militar chin\u00eas Qin An \u00e0 Sputnik, comentando a recente visita do presidente Putin \u00e0 \u00cdndia.<\/p>\n<p>O modelo de colabora\u00e7\u00e3o China-R\u00fassia-\u00cdndia &#8220;serve como uma ferramenta para conter a\u00e7\u00f5es unilaterais e alcan\u00e7ar a coexist\u00eancia pac\u00edfica e a coopera\u00e7\u00e3o mutuamente ben\u00e9fica em um mundo multipolar&#8221;, enfatizou Qin.<\/p>\n<p>Isso est\u00e1 em conson\u00e2ncia com a ideia geral de uma &#8220;comunidade com um futuro compartilhado para a humanidade&#8221; e ajuda a \u00cdndia a fortalecer suas rela\u00e7\u00f5es com a China e a R\u00fassia, segundo o especialista.<\/p>\n<p>\u201cEssa coopera\u00e7\u00e3o trilateral \u00e9 totalmente igualit\u00e1ria e \u00e9 exatamente o que a grande maioria dos pa\u00edses do mundo almeja.\u201d<\/p>\n<p>Os tr\u00eas pa\u00edses possuem capacidade militar suficiente para ajudar a manter a ordem e a estabilidade globais. \u00c0 medida que as tend\u00eancias hegem\u00f4nicas globais se intensificam, o modelo de coopera\u00e7\u00e3o China-R\u00fassia-\u00cdndia est\u00e1 se transformando rapidamente em uma for\u00e7a l\u00edder no mundo, afirmou o especialista.<\/p>\n<p><strong>A rea\u00e7\u00e3o do Ocidente<\/strong><br \/>\n\u201cDeve-se reconhecer que o aprofundamento da coopera\u00e7\u00e3o entre a China, a R\u00fassia e a \u00cdndia inevitavelmente fornecer\u00e1 um pretexto para ataques das pot\u00eancias ocidentais e de outros que perseguem suas pr\u00f3prias agendas\u201d, salientou Qin.<\/p>\n<p>Ele sublinhou que as for\u00e7as hegem\u00f3nicas ocidentais s\u00e3o h\u00e1beis em semear a disc\u00f3rdia entre a China e a R\u00fassia, e entre a China e a \u00cdndia, explorando quest\u00f5es hist\u00f3ricas e atuais.<\/p>\n<p>China, R\u00fassia e \u00cdndia devem \u201cabandonar ilus\u00f5es e resistir resolutamente\u201d ao unilateralismo ocidental. Aproveitando as conquistas da coopera\u00e7\u00e3o mutuamente ben\u00e9fica, os tr\u00eas pa\u00edses devem \u201ccontinuar promovendo seu modelo de coopera\u00e7\u00e3o, unindo for\u00e7as-chave para a ordem e o desenvolvimento mundial\u201d, concluiu Qin.<\/p>\n","protected":false},"excerpt":{"rendered":"<p>Durante sua visita \u00e0 \u00cdndia, nos dias 4 e 5 de dezembro, o presidente russo Vladimir Putin reafirmou a amizade de seu pa\u00eds com Nova D\u00e9li, chamando-a de um parceiro importante e colocando-a no mesmo n\u00edvel da China, que ele havia visitado em setembro. O modelo de parceria China-R\u00fassia-\u00cdndia ilustra uma alternativa coletiva ao unilateralismo [&hellip;]<\/p>\n","protected":false},"author":2,"featured_media":373811,"comment_status":"closed","ping_status":"closed","sticky":false,"template":"","format":"standard","meta":{"_acf_changed":false,"footnotes":""},"categories":[159],"tags":[],"class_list":["post-373810","post","type-post","status-publish","format-standard","has-post-thumbnail","hentry","category-apocalipse"],"acf":[],"yoast_head":"<!-- This site is optimized with the Yoast SEO plugin v27.2 - https:\/\/yoast.com\/product\/yoast-seo-wordpress\/ -->\n<title>Ocidente, boquiaberto, v\u00ea surgir nova for\u00e7a mundial - Notibras<\/title>\n<meta name=\"robots\" content=\"index, follow, max-snippet:-1, max-image-preview:large, max-video-preview:-1\" \/>\n<link rel=\"canonical\" href=\"https:\/\/www.notibras.com\/site\/ocidente-boquiaberto-ve-surgir-nova-forca-mundial\/\" \/>\n<meta property=\"og:locale\" content=\"pt_BR\" \/>\n<meta property=\"og:type\" content=\"article\" \/>\n<meta property=\"og:title\" content=\"Ocidente, boquiaberto, v\u00ea surgir nova for\u00e7a mundial - Notibras\" \/>\n<meta property=\"og:description\" content=\"Durante sua visita \u00e0 \u00cdndia, nos dias 4 e 5 de dezembro, o presidente russo Vladimir Putin reafirmou a amizade de seu pa\u00eds com Nova D\u00e9li, chamando-a de um parceiro importante e colocando-a no mesmo n\u00edvel da China, que ele havia visitado em setembro. O modelo de parceria China-R\u00fassia-\u00cdndia ilustra uma alternativa coletiva ao unilateralismo [&hellip;]\" \/>\n<meta property=\"og:url\" content=\"https:\/\/www.notibras.com\/site\/ocidente-boquiaberto-ve-surgir-nova-forca-mundial\/\" \/>\n<meta property=\"og:site_name\" content=\"Notibras\" \/>\n<meta property=\"article:publisher\" content=\"https:\/\/www.facebook.com\/notibras\/\" \/>\n<meta property=\"article:published_time\" content=\"2025-12-06T12:48:11+00:00\" \/>\n<meta property=\"og:image\" content=\"https:\/\/www.notibras.com\/site\/wp-content\/uploads\/2025\/12\/1076086807_0_173_3029_1876_1920x0_80_0_0_225cc1424884fe5efdd1f4a5792181c8.jpg.webp\" \/>\n\t<meta property=\"og:image:width\" content=\"1920\" \/>\n\t<meta property=\"og:image:height\" content=\"1080\" \/>\n\t<meta property=\"og:image:type\" content=\"image\/webp\" \/>\n<meta name=\"author\" content=\"Reda\u00e7\u00e3o\" \/>\n<meta name=\"twitter:card\" content=\"summary_large_image\" \/>\n<meta name=\"twitter:creator\" content=\"@Notibras\" \/>\n<meta name=\"twitter:site\" content=\"@Notibras\" \/>\n<meta name=\"twitter:label1\" content=\"Escrito por\" \/>\n\t<meta name=\"twitter:data1\" content=\"Reda\u00e7\u00e3o\" \/>\n\t<meta name=\"twitter:label2\" content=\"Est. tempo de leitura\" \/>\n\t<meta name=\"twitter:data2\" content=\"2 minutos\" \/>\n<script type=\"application\/ld+json\" class=\"yoast-schema-graph\">{\"@context\":\"https:\/\/schema.org\",\"@graph\":[{\"@type\":\"Article\",\"@id\":\"https:\/\/www.notibras.com\/site\/ocidente-boquiaberto-ve-surgir-nova-forca-mundial\/#article\",\"isPartOf\":{\"@id\":\"https:\/\/www.notibras.com\/site\/ocidente-boquiaberto-ve-surgir-nova-forca-mundial\/\"},\"author\":{\"name\":\"Reda\u00e7\u00e3o\",\"@id\":\"https:\/\/www.notibras.com\/site\/#\/schema\/person\/36ab0979449956132d3e5b517ea76ac8\"},\"headline\":\"Ocidente, boquiaberto, v\u00ea surgir nova for\u00e7a mundial\",\"datePublished\":\"2025-12-06T12:48:11+00:00\",\"mainEntityOfPage\":{\"@id\":\"https:\/\/www.notibras.com\/site\/ocidente-boquiaberto-ve-surgir-nova-forca-mundial\/\"},\"wordCount\":362,\"publisher\":{\"@id\":\"https:\/\/www.notibras.com\/site\/#organization\"},\"image\":{\"@id\":\"https:\/\/www.notibras.com\/site\/ocidente-boquiaberto-ve-surgir-nova-forca-mundial\/#primaryimage\"},\"thumbnailUrl\":\"https:\/\/www.notibras.com\/site\/wp-content\/uploads\/2025\/12\/1076086807_0_173_3029_1876_1920x0_80_0_0_225cc1424884fe5efdd1f4a5792181c8.jpg.webp\",\"articleSection\":[\"Apocalipse\"],\"inLanguage\":\"pt-BR\"},{\"@type\":\"WebPage\",\"@id\":\"https:\/\/www.notibras.com\/site\/ocidente-boquiaberto-ve-surgir-nova-forca-mundial\/\",\"url\":\"https:\/\/www.notibras.com\/site\/ocidente-boquiaberto-ve-surgir-nova-forca-mundial\/\",\"name\":\"Ocidente, boquiaberto, v\u00ea surgir nova for\u00e7a mundial - Notibras\",\"isPartOf\":{\"@id\":\"https:\/\/www.notibras.com\/site\/#website\"},\"primaryImageOfPage\":{\"@id\":\"https:\/\/www.notibras.com\/site\/ocidente-boquiaberto-ve-surgir-nova-forca-mundial\/#primaryimage\"},\"image\":{\"@id\":\"https:\/\/www.notibras.com\/site\/ocidente-boquiaberto-ve-surgir-nova-forca-mundial\/#primaryimage\"},\"thumbnailUrl\":\"https:\/\/www.notibras.com\/site\/wp-content\/uploads\/2025\/12\/1076086807_0_173_3029_1876_1920x0_80_0_0_225cc1424884fe5efdd1f4a5792181c8.jpg.webp\",\"datePublished\":\"2025-12-06T12:48:11+00:00\",\"breadcrumb\":{\"@id\":\"https:\/\/www.notibras.com\/site\/ocidente-boquiaberto-ve-surgir-nova-forca-mundial\/#breadcrumb\"},\"inLanguage\":\"pt-BR\",\"potentialAction\":[{\"@type\":\"ReadAction\",\"target\":[\"https:\/\/www.notibras.com\/site\/ocidente-boquiaberto-ve-surgir-nova-forca-mundial\/\"]}]},{\"@type\":\"ImageObject\",\"inLanguage\":\"pt-BR\",\"@id\":\"https:\/\/www.notibras.com\/site\/ocidente-boquiaberto-ve-surgir-nova-forca-mundial\/#primaryimage\",\"url\":\"https:\/\/www.notibras.com\/site\/wp-content\/uploads\/2025\/12\/1076086807_0_173_3029_1876_1920x0_80_0_0_225cc1424884fe5efdd1f4a5792181c8.jpg.webp\",\"contentUrl\":\"https:\/\/www.notibras.com\/site\/wp-content\/uploads\/2025\/12\/1076086807_0_173_3029_1876_1920x0_80_0_0_225cc1424884fe5efdd1f4a5792181c8.jpg.webp\",\"width\":1920,\"height\":1080},{\"@type\":\"BreadcrumbList\",\"@id\":\"https:\/\/www.notibras.com\/site\/ocidente-boquiaberto-ve-surgir-nova-forca-mundial\/#breadcrumb\",\"itemListElement\":[{\"@type\":\"ListItem\",\"position\":1,\"name\":\"In\u00edcio\",\"item\":\"https:\/\/www.notibras.com\/site\/\"},{\"@type\":\"ListItem\",\"position\":2,\"name\":\"Ocidente, boquiaberto, v\u00ea surgir nova for\u00e7a mundial\"}]},{\"@type\":\"WebSite\",\"@id\":\"https:\/\/www.notibras.com\/site\/#website\",\"url\":\"https:\/\/www.notibras.com\/site\/\",\"name\":\"Notibras\",\"description\":\"Not\u00edcias de Bras\u00edlia, do Brasil e do Mundo\",\"publisher\":{\"@id\":\"https:\/\/www.notibras.com\/site\/#organization\"},\"potentialAction\":[{\"@type\":\"SearchAction\",\"target\":{\"@type\":\"EntryPoint\",\"urlTemplate\":\"https:\/\/www.notibras.com\/site\/?s={search_term_string}\"},\"query-input\":{\"@type\":\"PropertyValueSpecification\",\"valueRequired\":true,\"valueName\":\"search_term_string\"}}],\"inLanguage\":\"pt-BR\"},{\"@type\":\"Organization\",\"@id\":\"https:\/\/www.notibras.com\/site\/#organization\",\"name\":\"Grupo Notibras de Comunica\u00e7\u00e3o\",\"url\":\"https:\/\/www.notibras.com\/site\/\",\"logo\":{\"@type\":\"ImageObject\",\"inLanguage\":\"pt-BR\",\"@id\":\"https:\/\/www.notibras.com\/site\/#\/schema\/logo\/image\/\",\"url\":\"https:\/\/www.notibras.com\/site\/wp-content\/uploads\/2023\/01\/notibras23.png\",\"contentUrl\":\"https:\/\/www.notibras.com\/site\/wp-content\/uploads\/2023\/01\/notibras23.png\",\"width\":350,\"height\":87,\"caption\":\"Grupo Notibras de Comunica\u00e7\u00e3o\"},\"image\":{\"@id\":\"https:\/\/www.notibras.com\/site\/#\/schema\/logo\/image\/\"},\"sameAs\":[\"https:\/\/www.facebook.com\/notibras\/\",\"https:\/\/x.com\/Notibras\",\"https:\/\/www.instagram.com\/notibras\/\"]},{\"@type\":\"Person\",\"@id\":\"https:\/\/www.notibras.com\/site\/#\/schema\/person\/36ab0979449956132d3e5b517ea76ac8\",\"name\":\"Reda\u00e7\u00e3o\",\"image\":{\"@type\":\"ImageObject\",\"inLanguage\":\"pt-BR\",\"@id\":\"https:\/\/secure.gravatar.com\/avatar\/e0a867bdedb85fd243eadf09663511f96fc81e0720a4a42581f334ad4303aa6b?s=96&d=mm&r=g\",\"url\":\"https:\/\/secure.gravatar.com\/avatar\/e0a867bdedb85fd243eadf09663511f96fc81e0720a4a42581f334ad4303aa6b?s=96&d=mm&r=g\",\"contentUrl\":\"https:\/\/secure.gravatar.com\/avatar\/e0a867bdedb85fd243eadf09663511f96fc81e0720a4a42581f334ad4303aa6b?s=96&d=mm&r=g\",\"caption\":\"Reda\u00e7\u00e3o\"}}]}<\/script>\n<!-- \/ Yoast SEO plugin. -->","yoast_head_json":{"title":"Ocidente, boquiaberto, v\u00ea surgir nova for\u00e7a mundial - Notibras","robots":{"index":"index","follow":"follow","max-snippet":"max-snippet:-1","max-image-preview":"max-image-preview:large","max-video-preview":"max-video-preview:-1"},"canonical":"https:\/\/www.notibras.com\/site\/ocidente-boquiaberto-ve-surgir-nova-forca-mundial\/","og_locale":"pt_BR","og_type":"article","og_title":"Ocidente, boquiaberto, v\u00ea surgir nova for\u00e7a mundial - Notibras","og_description":"Durante sua visita \u00e0 \u00cdndia, nos dias 4 e 5 de dezembro, o presidente russo Vladimir Putin reafirmou a amizade de seu pa\u00eds com Nova D\u00e9li, chamando-a de um parceiro importante e colocando-a no mesmo n\u00edvel da China, que ele havia visitado em setembro. O modelo de parceria China-R\u00fassia-\u00cdndia ilustra uma alternativa coletiva ao unilateralismo [&hellip;]","og_url":"https:\/\/www.notibras.com\/site\/ocidente-boquiaberto-ve-surgir-nova-forca-mundial\/","og_site_name":"Notibras","article_publisher":"https:\/\/www.facebook.com\/notibras\/","article_published_time":"2025-12-06T12:48:11+00:00","og_image":[{"width":1920,"height":1080,"url":"https:\/\/www.notibras.com\/site\/wp-content\/uploads\/2025\/12\/1076086807_0_173_3029_1876_1920x0_80_0_0_225cc1424884fe5efdd1f4a5792181c8.jpg.webp","type":"image\/webp"}],"author":"Reda\u00e7\u00e3o","twitter_card":"summary_large_image","twitter_creator":"@Notibras","twitter_site":"@Notibras","twitter_misc":{"Escrito por":"Reda\u00e7\u00e3o","Est. tempo de leitura":"2 minutos"},"schema":{"@context":"https:\/\/schema.org","@graph":[{"@type":"Article","@id":"https:\/\/www.notibras.com\/site\/ocidente-boquiaberto-ve-surgir-nova-forca-mundial\/#article","isPartOf":{"@id":"https:\/\/www.notibras.com\/site\/ocidente-boquiaberto-ve-surgir-nova-forca-mundial\/"},"author":{"name":"Reda\u00e7\u00e3o","@id":"https:\/\/www.notibras.com\/site\/#\/schema\/person\/36ab0979449956132d3e5b517ea76ac8"},"headline":"Ocidente, boquiaberto, v\u00ea surgir nova for\u00e7a mundial","datePublished":"2025-12-06T12:48:11+00:00","mainEntityOfPage":{"@id":"https:\/\/www.notibras.com\/site\/ocidente-boquiaberto-ve-surgir-nova-forca-mundial\/"},"wordCount":362,"publisher":{"@id":"https:\/\/www.notibras.com\/site\/#organization"},"image":{"@id":"https:\/\/www.notibras.com\/site\/ocidente-boquiaberto-ve-surgir-nova-forca-mundial\/#primaryimage"},"thumbnailUrl":"https:\/\/www.notibras.com\/site\/wp-content\/uploads\/2025\/12\/1076086807_0_173_3029_1876_1920x0_80_0_0_225cc1424884fe5efdd1f4a5792181c8.jpg.webp","articleSection":["Apocalipse"],"inLanguage":"pt-BR"},{"@type":"WebPage","@id":"https:\/\/www.notibras.com\/site\/ocidente-boquiaberto-ve-surgir-nova-forca-mundial\/","url":"https:\/\/www.notibras.com\/site\/ocidente-boquiaberto-ve-surgir-nova-forca-mundial\/","name":"Ocidente, boquiaberto, v\u00ea surgir nova for\u00e7a mundial - Notibras","isPartOf":{"@id":"https:\/\/www.notibras.com\/site\/#website"},"primaryImageOfPage":{"@id":"https:\/\/www.notibras.com\/site\/ocidente-boquiaberto-ve-surgir-nova-forca-mundial\/#primaryimage"},"image":{"@id":"https:\/\/www.notibras.com\/site\/ocidente-boquiaberto-ve-surgir-nova-forca-mundial\/#primaryimage"},"thumbnailUrl":"https:\/\/www.notibras.com\/site\/wp-content\/uploads\/2025\/12\/1076086807_0_173_3029_1876_1920x0_80_0_0_225cc1424884fe5efdd1f4a5792181c8.jpg.webp","datePublished":"2025-12-06T12:48:11+00:00","breadcrumb":{"@id":"https:\/\/www.notibras.com\/site\/ocidente-boquiaberto-ve-surgir-nova-forca-mundial\/#breadcrumb"},"inLanguage":"pt-BR","potentialAction":[{"@type":"ReadAction","target":["https:\/\/www.notibras.com\/site\/ocidente-boquiaberto-ve-surgir-nova-forca-mundial\/"]}]},{"@type":"ImageObject","inLanguage":"pt-BR","@id":"https:\/\/www.notibras.com\/site\/ocidente-boquiaberto-ve-surgir-nova-forca-mundial\/#primaryimage","url":"https:\/\/www.notibras.com\/site\/wp-content\/uploads\/2025\/12\/1076086807_0_173_3029_1876_1920x0_80_0_0_225cc1424884fe5efdd1f4a5792181c8.jpg.webp","contentUrl":"https:\/\/www.notibras.com\/site\/wp-content\/uploads\/2025\/12\/1076086807_0_173_3029_1876_1920x0_80_0_0_225cc1424884fe5efdd1f4a5792181c8.jpg.webp","width":1920,"height":1080},{"@type":"BreadcrumbList","@id":"https:\/\/www.notibras.com\/site\/ocidente-boquiaberto-ve-surgir-nova-forca-mundial\/#breadcrumb","itemListElement":[{"@type":"ListItem","position":1,"name":"In\u00edcio","item":"https:\/\/www.notibras.com\/site\/"},{"@type":"ListItem","position":2,"name":"Ocidente, boquiaberto, v\u00ea surgir nova for\u00e7a mundial"}]},{"@type":"WebSite","@id":"https:\/\/www.notibras.com\/site\/#website","url":"https:\/\/www.notibras.com\/site\/","name":"Notibras","description":"Not\u00edcias de Bras\u00edlia, do Brasil e do Mundo","publisher":{"@id":"https:\/\/www.notibras.com\/site\/#organization"},"potentialAction":[{"@type":"SearchAction","target":{"@type":"EntryPoint","urlTemplate":"https:\/\/www.notibras.com\/site\/?s={search_term_string}"},"query-input":{"@type":"PropertyValueSpecification","valueRequired":true,"valueName":"search_term_string"}}],"inLanguage":"pt-BR"},{"@type":"Organization","@id":"https:\/\/www.notibras.com\/site\/#organization","name":"Grupo Notibras de Comunica\u00e7\u00e3o","url":"https:\/\/www.notibras.com\/site\/","logo":{"@type":"ImageObject","inLanguage":"pt-BR","@id":"https:\/\/www.notibras.com\/site\/#\/schema\/logo\/image\/","url":"https:\/\/www.notibras.com\/site\/wp-content\/uploads\/2023\/01\/notibras23.png","contentUrl":"https:\/\/www.notibras.com\/site\/wp-content\/uploads\/2023\/01\/notibras23.png","width":350,"height":87,"caption":"Grupo Notibras de Comunica\u00e7\u00e3o"},"image":{"@id":"https:\/\/www.notibras.com\/site\/#\/schema\/logo\/image\/"},"sameAs":["https:\/\/www.facebook.com\/notibras\/","https:\/\/x.com\/Notibras","https:\/\/www.instagram.com\/notibras\/"]},{"@type":"Person","@id":"https:\/\/www.notibras.com\/site\/#\/schema\/person\/36ab0979449956132d3e5b517ea76ac8","name":"Reda\u00e7\u00e3o","image":{"@type":"ImageObject","inLanguage":"pt-BR","@id":"https:\/\/secure.gravatar.com\/avatar\/e0a867bdedb85fd243eadf09663511f96fc81e0720a4a42581f334ad4303aa6b?s=96&d=mm&r=g","url":"https:\/\/secure.gravatar.com\/avatar\/e0a867bdedb85fd243eadf09663511f96fc81e0720a4a42581f334ad4303aa6b?s=96&d=mm&r=g","contentUrl":"https:\/\/secure.gravatar.com\/avatar\/e0a867bdedb85fd243eadf09663511f96fc81e0720a4a42581f334ad4303aa6b?s=96&d=mm&r=g","caption":"Reda\u00e7\u00e3o"}}]}},"amp_enabled":true,"_links":{"self":[{"href":"https:\/\/www.notibras.com\/site\/wp-json\/wp\/v2\/posts\/373810","targetHints":{"allow":["GET"]}}],"collection":[{"href":"https:\/\/www.notibras.com\/site\/wp-json\/wp\/v2\/posts"}],"about":[{"href":"https:\/\/www.notibras.com\/site\/wp-json\/wp\/v2\/types\/post"}],"author":[{"embeddable":true,"href":"https:\/\/www.notibras.com\/site\/wp-json\/wp\/v2\/users\/2"}],"replies":[{"embeddable":true,"href":"https:\/\/www.notibras.com\/site\/wp-json\/wp\/v2\/comments?post=373810"}],"version-history":[{"count":1,"href":"https:\/\/www.notibras.com\/site\/wp-json\/wp\/v2\/posts\/373810\/revisions"}],"predecessor-version":[{"id":373812,"href":"https:\/\/www.notibras.com\/site\/wp-json\/wp\/v2\/posts\/373810\/revisions\/373812"}],"wp:featuredmedia":[{"embeddable":true,"href":"https:\/\/www.notibras.com\/site\/wp-json\/wp\/v2\/media\/373811"}],"wp:attachment":[{"href":"https:\/\/www.notibras.com\/site\/wp-json\/wp\/v2\/media?parent=373810"}],"wp:term":[{"taxonomy":"category","embeddable":true,"href":"https:\/\/www.notibras.com\/site\/wp-json\/wp\/v2\/categories?post=373810"},{"taxonomy":"post_tag","embeddable":true,"href":"https:\/\/www.notibras.com\/site\/wp-json\/wp\/v2\/tags?post=373810"}],"curies":[{"name":"wp","href":"https:\/\/api.w.org\/{rel}","templated":true}]}}