{"id":373813,"date":"2025-12-06T12:15:16","date_gmt":"2025-12-06T15:15:16","guid":{"rendered":"https:\/\/www.notibras.com\/site\/?p=373813"},"modified":"2025-12-06T12:29:43","modified_gmt":"2025-12-06T15:29:43","slug":"verstappen-larga-na-pole-em-prova-que-vai-decidir-titulo-na-f-1","status":"publish","type":"post","link":"https:\/\/www.notibras.com\/site\/verstappen-larga-na-pole-em-prova-que-vai-decidir-titulo-na-f-1\/","title":{"rendered":"Verstappen larga na pole em prova que vai decidir t\u00edtulo na F-1"},"content":{"rendered":"<p>O tetra campe\u00e3o mundial de F\u00f3rmula 1 Max Verstappen, da Red Bull Racing, vai largar na pole position no GP de Abu Dhabi, o \u00faltimo da temporada 2025 da F\u00f3rmula 1. O holand\u00eas segue firme na luta pelo quinto t\u00edtulo da categoria.<\/p>\n<p>Os tr\u00eas envolvidos na disputa pelo campeonato v\u00e3o largar nas tr\u00eas primeiras posi\u00e7\u00f5es. Verstappen ser\u00e1 seguido pelas McLarens de Lando Norris e Oscar Piastri.<\/p>\n<p>A corrida no Qatar come\u00e7a \u00e0s 10h (de Bras\u00edlia) deste domingo (7). Norris e Piastri, da McLaren, e Max Verstappen, da Red Bull, ainda t\u00eam chances de t\u00edtulo da F\u00f3rmula 1. O brit\u00e2nico lidera a classifica\u00e7\u00e3o, com 408 pontos.O goland\u00eas tem 396 e o australiano 392.<\/p>\n<p>O brasileiro Gabriel Bortoleto tamb\u00e9m fez papel bonito e vai largar na s\u00e9tima posi\u00e7\u00e3o, um dos seus melhores grids desde que come\u00e7ou na F\u00f3rmula 1. Igualou Monza e Hungria.<\/p>\n","protected":false},"excerpt":{"rendered":"<p>O tetra campe\u00e3o mundial de F\u00f3rmula 1 Max Verstappen, da Red Bull Racing, vai largar na pole position no GP de Abu Dhabi, o \u00faltimo da temporada 2025 da F\u00f3rmula 1. O holand\u00eas segue firme na luta pelo quinto t\u00edtulo da categoria. Os tr\u00eas envolvidos na disputa pelo campeonato v\u00e3o largar nas tr\u00eas primeiras posi\u00e7\u00f5es. [&hellip;]<\/p>\n","protected":false},"author":2,"featured_media":218747,"comment_status":"closed","ping_status":"closed","sticky":false,"template":"","format":"standard","meta":{"_acf_changed":false,"footnotes":""},"categories":[155],"tags":[95],"class_list":["post-373813","post","type-post","status-publish","format-standard","has-post-thumbnail","hentry","category-leitura-vip","tag-capa"],"acf":[],"yoast_head":"<!-- This site is optimized with the Yoast SEO plugin v27.5 - https:\/\/yoast.com\/product\/yoast-seo-wordpress\/ -->\n<title>Verstappen larga na pole em prova que vai decidir t\u00edtulo na F-1 - Notibras<\/title>\n<meta name=\"robots\" content=\"index, follow, max-snippet:-1, max-image-preview:large, max-video-preview:-1\" \/>\n<link rel=\"canonical\" href=\"https:\/\/www.notibras.com\/site\/verstappen-larga-na-pole-em-prova-que-vai-decidir-titulo-na-f-1\/\" \/>\n<meta property=\"og:locale\" content=\"pt_BR\" \/>\n<meta property=\"og:type\" content=\"article\" \/>\n<meta property=\"og:title\" content=\"Verstappen larga na pole em prova que vai decidir t\u00edtulo na F-1 - Notibras\" \/>\n<meta property=\"og:description\" content=\"O tetra campe\u00e3o mundial de F\u00f3rmula 1 Max Verstappen, da Red Bull Racing, vai largar na pole position no GP de Abu Dhabi, o \u00faltimo da temporada 2025 da F\u00f3rmula 1. O holand\u00eas segue firme na luta pelo quinto t\u00edtulo da categoria. Os tr\u00eas envolvidos na disputa pelo campeonato v\u00e3o largar nas tr\u00eas primeiras posi\u00e7\u00f5es. [&hellip;]\" \/>\n<meta property=\"og:url\" content=\"https:\/\/www.notibras.com\/site\/verstappen-larga-na-pole-em-prova-que-vai-decidir-titulo-na-f-1\/\" \/>\n<meta property=\"og:site_name\" content=\"Notibras\" \/>\n<meta property=\"article:publisher\" content=\"https:\/\/www.facebook.com\/notibras\/\" \/>\n<meta property=\"article:published_time\" content=\"2025-12-06T15:15:16+00:00\" \/>\n<meta property=\"article:modified_time\" content=\"2025-12-06T15:29:43+00:00\" \/>\n<meta property=\"og:image\" content=\"https:\/\/www.notibras.com\/site\/wp-content\/uploads\/2019\/10\/verstappen-pole.jpg\" \/>\n\t<meta property=\"og:image:width\" content=\"800\" \/>\n\t<meta property=\"og:image:height\" content=\"533\" \/>\n\t<meta property=\"og:image:type\" content=\"image\/jpeg\" \/>\n<meta name=\"author\" content=\"Reda\u00e7\u00e3o\" \/>\n<meta name=\"twitter:card\" content=\"summary_large_image\" \/>\n<meta name=\"twitter:creator\" content=\"@Notibras\" \/>\n<meta name=\"twitter:site\" content=\"@Notibras\" \/>\n<meta name=\"twitter:label1\" content=\"Escrito por\" \/>\n\t<meta name=\"twitter:data1\" content=\"Reda\u00e7\u00e3o\" \/>\n\t<meta name=\"twitter:label2\" content=\"Est. tempo de leitura\" \/>\n\t<meta name=\"twitter:data2\" content=\"2 minutos\" \/>\n<script type=\"application\/ld+json\" class=\"yoast-schema-graph\">{\"@context\":\"https:\\\/\\\/schema.org\",\"@graph\":[{\"@type\":\"Article\",\"@id\":\"https:\\\/\\\/www.notibras.com\\\/site\\\/verstappen-larga-na-pole-em-prova-que-vai-decidir-titulo-na-f-1\\\/#article\",\"isPartOf\":{\"@id\":\"https:\\\/\\\/www.notibras.com\\\/site\\\/verstappen-larga-na-pole-em-prova-que-vai-decidir-titulo-na-f-1\\\/\"},\"author\":{\"name\":\"Reda\u00e7\u00e3o\",\"@id\":\"https:\\\/\\\/www.notibras.com\\\/site\\\/#\\\/schema\\\/person\\\/36ab0979449956132d3e5b517ea76ac8\"},\"headline\":\"Verstappen larga na pole em prova que vai decidir t\u00edtulo na F-1\",\"datePublished\":\"2025-12-06T15:15:16+00:00\",\"dateModified\":\"2025-12-06T15:29:43+00:00\",\"mainEntityOfPage\":{\"@id\":\"https:\\\/\\\/www.notibras.com\\\/site\\\/verstappen-larga-na-pole-em-prova-que-vai-decidir-titulo-na-f-1\\\/\"},\"wordCount\":168,\"publisher\":{\"@id\":\"https:\\\/\\\/www.notibras.com\\\/site\\\/#organization\"},\"image\":{\"@id\":\"https:\\\/\\\/www.notibras.com\\\/site\\\/verstappen-larga-na-pole-em-prova-que-vai-decidir-titulo-na-f-1\\\/#primaryimage\"},\"thumbnailUrl\":\"https:\\\/\\\/www.notibras.com\\\/site\\\/wp-content\\\/uploads\\\/2019\\\/10\\\/verstappen-pole.jpg\",\"keywords\":[\"capa\"],\"articleSection\":[\"Leitura Vip\"],\"inLanguage\":\"pt-BR\"},{\"@type\":\"WebPage\",\"@id\":\"https:\\\/\\\/www.notibras.com\\\/site\\\/verstappen-larga-na-pole-em-prova-que-vai-decidir-titulo-na-f-1\\\/\",\"url\":\"https:\\\/\\\/www.notibras.com\\\/site\\\/verstappen-larga-na-pole-em-prova-que-vai-decidir-titulo-na-f-1\\\/\",\"name\":\"Verstappen larga na pole em prova que vai decidir t\u00edtulo na F-1 - Notibras\",\"isPartOf\":{\"@id\":\"https:\\\/\\\/www.notibras.com\\\/site\\\/#website\"},\"primaryImageOfPage\":{\"@id\":\"https:\\\/\\\/www.notibras.com\\\/site\\\/verstappen-larga-na-pole-em-prova-que-vai-decidir-titulo-na-f-1\\\/#primaryimage\"},\"image\":{\"@id\":\"https:\\\/\\\/www.notibras.com\\\/site\\\/verstappen-larga-na-pole-em-prova-que-vai-decidir-titulo-na-f-1\\\/#primaryimage\"},\"thumbnailUrl\":\"https:\\\/\\\/www.notibras.com\\\/site\\\/wp-content\\\/uploads\\\/2019\\\/10\\\/verstappen-pole.jpg\",\"datePublished\":\"2025-12-06T15:15:16+00:00\",\"dateModified\":\"2025-12-06T15:29:43+00:00\",\"breadcrumb\":{\"@id\":\"https:\\\/\\\/www.notibras.com\\\/site\\\/verstappen-larga-na-pole-em-prova-que-vai-decidir-titulo-na-f-1\\\/#breadcrumb\"},\"inLanguage\":\"pt-BR\",\"potentialAction\":[{\"@type\":\"ReadAction\",\"target\":[\"https:\\\/\\\/www.notibras.com\\\/site\\\/verstappen-larga-na-pole-em-prova-que-vai-decidir-titulo-na-f-1\\\/\"]}]},{\"@type\":\"ImageObject\",\"inLanguage\":\"pt-BR\",\"@id\":\"https:\\\/\\\/www.notibras.com\\\/site\\\/verstappen-larga-na-pole-em-prova-que-vai-decidir-titulo-na-f-1\\\/#primaryimage\",\"url\":\"https:\\\/\\\/www.notibras.com\\\/site\\\/wp-content\\\/uploads\\\/2019\\\/10\\\/verstappen-pole.jpg\",\"contentUrl\":\"https:\\\/\\\/www.notibras.com\\\/site\\\/wp-content\\\/uploads\\\/2019\\\/10\\\/verstappen-pole.jpg\",\"width\":800,\"height\":533},{\"@type\":\"BreadcrumbList\",\"@id\":\"https:\\\/\\\/www.notibras.com\\\/site\\\/verstappen-larga-na-pole-em-prova-que-vai-decidir-titulo-na-f-1\\\/#breadcrumb\",\"itemListElement\":[{\"@type\":\"ListItem\",\"position\":1,\"name\":\"In\u00edcio\",\"item\":\"https:\\\/\\\/www.notibras.com\\\/site\\\/\"},{\"@type\":\"ListItem\",\"position\":2,\"name\":\"Verstappen larga na pole em prova que vai decidir t\u00edtulo na F-1\"}]},{\"@type\":\"WebSite\",\"@id\":\"https:\\\/\\\/www.notibras.com\\\/site\\\/#website\",\"url\":\"https:\\\/\\\/www.notibras.com\\\/site\\\/\",\"name\":\"Notibras\",\"description\":\"Not\u00edcias de Bras\u00edlia, do Brasil e do Mundo\",\"publisher\":{\"@id\":\"https:\\\/\\\/www.notibras.com\\\/site\\\/#organization\"},\"potentialAction\":[{\"@type\":\"SearchAction\",\"target\":{\"@type\":\"EntryPoint\",\"urlTemplate\":\"https:\\\/\\\/www.notibras.com\\\/site\\\/?s={search_term_string}\"},\"query-input\":{\"@type\":\"PropertyValueSpecification\",\"valueRequired\":true,\"valueName\":\"search_term_string\"}}],\"inLanguage\":\"pt-BR\"},{\"@type\":\"Organization\",\"@id\":\"https:\\\/\\\/www.notibras.com\\\/site\\\/#organization\",\"name\":\"Grupo Notibras de Comunica\u00e7\u00e3o\",\"url\":\"https:\\\/\\\/www.notibras.com\\\/site\\\/\",\"logo\":{\"@type\":\"ImageObject\",\"inLanguage\":\"pt-BR\",\"@id\":\"https:\\\/\\\/www.notibras.com\\\/site\\\/#\\\/schema\\\/logo\\\/image\\\/\",\"url\":\"https:\\\/\\\/www.notibras.com\\\/site\\\/wp-content\\\/uploads\\\/2023\\\/01\\\/notibras23.png\",\"contentUrl\":\"https:\\\/\\\/www.notibras.com\\\/site\\\/wp-content\\\/uploads\\\/2023\\\/01\\\/notibras23.png\",\"width\":350,\"height\":87,\"caption\":\"Grupo Notibras de Comunica\u00e7\u00e3o\"},\"image\":{\"@id\":\"https:\\\/\\\/www.notibras.com\\\/site\\\/#\\\/schema\\\/logo\\\/image\\\/\"},\"sameAs\":[\"https:\\\/\\\/www.facebook.com\\\/notibras\\\/\",\"https:\\\/\\\/x.com\\\/Notibras\",\"https:\\\/\\\/www.instagram.com\\\/notibras\\\/\"]},{\"@type\":\"Person\",\"@id\":\"https:\\\/\\\/www.notibras.com\\\/site\\\/#\\\/schema\\\/person\\\/36ab0979449956132d3e5b517ea76ac8\",\"name\":\"Reda\u00e7\u00e3o\",\"image\":{\"@type\":\"ImageObject\",\"inLanguage\":\"pt-BR\",\"@id\":\"https:\\\/\\\/secure.gravatar.com\\\/avatar\\\/e0a867bdedb85fd243eadf09663511f96fc81e0720a4a42581f334ad4303aa6b?s=96&d=mm&r=g\",\"url\":\"https:\\\/\\\/secure.gravatar.com\\\/avatar\\\/e0a867bdedb85fd243eadf09663511f96fc81e0720a4a42581f334ad4303aa6b?s=96&d=mm&r=g\",\"contentUrl\":\"https:\\\/\\\/secure.gravatar.com\\\/avatar\\\/e0a867bdedb85fd243eadf09663511f96fc81e0720a4a42581f334ad4303aa6b?s=96&d=mm&r=g\",\"caption\":\"Reda\u00e7\u00e3o\"}}]}<\/script>\n<!-- \/ Yoast SEO plugin. -->","yoast_head_json":{"title":"Verstappen larga na pole em prova que vai decidir t\u00edtulo na F-1 - Notibras","robots":{"index":"index","follow":"follow","max-snippet":"max-snippet:-1","max-image-preview":"max-image-preview:large","max-video-preview":"max-video-preview:-1"},"canonical":"https:\/\/www.notibras.com\/site\/verstappen-larga-na-pole-em-prova-que-vai-decidir-titulo-na-f-1\/","og_locale":"pt_BR","og_type":"article","og_title":"Verstappen larga na pole em prova que vai decidir t\u00edtulo na F-1 - Notibras","og_description":"O tetra campe\u00e3o mundial de F\u00f3rmula 1 Max Verstappen, da Red Bull Racing, vai largar na pole position no GP de Abu Dhabi, o \u00faltimo da temporada 2025 da F\u00f3rmula 1. O holand\u00eas segue firme na luta pelo quinto t\u00edtulo da categoria. Os tr\u00eas envolvidos na disputa pelo campeonato v\u00e3o largar nas tr\u00eas primeiras posi\u00e7\u00f5es. [&hellip;]","og_url":"https:\/\/www.notibras.com\/site\/verstappen-larga-na-pole-em-prova-que-vai-decidir-titulo-na-f-1\/","og_site_name":"Notibras","article_publisher":"https:\/\/www.facebook.com\/notibras\/","article_published_time":"2025-12-06T15:15:16+00:00","article_modified_time":"2025-12-06T15:29:43+00:00","og_image":[{"width":800,"height":533,"url":"https:\/\/www.notibras.com\/site\/wp-content\/uploads\/2019\/10\/verstappen-pole.jpg","type":"image\/jpeg"}],"author":"Reda\u00e7\u00e3o","twitter_card":"summary_large_image","twitter_creator":"@Notibras","twitter_site":"@Notibras","twitter_misc":{"Escrito por":"Reda\u00e7\u00e3o","Est. tempo de leitura":"2 minutos"},"schema":{"@context":"https:\/\/schema.org","@graph":[{"@type":"Article","@id":"https:\/\/www.notibras.com\/site\/verstappen-larga-na-pole-em-prova-que-vai-decidir-titulo-na-f-1\/#article","isPartOf":{"@id":"https:\/\/www.notibras.com\/site\/verstappen-larga-na-pole-em-prova-que-vai-decidir-titulo-na-f-1\/"},"author":{"name":"Reda\u00e7\u00e3o","@id":"https:\/\/www.notibras.com\/site\/#\/schema\/person\/36ab0979449956132d3e5b517ea76ac8"},"headline":"Verstappen larga na pole em prova que vai decidir t\u00edtulo na F-1","datePublished":"2025-12-06T15:15:16+00:00","dateModified":"2025-12-06T15:29:43+00:00","mainEntityOfPage":{"@id":"https:\/\/www.notibras.com\/site\/verstappen-larga-na-pole-em-prova-que-vai-decidir-titulo-na-f-1\/"},"wordCount":168,"publisher":{"@id":"https:\/\/www.notibras.com\/site\/#organization"},"image":{"@id":"https:\/\/www.notibras.com\/site\/verstappen-larga-na-pole-em-prova-que-vai-decidir-titulo-na-f-1\/#primaryimage"},"thumbnailUrl":"https:\/\/www.notibras.com\/site\/wp-content\/uploads\/2019\/10\/verstappen-pole.jpg","keywords":["capa"],"articleSection":["Leitura Vip"],"inLanguage":"pt-BR"},{"@type":"WebPage","@id":"https:\/\/www.notibras.com\/site\/verstappen-larga-na-pole-em-prova-que-vai-decidir-titulo-na-f-1\/","url":"https:\/\/www.notibras.com\/site\/verstappen-larga-na-pole-em-prova-que-vai-decidir-titulo-na-f-1\/","name":"Verstappen larga na pole em prova que vai decidir t\u00edtulo na F-1 - Notibras","isPartOf":{"@id":"https:\/\/www.notibras.com\/site\/#website"},"primaryImageOfPage":{"@id":"https:\/\/www.notibras.com\/site\/verstappen-larga-na-pole-em-prova-que-vai-decidir-titulo-na-f-1\/#primaryimage"},"image":{"@id":"https:\/\/www.notibras.com\/site\/verstappen-larga-na-pole-em-prova-que-vai-decidir-titulo-na-f-1\/#primaryimage"},"thumbnailUrl":"https:\/\/www.notibras.com\/site\/wp-content\/uploads\/2019\/10\/verstappen-pole.jpg","datePublished":"2025-12-06T15:15:16+00:00","dateModified":"2025-12-06T15:29:43+00:00","breadcrumb":{"@id":"https:\/\/www.notibras.com\/site\/verstappen-larga-na-pole-em-prova-que-vai-decidir-titulo-na-f-1\/#breadcrumb"},"inLanguage":"pt-BR","potentialAction":[{"@type":"ReadAction","target":["https:\/\/www.notibras.com\/site\/verstappen-larga-na-pole-em-prova-que-vai-decidir-titulo-na-f-1\/"]}]},{"@type":"ImageObject","inLanguage":"pt-BR","@id":"https:\/\/www.notibras.com\/site\/verstappen-larga-na-pole-em-prova-que-vai-decidir-titulo-na-f-1\/#primaryimage","url":"https:\/\/www.notibras.com\/site\/wp-content\/uploads\/2019\/10\/verstappen-pole.jpg","contentUrl":"https:\/\/www.notibras.com\/site\/wp-content\/uploads\/2019\/10\/verstappen-pole.jpg","width":800,"height":533},{"@type":"BreadcrumbList","@id":"https:\/\/www.notibras.com\/site\/verstappen-larga-na-pole-em-prova-que-vai-decidir-titulo-na-f-1\/#breadcrumb","itemListElement":[{"@type":"ListItem","position":1,"name":"In\u00edcio","item":"https:\/\/www.notibras.com\/site\/"},{"@type":"ListItem","position":2,"name":"Verstappen larga na pole em prova que vai decidir t\u00edtulo na F-1"}]},{"@type":"WebSite","@id":"https:\/\/www.notibras.com\/site\/#website","url":"https:\/\/www.notibras.com\/site\/","name":"Notibras","description":"Not\u00edcias de Bras\u00edlia, do Brasil e do Mundo","publisher":{"@id":"https:\/\/www.notibras.com\/site\/#organization"},"potentialAction":[{"@type":"SearchAction","target":{"@type":"EntryPoint","urlTemplate":"https:\/\/www.notibras.com\/site\/?s={search_term_string}"},"query-input":{"@type":"PropertyValueSpecification","valueRequired":true,"valueName":"search_term_string"}}],"inLanguage":"pt-BR"},{"@type":"Organization","@id":"https:\/\/www.notibras.com\/site\/#organization","name":"Grupo Notibras de Comunica\u00e7\u00e3o","url":"https:\/\/www.notibras.com\/site\/","logo":{"@type":"ImageObject","inLanguage":"pt-BR","@id":"https:\/\/www.notibras.com\/site\/#\/schema\/logo\/image\/","url":"https:\/\/www.notibras.com\/site\/wp-content\/uploads\/2023\/01\/notibras23.png","contentUrl":"https:\/\/www.notibras.com\/site\/wp-content\/uploads\/2023\/01\/notibras23.png","width":350,"height":87,"caption":"Grupo Notibras de Comunica\u00e7\u00e3o"},"image":{"@id":"https:\/\/www.notibras.com\/site\/#\/schema\/logo\/image\/"},"sameAs":["https:\/\/www.facebook.com\/notibras\/","https:\/\/x.com\/Notibras","https:\/\/www.instagram.com\/notibras\/"]},{"@type":"Person","@id":"https:\/\/www.notibras.com\/site\/#\/schema\/person\/36ab0979449956132d3e5b517ea76ac8","name":"Reda\u00e7\u00e3o","image":{"@type":"ImageObject","inLanguage":"pt-BR","@id":"https:\/\/secure.gravatar.com\/avatar\/e0a867bdedb85fd243eadf09663511f96fc81e0720a4a42581f334ad4303aa6b?s=96&d=mm&r=g","url":"https:\/\/secure.gravatar.com\/avatar\/e0a867bdedb85fd243eadf09663511f96fc81e0720a4a42581f334ad4303aa6b?s=96&d=mm&r=g","contentUrl":"https:\/\/secure.gravatar.com\/avatar\/e0a867bdedb85fd243eadf09663511f96fc81e0720a4a42581f334ad4303aa6b?s=96&d=mm&r=g","caption":"Reda\u00e7\u00e3o"}}]}},"amp_enabled":true,"_links":{"self":[{"href":"https:\/\/www.notibras.com\/site\/wp-json\/wp\/v2\/posts\/373813","targetHints":{"allow":["GET"]}}],"collection":[{"href":"https:\/\/www.notibras.com\/site\/wp-json\/wp\/v2\/posts"}],"about":[{"href":"https:\/\/www.notibras.com\/site\/wp-json\/wp\/v2\/types\/post"}],"author":[{"embeddable":true,"href":"https:\/\/www.notibras.com\/site\/wp-json\/wp\/v2\/users\/2"}],"replies":[{"embeddable":true,"href":"https:\/\/www.notibras.com\/site\/wp-json\/wp\/v2\/comments?post=373813"}],"version-history":[{"count":4,"href":"https:\/\/www.notibras.com\/site\/wp-json\/wp\/v2\/posts\/373813\/revisions"}],"predecessor-version":[{"id":373817,"href":"https:\/\/www.notibras.com\/site\/wp-json\/wp\/v2\/posts\/373813\/revisions\/373817"}],"wp:featuredmedia":[{"embeddable":true,"href":"https:\/\/www.notibras.com\/site\/wp-json\/wp\/v2\/media\/218747"}],"wp:attachment":[{"href":"https:\/\/www.notibras.com\/site\/wp-json\/wp\/v2\/media?parent=373813"}],"wp:term":[{"taxonomy":"category","embeddable":true,"href":"https:\/\/www.notibras.com\/site\/wp-json\/wp\/v2\/categories?post=373813"},{"taxonomy":"post_tag","embeddable":true,"href":"https:\/\/www.notibras.com\/site\/wp-json\/wp\/v2\/tags?post=373813"}],"curies":[{"name":"wp","href":"https:\/\/api.w.org\/{rel}","templated":true}]}}