{"id":373819,"date":"2025-12-06T14:25:46","date_gmt":"2025-12-06T17:25:46","guid":{"rendered":"https:\/\/www.notibras.com\/site\/?p=373819"},"modified":"2025-12-06T16:32:05","modified_gmt":"2025-12-06T19:32:05","slug":"lula-apesar-de-ruim-ou-pessimo-37-e-bom-32-rema-em-calmaria","status":"publish","type":"post","link":"https:\/\/www.notibras.com\/site\/lula-apesar-de-ruim-ou-pessimo-37-e-bom-32-rema-em-calmaria\/","title":{"rendered":"Lula, apesar de ruim ou p\u00e9ssimo (37%) e bom (32%) rema em calmaria"},"content":{"rendered":"<p>A nova pesquisa Datafolha confirma um cen\u00e1rio de estabilidade na avalia\u00e7\u00e3o do governo Lula (PT), mas revela movimentos importantes no tabuleiro pol\u00edtico. Segundo o levantamento, 32% dos entrevistados consideram a gest\u00e3o \u00f3tima ou boa, 37% a classificam como ruim ou p\u00e9ssima e 30% a avaliam como regular. Em setembro, esses \u00edndices eram 33%, 38% e 28%, respectivamente \u2014 varia\u00e7\u00f5es dentro da margem de erro que refor\u00e7am a leitura de um governo estagnado em termos de percep\u00e7\u00e3o p\u00fablica.<\/p>\n<p>Apesar desse quadro, o potencial eleitoral de Lula permanece s\u00f3lido. O Datafolha aponta que, se a elei\u00e7\u00e3o fosse hoje, o presidente venceria com folga seus principais advers\u00e1rios. E aqui surge um dado crucial: o senador Fl\u00e1vio Bolsonaro (PL-RJ), que anunciou sua pr\u00e9-candidatura \u00e0 Presid\u00eancia apenas 72 horas antes da coleta de dados, aparece 15 pontos percentuais atr\u00e1s de Lula em um eventual segundo turno. O governador de S\u00e3o Paulo, Tarc\u00edsio de Freitas (Republicanos), teria uma diferen\u00e7a menor \u2014 cinco pontos \u2014 mas ainda seria derrotado.<\/p>\n<p>O fato de a candidatura de Fl\u00e1vio ser t\u00e3o recente \u00e9 central para interpretar o cen\u00e1rio. O nome do senador ainda n\u00e3o foi plenamente testado ou assimilado pelo eleitorado nacional, o que torna seus n\u00fameros embrion\u00e1rios \u2014 por\u00e9m, ao mesmo tempo, reveladores. Mesmo com pouco tempo de exposi\u00e7\u00e3o, Fl\u00e1vio j\u00e1 aparece como o prov\u00e1vel polo de reorganiza\u00e7\u00e3o da direita bolsonarista, sem, contudo, reduzir de forma significativa a vantagem de Lula no segundo turno.<\/p>\n<p>O levantamento ouviu 2.002 eleitores de 16 anos ou mais entre ter\u00e7a (2) e quinta-feira (4), em 113 munic\u00edpios. A margem de erro \u00e9 de dois pontos percentuais.<\/p>\n<p>A atualiza\u00e7\u00e3o dos \u00edndices mostra o seguinte quadro:<\/p>\n<p><strong>\u00d3timo ou bom: 32% (33% em setembro)<\/strong><br \/>\n<strong>Regular: 30% (28% em setembro)<\/strong><br \/>\n<strong>Ruim ou p\u00e9ssimo: 37% (38% em setembro)<\/strong><br \/>\n<strong>N\u00e3o sabe\/n\u00e3o respondeu: 1% (2% em setembro)<\/strong><\/p>\n<p>A medida de isen\u00e7\u00e3o do Imposto de Renda para quem ganha at\u00e9 R$ 5 mil ainda n\u00e3o se traduz em ganho pol\u00edtico claro. Entre os trabalhadores que recebem de dois a cinco sal\u00e1rios m\u00ednimos \u2014 faixa mais diretamente beneficiada \u2014 Lula teve alta de quatro pontos na aprova\u00e7\u00e3o, mas esse movimento est\u00e1 dentro da margem de erro.<\/p>\n<p>Na avalia\u00e7\u00e3o pessoal do presidente, o quadro tamb\u00e9m sugere estabilidade: 49% aprovam Lula (contra 48% na pesquisa anterior) e 48% o desaprovam \u2014 mesmo \u00edndice de setembro.<\/p>\n<p>No detalhamento socioecon\u00f4mico, refor\u00e7am seu apoio ao governo os maiores de 60 anos (40%), os menos escolarizados (44%), os eleitores do Nordeste (43%) e os cat\u00f3licos (40%). J\u00e1 entre grupos tradicionalmente mais cr\u00edticos ao PT, a reprova\u00e7\u00e3o cresce: 46% entre quem tem ensino superior, 53% entre os que ganham de cinco a dez sal\u00e1rios m\u00ednimos, 45% no Sul e 49% entre evang\u00e9licos.<\/p>\n<p>No conjunto, o Datafolha indica que o lulismo mant\u00e9m seu n\u00facleo est\u00e1vel de apoio, enquanto a direita busca reorganizar seu campo. A entrada de Fl\u00e1vio Bolsonaro na disputa \u2014 ainda sem efeito mensur\u00e1vel, mas repleta de simbolismo pol\u00edtico \u2014 inaugura uma nova etapa no jogo eleitoral, cuja capacidade de alterar o cen\u00e1rio depender\u00e1 das pr\u00f3ximas semanas.<\/p>\n<p>&#8230;&#8230;&#8230;&#8230;&#8230;&#8230;&#8230;&#8230;<\/p>\n<p><strong>Marta Nobre \u00e9 Editora-Executiva de Notibras<\/strong><\/p>\n","protected":false},"excerpt":{"rendered":"<p>A nova pesquisa Datafolha confirma um cen\u00e1rio de estabilidade na avalia\u00e7\u00e3o do governo Lula (PT), mas revela movimentos importantes no tabuleiro pol\u00edtico. Segundo o levantamento, 32% dos entrevistados consideram a gest\u00e3o \u00f3tima ou boa, 37% a classificam como ruim ou p\u00e9ssima e 30% a avaliam como regular. Em setembro, esses \u00edndices eram 33%, 38% e [&hellip;]<\/p>\n","protected":false},"author":2,"featured_media":358008,"comment_status":"closed","ping_status":"closed","sticky":false,"template":"","format":"standard","meta":{"_acf_changed":false,"footnotes":""},"categories":[16],"tags":[95],"class_list":["post-373819","post","type-post","status-publish","format-standard","has-post-thumbnail","hentry","category-brasil","tag-capa"],"acf":[],"yoast_head":"<!-- This site is optimized with the Yoast SEO plugin v27.5 - https:\/\/yoast.com\/product\/yoast-seo-wordpress\/ -->\n<title>Lula, apesar de ruim ou p\u00e9ssimo (37%) e bom (32%) rema em calmaria - Notibras<\/title>\n<meta name=\"robots\" content=\"index, follow, max-snippet:-1, max-image-preview:large, max-video-preview:-1\" \/>\n<link rel=\"canonical\" href=\"https:\/\/www.notibras.com\/site\/lula-apesar-de-ruim-ou-pessimo-37-e-bom-32-rema-em-calmaria\/\" \/>\n<meta property=\"og:locale\" content=\"pt_BR\" \/>\n<meta property=\"og:type\" content=\"article\" \/>\n<meta property=\"og:title\" content=\"Lula, apesar de ruim ou p\u00e9ssimo (37%) e bom (32%) rema em calmaria - Notibras\" \/>\n<meta property=\"og:description\" content=\"A nova pesquisa Datafolha confirma um cen\u00e1rio de estabilidade na avalia\u00e7\u00e3o do governo Lula (PT), mas revela movimentos importantes no tabuleiro pol\u00edtico. Segundo o levantamento, 32% dos entrevistados consideram a gest\u00e3o \u00f3tima ou boa, 37% a classificam como ruim ou p\u00e9ssima e 30% a avaliam como regular. Em setembro, esses \u00edndices eram 33%, 38% e [&hellip;]\" \/>\n<meta property=\"og:url\" content=\"https:\/\/www.notibras.com\/site\/lula-apesar-de-ruim-ou-pessimo-37-e-bom-32-rema-em-calmaria\/\" \/>\n<meta property=\"og:site_name\" content=\"Notibras\" \/>\n<meta property=\"article:publisher\" content=\"https:\/\/www.facebook.com\/notibras\/\" \/>\n<meta property=\"article:published_time\" content=\"2025-12-06T17:25:46+00:00\" \/>\n<meta property=\"article:modified_time\" content=\"2025-12-06T19:32:05+00:00\" \/>\n<meta property=\"og:image\" content=\"https:\/\/www.notibras.com\/site\/wp-content\/uploads\/2025\/07\/lula_rio_doce_7.webp\" \/>\n\t<meta property=\"og:image:width\" content=\"770\" \/>\n\t<meta property=\"og:image:height\" content=\"513\" \/>\n\t<meta property=\"og:image:type\" content=\"image\/webp\" \/>\n<meta name=\"author\" content=\"Reda\u00e7\u00e3o\" \/>\n<meta name=\"twitter:card\" content=\"summary_large_image\" \/>\n<meta name=\"twitter:creator\" content=\"@Notibras\" \/>\n<meta name=\"twitter:site\" content=\"@Notibras\" \/>\n<meta name=\"twitter:label1\" content=\"Escrito por\" \/>\n\t<meta name=\"twitter:data1\" content=\"Reda\u00e7\u00e3o\" \/>\n\t<meta name=\"twitter:label2\" content=\"Est. tempo de leitura\" \/>\n\t<meta name=\"twitter:data2\" content=\"3 minutos\" \/>\n<script type=\"application\/ld+json\" class=\"yoast-schema-graph\">{\"@context\":\"https:\\\/\\\/schema.org\",\"@graph\":[{\"@type\":\"Article\",\"@id\":\"https:\\\/\\\/www.notibras.com\\\/site\\\/lula-apesar-de-ruim-ou-pessimo-37-e-bom-32-rema-em-calmaria\\\/#article\",\"isPartOf\":{\"@id\":\"https:\\\/\\\/www.notibras.com\\\/site\\\/lula-apesar-de-ruim-ou-pessimo-37-e-bom-32-rema-em-calmaria\\\/\"},\"author\":{\"name\":\"Reda\u00e7\u00e3o\",\"@id\":\"https:\\\/\\\/www.notibras.com\\\/site\\\/#\\\/schema\\\/person\\\/36ab0979449956132d3e5b517ea76ac8\"},\"headline\":\"Lula, apesar de ruim ou p\u00e9ssimo (37%) e bom (32%) rema em calmaria\",\"datePublished\":\"2025-12-06T17:25:46+00:00\",\"dateModified\":\"2025-12-06T19:32:05+00:00\",\"mainEntityOfPage\":{\"@id\":\"https:\\\/\\\/www.notibras.com\\\/site\\\/lula-apesar-de-ruim-ou-pessimo-37-e-bom-32-rema-em-calmaria\\\/\"},\"wordCount\":531,\"publisher\":{\"@id\":\"https:\\\/\\\/www.notibras.com\\\/site\\\/#organization\"},\"image\":{\"@id\":\"https:\\\/\\\/www.notibras.com\\\/site\\\/lula-apesar-de-ruim-ou-pessimo-37-e-bom-32-rema-em-calmaria\\\/#primaryimage\"},\"thumbnailUrl\":\"https:\\\/\\\/www.notibras.com\\\/site\\\/wp-content\\\/uploads\\\/2025\\\/07\\\/lula_rio_doce_7.webp\",\"keywords\":[\"capa\"],\"articleSection\":[\"Brasil\"],\"inLanguage\":\"pt-BR\"},{\"@type\":\"WebPage\",\"@id\":\"https:\\\/\\\/www.notibras.com\\\/site\\\/lula-apesar-de-ruim-ou-pessimo-37-e-bom-32-rema-em-calmaria\\\/\",\"url\":\"https:\\\/\\\/www.notibras.com\\\/site\\\/lula-apesar-de-ruim-ou-pessimo-37-e-bom-32-rema-em-calmaria\\\/\",\"name\":\"Lula, apesar de ruim ou p\u00e9ssimo (37%) e bom (32%) rema em calmaria - Notibras\",\"isPartOf\":{\"@id\":\"https:\\\/\\\/www.notibras.com\\\/site\\\/#website\"},\"primaryImageOfPage\":{\"@id\":\"https:\\\/\\\/www.notibras.com\\\/site\\\/lula-apesar-de-ruim-ou-pessimo-37-e-bom-32-rema-em-calmaria\\\/#primaryimage\"},\"image\":{\"@id\":\"https:\\\/\\\/www.notibras.com\\\/site\\\/lula-apesar-de-ruim-ou-pessimo-37-e-bom-32-rema-em-calmaria\\\/#primaryimage\"},\"thumbnailUrl\":\"https:\\\/\\\/www.notibras.com\\\/site\\\/wp-content\\\/uploads\\\/2025\\\/07\\\/lula_rio_doce_7.webp\",\"datePublished\":\"2025-12-06T17:25:46+00:00\",\"dateModified\":\"2025-12-06T19:32:05+00:00\",\"breadcrumb\":{\"@id\":\"https:\\\/\\\/www.notibras.com\\\/site\\\/lula-apesar-de-ruim-ou-pessimo-37-e-bom-32-rema-em-calmaria\\\/#breadcrumb\"},\"inLanguage\":\"pt-BR\",\"potentialAction\":[{\"@type\":\"ReadAction\",\"target\":[\"https:\\\/\\\/www.notibras.com\\\/site\\\/lula-apesar-de-ruim-ou-pessimo-37-e-bom-32-rema-em-calmaria\\\/\"]}]},{\"@type\":\"ImageObject\",\"inLanguage\":\"pt-BR\",\"@id\":\"https:\\\/\\\/www.notibras.com\\\/site\\\/lula-apesar-de-ruim-ou-pessimo-37-e-bom-32-rema-em-calmaria\\\/#primaryimage\",\"url\":\"https:\\\/\\\/www.notibras.com\\\/site\\\/wp-content\\\/uploads\\\/2025\\\/07\\\/lula_rio_doce_7.webp\",\"contentUrl\":\"https:\\\/\\\/www.notibras.com\\\/site\\\/wp-content\\\/uploads\\\/2025\\\/07\\\/lula_rio_doce_7.webp\",\"width\":770,\"height\":513},{\"@type\":\"BreadcrumbList\",\"@id\":\"https:\\\/\\\/www.notibras.com\\\/site\\\/lula-apesar-de-ruim-ou-pessimo-37-e-bom-32-rema-em-calmaria\\\/#breadcrumb\",\"itemListElement\":[{\"@type\":\"ListItem\",\"position\":1,\"name\":\"In\u00edcio\",\"item\":\"https:\\\/\\\/www.notibras.com\\\/site\\\/\"},{\"@type\":\"ListItem\",\"position\":2,\"name\":\"Lula, apesar de ruim ou p\u00e9ssimo (37%) e bom (32%) rema em calmaria\"}]},{\"@type\":\"WebSite\",\"@id\":\"https:\\\/\\\/www.notibras.com\\\/site\\\/#website\",\"url\":\"https:\\\/\\\/www.notibras.com\\\/site\\\/\",\"name\":\"Notibras\",\"description\":\"Not\u00edcias de Bras\u00edlia, do Brasil e do Mundo\",\"publisher\":{\"@id\":\"https:\\\/\\\/www.notibras.com\\\/site\\\/#organization\"},\"potentialAction\":[{\"@type\":\"SearchAction\",\"target\":{\"@type\":\"EntryPoint\",\"urlTemplate\":\"https:\\\/\\\/www.notibras.com\\\/site\\\/?s={search_term_string}\"},\"query-input\":{\"@type\":\"PropertyValueSpecification\",\"valueRequired\":true,\"valueName\":\"search_term_string\"}}],\"inLanguage\":\"pt-BR\"},{\"@type\":\"Organization\",\"@id\":\"https:\\\/\\\/www.notibras.com\\\/site\\\/#organization\",\"name\":\"Grupo Notibras de Comunica\u00e7\u00e3o\",\"url\":\"https:\\\/\\\/www.notibras.com\\\/site\\\/\",\"logo\":{\"@type\":\"ImageObject\",\"inLanguage\":\"pt-BR\",\"@id\":\"https:\\\/\\\/www.notibras.com\\\/site\\\/#\\\/schema\\\/logo\\\/image\\\/\",\"url\":\"https:\\\/\\\/www.notibras.com\\\/site\\\/wp-content\\\/uploads\\\/2023\\\/01\\\/notibras23.png\",\"contentUrl\":\"https:\\\/\\\/www.notibras.com\\\/site\\\/wp-content\\\/uploads\\\/2023\\\/01\\\/notibras23.png\",\"width\":350,\"height\":87,\"caption\":\"Grupo Notibras de Comunica\u00e7\u00e3o\"},\"image\":{\"@id\":\"https:\\\/\\\/www.notibras.com\\\/site\\\/#\\\/schema\\\/logo\\\/image\\\/\"},\"sameAs\":[\"https:\\\/\\\/www.facebook.com\\\/notibras\\\/\",\"https:\\\/\\\/x.com\\\/Notibras\",\"https:\\\/\\\/www.instagram.com\\\/notibras\\\/\"]},{\"@type\":\"Person\",\"@id\":\"https:\\\/\\\/www.notibras.com\\\/site\\\/#\\\/schema\\\/person\\\/36ab0979449956132d3e5b517ea76ac8\",\"name\":\"Reda\u00e7\u00e3o\",\"image\":{\"@type\":\"ImageObject\",\"inLanguage\":\"pt-BR\",\"@id\":\"https:\\\/\\\/secure.gravatar.com\\\/avatar\\\/e0a867bdedb85fd243eadf09663511f96fc81e0720a4a42581f334ad4303aa6b?s=96&d=mm&r=g\",\"url\":\"https:\\\/\\\/secure.gravatar.com\\\/avatar\\\/e0a867bdedb85fd243eadf09663511f96fc81e0720a4a42581f334ad4303aa6b?s=96&d=mm&r=g\",\"contentUrl\":\"https:\\\/\\\/secure.gravatar.com\\\/avatar\\\/e0a867bdedb85fd243eadf09663511f96fc81e0720a4a42581f334ad4303aa6b?s=96&d=mm&r=g\",\"caption\":\"Reda\u00e7\u00e3o\"}}]}<\/script>\n<!-- \/ Yoast SEO plugin. -->","yoast_head_json":{"title":"Lula, apesar de ruim ou p\u00e9ssimo (37%) e bom (32%) rema em calmaria - Notibras","robots":{"index":"index","follow":"follow","max-snippet":"max-snippet:-1","max-image-preview":"max-image-preview:large","max-video-preview":"max-video-preview:-1"},"canonical":"https:\/\/www.notibras.com\/site\/lula-apesar-de-ruim-ou-pessimo-37-e-bom-32-rema-em-calmaria\/","og_locale":"pt_BR","og_type":"article","og_title":"Lula, apesar de ruim ou p\u00e9ssimo (37%) e bom (32%) rema em calmaria - Notibras","og_description":"A nova pesquisa Datafolha confirma um cen\u00e1rio de estabilidade na avalia\u00e7\u00e3o do governo Lula (PT), mas revela movimentos importantes no tabuleiro pol\u00edtico. Segundo o levantamento, 32% dos entrevistados consideram a gest\u00e3o \u00f3tima ou boa, 37% a classificam como ruim ou p\u00e9ssima e 30% a avaliam como regular. Em setembro, esses \u00edndices eram 33%, 38% e [&hellip;]","og_url":"https:\/\/www.notibras.com\/site\/lula-apesar-de-ruim-ou-pessimo-37-e-bom-32-rema-em-calmaria\/","og_site_name":"Notibras","article_publisher":"https:\/\/www.facebook.com\/notibras\/","article_published_time":"2025-12-06T17:25:46+00:00","article_modified_time":"2025-12-06T19:32:05+00:00","og_image":[{"width":770,"height":513,"url":"https:\/\/www.notibras.com\/site\/wp-content\/uploads\/2025\/07\/lula_rio_doce_7.webp","type":"image\/webp"}],"author":"Reda\u00e7\u00e3o","twitter_card":"summary_large_image","twitter_creator":"@Notibras","twitter_site":"@Notibras","twitter_misc":{"Escrito por":"Reda\u00e7\u00e3o","Est. tempo de leitura":"3 minutos"},"schema":{"@context":"https:\/\/schema.org","@graph":[{"@type":"Article","@id":"https:\/\/www.notibras.com\/site\/lula-apesar-de-ruim-ou-pessimo-37-e-bom-32-rema-em-calmaria\/#article","isPartOf":{"@id":"https:\/\/www.notibras.com\/site\/lula-apesar-de-ruim-ou-pessimo-37-e-bom-32-rema-em-calmaria\/"},"author":{"name":"Reda\u00e7\u00e3o","@id":"https:\/\/www.notibras.com\/site\/#\/schema\/person\/36ab0979449956132d3e5b517ea76ac8"},"headline":"Lula, apesar de ruim ou p\u00e9ssimo (37%) e bom (32%) rema em calmaria","datePublished":"2025-12-06T17:25:46+00:00","dateModified":"2025-12-06T19:32:05+00:00","mainEntityOfPage":{"@id":"https:\/\/www.notibras.com\/site\/lula-apesar-de-ruim-ou-pessimo-37-e-bom-32-rema-em-calmaria\/"},"wordCount":531,"publisher":{"@id":"https:\/\/www.notibras.com\/site\/#organization"},"image":{"@id":"https:\/\/www.notibras.com\/site\/lula-apesar-de-ruim-ou-pessimo-37-e-bom-32-rema-em-calmaria\/#primaryimage"},"thumbnailUrl":"https:\/\/www.notibras.com\/site\/wp-content\/uploads\/2025\/07\/lula_rio_doce_7.webp","keywords":["capa"],"articleSection":["Brasil"],"inLanguage":"pt-BR"},{"@type":"WebPage","@id":"https:\/\/www.notibras.com\/site\/lula-apesar-de-ruim-ou-pessimo-37-e-bom-32-rema-em-calmaria\/","url":"https:\/\/www.notibras.com\/site\/lula-apesar-de-ruim-ou-pessimo-37-e-bom-32-rema-em-calmaria\/","name":"Lula, apesar de ruim ou p\u00e9ssimo (37%) e bom (32%) rema em calmaria - Notibras","isPartOf":{"@id":"https:\/\/www.notibras.com\/site\/#website"},"primaryImageOfPage":{"@id":"https:\/\/www.notibras.com\/site\/lula-apesar-de-ruim-ou-pessimo-37-e-bom-32-rema-em-calmaria\/#primaryimage"},"image":{"@id":"https:\/\/www.notibras.com\/site\/lula-apesar-de-ruim-ou-pessimo-37-e-bom-32-rema-em-calmaria\/#primaryimage"},"thumbnailUrl":"https:\/\/www.notibras.com\/site\/wp-content\/uploads\/2025\/07\/lula_rio_doce_7.webp","datePublished":"2025-12-06T17:25:46+00:00","dateModified":"2025-12-06T19:32:05+00:00","breadcrumb":{"@id":"https:\/\/www.notibras.com\/site\/lula-apesar-de-ruim-ou-pessimo-37-e-bom-32-rema-em-calmaria\/#breadcrumb"},"inLanguage":"pt-BR","potentialAction":[{"@type":"ReadAction","target":["https:\/\/www.notibras.com\/site\/lula-apesar-de-ruim-ou-pessimo-37-e-bom-32-rema-em-calmaria\/"]}]},{"@type":"ImageObject","inLanguage":"pt-BR","@id":"https:\/\/www.notibras.com\/site\/lula-apesar-de-ruim-ou-pessimo-37-e-bom-32-rema-em-calmaria\/#primaryimage","url":"https:\/\/www.notibras.com\/site\/wp-content\/uploads\/2025\/07\/lula_rio_doce_7.webp","contentUrl":"https:\/\/www.notibras.com\/site\/wp-content\/uploads\/2025\/07\/lula_rio_doce_7.webp","width":770,"height":513},{"@type":"BreadcrumbList","@id":"https:\/\/www.notibras.com\/site\/lula-apesar-de-ruim-ou-pessimo-37-e-bom-32-rema-em-calmaria\/#breadcrumb","itemListElement":[{"@type":"ListItem","position":1,"name":"In\u00edcio","item":"https:\/\/www.notibras.com\/site\/"},{"@type":"ListItem","position":2,"name":"Lula, apesar de ruim ou p\u00e9ssimo (37%) e bom (32%) rema em calmaria"}]},{"@type":"WebSite","@id":"https:\/\/www.notibras.com\/site\/#website","url":"https:\/\/www.notibras.com\/site\/","name":"Notibras","description":"Not\u00edcias de Bras\u00edlia, do Brasil e do Mundo","publisher":{"@id":"https:\/\/www.notibras.com\/site\/#organization"},"potentialAction":[{"@type":"SearchAction","target":{"@type":"EntryPoint","urlTemplate":"https:\/\/www.notibras.com\/site\/?s={search_term_string}"},"query-input":{"@type":"PropertyValueSpecification","valueRequired":true,"valueName":"search_term_string"}}],"inLanguage":"pt-BR"},{"@type":"Organization","@id":"https:\/\/www.notibras.com\/site\/#organization","name":"Grupo Notibras de Comunica\u00e7\u00e3o","url":"https:\/\/www.notibras.com\/site\/","logo":{"@type":"ImageObject","inLanguage":"pt-BR","@id":"https:\/\/www.notibras.com\/site\/#\/schema\/logo\/image\/","url":"https:\/\/www.notibras.com\/site\/wp-content\/uploads\/2023\/01\/notibras23.png","contentUrl":"https:\/\/www.notibras.com\/site\/wp-content\/uploads\/2023\/01\/notibras23.png","width":350,"height":87,"caption":"Grupo Notibras de Comunica\u00e7\u00e3o"},"image":{"@id":"https:\/\/www.notibras.com\/site\/#\/schema\/logo\/image\/"},"sameAs":["https:\/\/www.facebook.com\/notibras\/","https:\/\/x.com\/Notibras","https:\/\/www.instagram.com\/notibras\/"]},{"@type":"Person","@id":"https:\/\/www.notibras.com\/site\/#\/schema\/person\/36ab0979449956132d3e5b517ea76ac8","name":"Reda\u00e7\u00e3o","image":{"@type":"ImageObject","inLanguage":"pt-BR","@id":"https:\/\/secure.gravatar.com\/avatar\/e0a867bdedb85fd243eadf09663511f96fc81e0720a4a42581f334ad4303aa6b?s=96&d=mm&r=g","url":"https:\/\/secure.gravatar.com\/avatar\/e0a867bdedb85fd243eadf09663511f96fc81e0720a4a42581f334ad4303aa6b?s=96&d=mm&r=g","contentUrl":"https:\/\/secure.gravatar.com\/avatar\/e0a867bdedb85fd243eadf09663511f96fc81e0720a4a42581f334ad4303aa6b?s=96&d=mm&r=g","caption":"Reda\u00e7\u00e3o"}}]}},"amp_enabled":true,"_links":{"self":[{"href":"https:\/\/www.notibras.com\/site\/wp-json\/wp\/v2\/posts\/373819","targetHints":{"allow":["GET"]}}],"collection":[{"href":"https:\/\/www.notibras.com\/site\/wp-json\/wp\/v2\/posts"}],"about":[{"href":"https:\/\/www.notibras.com\/site\/wp-json\/wp\/v2\/types\/post"}],"author":[{"embeddable":true,"href":"https:\/\/www.notibras.com\/site\/wp-json\/wp\/v2\/users\/2"}],"replies":[{"embeddable":true,"href":"https:\/\/www.notibras.com\/site\/wp-json\/wp\/v2\/comments?post=373819"}],"version-history":[{"count":4,"href":"https:\/\/www.notibras.com\/site\/wp-json\/wp\/v2\/posts\/373819\/revisions"}],"predecessor-version":[{"id":373823,"href":"https:\/\/www.notibras.com\/site\/wp-json\/wp\/v2\/posts\/373819\/revisions\/373823"}],"wp:featuredmedia":[{"embeddable":true,"href":"https:\/\/www.notibras.com\/site\/wp-json\/wp\/v2\/media\/358008"}],"wp:attachment":[{"href":"https:\/\/www.notibras.com\/site\/wp-json\/wp\/v2\/media?parent=373819"}],"wp:term":[{"taxonomy":"category","embeddable":true,"href":"https:\/\/www.notibras.com\/site\/wp-json\/wp\/v2\/categories?post=373819"},{"taxonomy":"post_tag","embeddable":true,"href":"https:\/\/www.notibras.com\/site\/wp-json\/wp\/v2\/tags?post=373819"}],"curies":[{"name":"wp","href":"https:\/\/api.w.org\/{rel}","templated":true}]}}