{"id":373827,"date":"2025-12-07T00:30:08","date_gmt":"2025-12-07T03:30:08","guid":{"rendered":"https:\/\/www.notibras.com\/site\/?p=373827"},"modified":"2025-12-06T19:18:25","modified_gmt":"2025-12-06T22:18:25","slug":"exposicao-celebra-os-50-anos-do-aurelio","status":"publish","type":"post","link":"https:\/\/www.notibras.com\/site\/exposicao-celebra-os-50-anos-do-aurelio\/","title":{"rendered":"Exposi\u00e7\u00e3o celebra os 50 anos do Aur\u00e9lio"},"content":{"rendered":"<p>Bras\u00edlia recebe, pela primeira vez, parte do acervo de Aur\u00e9lio Buarque de Holanda, um dos mais importantes nomes da lexicografia brasileira. A exposi\u00e7\u00e3o \u201cPalavras que Voam: Acervo Aur\u00e9lio Buarque de Holanda\u201d foi inaugurada neste s\u00e1bado (6) no Sesi Lab, marcando as comemora\u00e7\u00f5es pelos 50 anos do Dicion\u00e1rio Aur\u00e9lio da L\u00edngua Portuguesa, obra que se tornou refer\u00eancia nacional desde seu lan\u00e7amento, em 1975.<\/p>\n<p>Produzida originalmente pela Casa Firjan, vinculada \u00e0 Federa\u00e7\u00e3o das Ind\u00fastrias do Estado do Rio de Janeiro, a mostra fica em cartaz at\u00e9 30 de mar\u00e7o de 2026. A abertura, no s\u00e1bado, tem entrada gratuita para quem se inscreveu com anteced\u00eancia. A partir de domingo (7), os ingressos custam R$ 20 (inteira) e R$ 10 (meia).<\/p>\n<p>Esta \u00e9 a primeira viagem da exposi\u00e7\u00e3o fora do Rio de Janeiro, onde a Casa Firjan mant\u00e9m, desde 2018, o acervo sob sua guarda.<\/p>\n<p>Para a superintendente de Cultura do Sesi, Claudia Ramalho, trazer o material \u00e0 capital federal \u00e9 uma oportunidade singular:<\/p>\n<p>\u201cCelebramos n\u00e3o apenas um livro, mas uma obra cultural que moldou a forma como o Brasil enxerga sua l\u00edngua. Queremos que o visitante saia com a sensa\u00e7\u00e3o de que as palavras voam e transportam saberes, mem\u00f3rias e futuros\u201d, afirma.<\/p>\n<p><strong>Novo espa\u00e7o<\/strong><\/p>\n<p>A exposi\u00e7\u00e3o inaugura o novo espa\u00e7o multiuso do Sesi Lab, onde funcionava a loja do museu, que passou por adapta\u00e7\u00e3o para receber mostras de m\u00e9dio e grande porte. Ali, o p\u00fablico poder\u00e1 explorar diferentes dimens\u00f5es do trabalho de Aur\u00e9lio: manuscritos, anota\u00e7\u00f5es, correspond\u00eancias, refer\u00eancias intelectuais e o processo editorial que levou \u00e0 cria\u00e7\u00e3o de um dos dicion\u00e1rios mais populares do pa\u00eds.<\/p>\n<p>Cristiane Alves, gerente geral de Desenvolvimento e Inova\u00e7\u00e3o Empresarial da Firjan, destaca o car\u00e1ter contempor\u00e2neo da mostra:<\/p>\n<p>\u201cMais do que uma homenagem, a exposi\u00e7\u00e3o \u00e9 um convite \u00e0 imers\u00e3o no universo intelectual de Aur\u00e9lio. Sua trajet\u00f3ria atravessou artes, jornalismo, cr\u00edtica liter\u00e1ria, educa\u00e7\u00e3o e a lexicografia. O dicion\u00e1rio \u00e9, por natureza, uma obra que se renova, acompanha o esp\u00edrito de sua \u00e9poca e dialoga com futuro\u201d, afirma.<\/p>\n<p>A mostra \u00e9 dividida em quatro n\u00facleos:<\/p>\n<p><strong>Linha do Tempo:<\/strong> apresenta os marcos da vida do lexic\u00f3grafo e a evolu\u00e7\u00e3o de sua obra, incluindo a relev\u00e2ncia editorial das grandes tiragens do dicion\u00e1rio.<\/p>\n<p><strong>O Dicion\u00e1rio:<\/strong> revela o processo de constru\u00e7\u00e3o do Aur\u00e9lio, suas metodologias e edi\u00e7\u00f5es ao longo de cinco d\u00e9cadas.<\/p>\n<p><strong>Acervo:<\/strong> re\u00fane anota\u00e7\u00f5es pessoais, dedicat\u00f3rias, documentos e exemplares que expressam a diversidade intelectual do autor.<\/p>\n<p><strong>L\u00edngua Viva:<\/strong> discute a transforma\u00e7\u00e3o constante da l\u00edngua portuguesa e o papel das express\u00f5es populares.<\/p>\n<p>Um document\u00e1rio exclusivo complementa a experi\u00eancia, com depoimentos de nomes ligados \u00e0 hist\u00f3ria da obra, como o tradutor Paulo Geiger, editor do dicion\u00e1rio, e Nora R\u00f3nai, al\u00e9m do destaque \u00e0 atua\u00e7\u00e3o de Marina Baird Ferreira, esposa de Aur\u00e9lio, respons\u00e1vel pela log\u00edstica da publica\u00e7\u00e3o da primeira edi\u00e7\u00e3o, em 1975.<\/p>\n<p><strong>Servi\u00e7o<\/strong><\/p>\n<p>Exposi\u00e7\u00e3o \u201cPalavras que Voam \u2013 Acervo Aur\u00e9lio Buarque de Holanda\u201d<\/p>\n<p>Abertura: 6 de dezembro de 2025 (entrada gratuita)<\/p>\n<p>Per\u00edodo de visita\u00e7\u00e3o: at\u00e9 30 de mar\u00e7o de 2026<\/p>\n<p>Ingressos: R$ 20 (inteira) e R$ 10 (meia)<\/p>\n<p>Local: Sesi Lab, Bras\u00edlia<\/p>\n","protected":false},"excerpt":{"rendered":"<p>Bras\u00edlia recebe, pela primeira vez, parte do acervo de Aur\u00e9lio Buarque de Holanda, um dos mais importantes nomes da lexicografia brasileira. A exposi\u00e7\u00e3o \u201cPalavras que Voam: Acervo Aur\u00e9lio Buarque de Holanda\u201d foi inaugurada neste s\u00e1bado (6) no Sesi Lab, marcando as comemora\u00e7\u00f5es pelos 50 anos do Dicion\u00e1rio Aur\u00e9lio da L\u00edngua Portuguesa, obra que se tornou [&hellip;]<\/p>\n","protected":false},"author":21,"featured_media":373828,"comment_status":"closed","ping_status":"closed","sticky":false,"template":"","format":"standard","meta":{"_acf_changed":false,"footnotes":""},"categories":[161],"tags":[],"class_list":["post-373827","post","type-post","status-publish","format-standard","has-post-thumbnail","hentry","category-quadradinho-em-foco"],"acf":[],"_links":{"self":[{"href":"https:\/\/www.notibras.com\/site\/wp-json\/wp\/v2\/posts\/373827","targetHints":{"allow":["GET"]}}],"collection":[{"href":"https:\/\/www.notibras.com\/site\/wp-json\/wp\/v2\/posts"}],"about":[{"href":"https:\/\/www.notibras.com\/site\/wp-json\/wp\/v2\/types\/post"}],"author":[{"embeddable":true,"href":"https:\/\/www.notibras.com\/site\/wp-json\/wp\/v2\/users\/21"}],"replies":[{"embeddable":true,"href":"https:\/\/www.notibras.com\/site\/wp-json\/wp\/v2\/comments?post=373827"}],"version-history":[{"count":3,"href":"https:\/\/www.notibras.com\/site\/wp-json\/wp\/v2\/posts\/373827\/revisions"}],"predecessor-version":[{"id":373831,"href":"https:\/\/www.notibras.com\/site\/wp-json\/wp\/v2\/posts\/373827\/revisions\/373831"}],"wp:featuredmedia":[{"embeddable":true,"href":"https:\/\/www.notibras.com\/site\/wp-json\/wp\/v2\/media\/373828"}],"wp:attachment":[{"href":"https:\/\/www.notibras.com\/site\/wp-json\/wp\/v2\/media?parent=373827"}],"wp:term":[{"taxonomy":"category","embeddable":true,"href":"https:\/\/www.notibras.com\/site\/wp-json\/wp\/v2\/categories?post=373827"},{"taxonomy":"post_tag","embeddable":true,"href":"https:\/\/www.notibras.com\/site\/wp-json\/wp\/v2\/tags?post=373827"}],"curies":[{"name":"wp","href":"https:\/\/api.w.org\/{rel}","templated":true}]}}