{"id":373839,"date":"2025-12-07T02:15:25","date_gmt":"2025-12-07T05:15:25","guid":{"rendered":"https:\/\/www.notibras.com\/site\/?p=373839"},"modified":"2025-12-07T03:53:17","modified_gmt":"2025-12-07T06:53:17","slug":"festa-da-cueca-deixa-sergio-moro-com-as-calcas-nas-maos","status":"publish","type":"post","link":"https:\/\/www.notibras.com\/site\/festa-da-cueca-deixa-sergio-moro-com-as-calcas-nas-maos\/","title":{"rendered":"Festa da cueca deixa S\u00e9rgio Moro com as cal\u00e7as nas m\u00e3os"},"content":{"rendered":"<p>Foi amplamente noticiado nesta semana que o ministro Dias Toffoli ordenou uma busca e apreens\u00e3o na 13\u00aa Vara Federal de Curitiba, justamente aquela em que S\u00e9rgio Moro reinou por tantos anos como juiz, e onde boa parte da Opera\u00e7\u00e3o Lava Jato foi conduzida. At\u00e9 a\u00ed, eu j\u00e1 imaginava que alguma coisa viria \u00e0 tona. Mas ontem soubemos que, entre os arquivos apreendidos pela Pol\u00edcia Federal, havia um v\u00eddeo conhecido como \u201cfesta da cueca\u201d.<\/p>\n<p>Segundo as informa\u00e7\u00f5es divulgadas, trata-se de uma grava\u00e7\u00e3o em que desembargadores do TRF-4 aparecem em um quarto de hotel, em Curitiba, com garotas de programa. A suspeita que agora o STF investiga \u00e9 se esse v\u00eddeo foi usado para chantagear os pr\u00f3prios desembargadores. Chantagens que, ao que tudo indica, envolveriam principalmente decis\u00f5es judiciais.<\/p>\n<p>Se essa hip\u00f3tese se confirmar, fica mais f\u00e1cil compreender a velocidade quase sobrenatural com que saiu a decis\u00e3o da segunda inst\u00e2ncia que condenou Lula. Um julgamento rel\u00e2mpago, r\u00e1pido o suficiente para tir\u00e1-lo das elei\u00e7\u00f5es e pavimentar o caminho para que o juiz respons\u00e1vel pela condena\u00e7\u00e3o fosse recompensado com o cargo de ministro da Justi\u00e7a do principal advers\u00e1rio pol\u00edtico de Lula. A hist\u00f3ria n\u00e3o apenas se explica: ela se encaixa.<\/p>\n<p>A verdade \u00e9 que h\u00e1 muito tempo sabemos que Moro n\u00e3o \u00e9 exatamente o exemplo de corre\u00e7\u00e3o que tentou vender ao pa\u00eds. Vale lembrar que, em junho de 2024, o Conselho Nacional de Justi\u00e7a publicou um relat\u00f3rio apontando que Moro, quando ainda magistrado, teria atuado em parceria com Deltan Dallagnol e a ju\u00edza Gabriela Hardt para destinar R$ 2,5 bilh\u00f5es \u00e0 cria\u00e7\u00e3o de uma entidade privada. Um esquema de propor\u00e7\u00f5es in\u00e9ditas. Moro, como sempre, nega tudo.<\/p>\n<p>Mas a cada nova revela\u00e7\u00e3o, a cada documento que aparece, fica mais evidente que a Lava Jato tinha muito menos de cruzada moral e muito mais de projeto pol\u00edtico daqueles que se articulam nos bastidores, longe da luz do dia, e que custaram caro n\u00e3o apenas \u00e0 democracia, mas \u00e0 verdade dos fatos.<\/p>\n<p>E agora, com a \u201cfesta da cueca\u201d entrando na hist\u00f3ria, talvez finalmente estejamos come\u00e7ando a entender o tamanho real da farsa.<\/p>\n","protected":false},"excerpt":{"rendered":"<p>Foi amplamente noticiado nesta semana que o ministro Dias Toffoli ordenou uma busca e apreens\u00e3o na 13\u00aa Vara Federal de Curitiba, justamente aquela em que S\u00e9rgio Moro reinou por tantos anos como juiz, e onde boa parte da Opera\u00e7\u00e3o Lava Jato foi conduzida. At\u00e9 a\u00ed, eu j\u00e1 imaginava que alguma coisa viria \u00e0 tona. Mas [&hellip;]<\/p>\n","protected":false},"author":21,"featured_media":373841,"comment_status":"closed","ping_status":"closed","sticky":false,"template":"","format":"standard","meta":{"_acf_changed":false,"footnotes":""},"categories":[235],"tags":[95],"class_list":["post-373839","post","type-post","status-publish","format-standard","has-post-thumbnail","hentry","category-dona-irene","tag-capa"],"acf":[],"yoast_head":"<!-- This site is optimized with the Yoast SEO plugin v27.5 - https:\/\/yoast.com\/product\/yoast-seo-wordpress\/ -->\n<title>Festa da cueca deixa S\u00e9rgio Moro com as cal\u00e7as nas m\u00e3os - Notibras<\/title>\n<meta name=\"robots\" content=\"index, follow, max-snippet:-1, max-image-preview:large, max-video-preview:-1\" \/>\n<link rel=\"canonical\" href=\"https:\/\/www.notibras.com\/site\/festa-da-cueca-deixa-sergio-moro-com-as-calcas-nas-maos\/\" \/>\n<meta property=\"og:locale\" content=\"pt_BR\" \/>\n<meta property=\"og:type\" content=\"article\" \/>\n<meta property=\"og:title\" content=\"Festa da cueca deixa S\u00e9rgio Moro com as cal\u00e7as nas m\u00e3os - Notibras\" \/>\n<meta property=\"og:description\" content=\"Foi amplamente noticiado nesta semana que o ministro Dias Toffoli ordenou uma busca e apreens\u00e3o na 13\u00aa Vara Federal de Curitiba, justamente aquela em que S\u00e9rgio Moro reinou por tantos anos como juiz, e onde boa parte da Opera\u00e7\u00e3o Lava Jato foi conduzida. At\u00e9 a\u00ed, eu j\u00e1 imaginava que alguma coisa viria \u00e0 tona. Mas [&hellip;]\" \/>\n<meta property=\"og:url\" content=\"https:\/\/www.notibras.com\/site\/festa-da-cueca-deixa-sergio-moro-com-as-calcas-nas-maos\/\" \/>\n<meta property=\"og:site_name\" content=\"Notibras\" \/>\n<meta property=\"article:publisher\" content=\"https:\/\/www.facebook.com\/notibras\/\" \/>\n<meta property=\"article:published_time\" content=\"2025-12-07T05:15:25+00:00\" \/>\n<meta property=\"article:modified_time\" content=\"2025-12-07T06:53:17+00:00\" \/>\n<meta property=\"og:image\" content=\"https:\/\/www.notibras.com\/site\/wp-content\/uploads\/2025\/12\/moro-foto-de-desdem.jpg\" \/>\n\t<meta property=\"og:image:width\" content=\"689\" \/>\n\t<meta property=\"og:image:height\" content=\"315\" \/>\n\t<meta property=\"og:image:type\" content=\"image\/jpeg\" \/>\n<meta name=\"author\" content=\"Eduardo Mart\u00ednez\" \/>\n<meta name=\"twitter:card\" content=\"summary_large_image\" \/>\n<meta name=\"twitter:creator\" content=\"@Notibras\" \/>\n<meta name=\"twitter:site\" content=\"@Notibras\" \/>\n<meta name=\"twitter:label1\" content=\"Escrito por\" \/>\n\t<meta name=\"twitter:data1\" content=\"Eduardo Mart\u00ednez\" \/>\n\t<meta name=\"twitter:label2\" content=\"Est. tempo de leitura\" \/>\n\t<meta name=\"twitter:data2\" content=\"3 minutos\" \/>\n<script type=\"application\/ld+json\" class=\"yoast-schema-graph\">{\"@context\":\"https:\\\/\\\/schema.org\",\"@graph\":[{\"@type\":\"Article\",\"@id\":\"https:\\\/\\\/www.notibras.com\\\/site\\\/festa-da-cueca-deixa-sergio-moro-com-as-calcas-nas-maos\\\/#article\",\"isPartOf\":{\"@id\":\"https:\\\/\\\/www.notibras.com\\\/site\\\/festa-da-cueca-deixa-sergio-moro-com-as-calcas-nas-maos\\\/\"},\"author\":{\"name\":\"Eduardo Mart\u00ednez\",\"@id\":\"https:\\\/\\\/www.notibras.com\\\/site\\\/#\\\/schema\\\/person\\\/5b7fabf2aedc3ada2105f03b22b4d3dd\"},\"headline\":\"Festa da cueca deixa S\u00e9rgio Moro com as cal\u00e7as nas m\u00e3os\",\"datePublished\":\"2025-12-07T05:15:25+00:00\",\"dateModified\":\"2025-12-07T06:53:17+00:00\",\"mainEntityOfPage\":{\"@id\":\"https:\\\/\\\/www.notibras.com\\\/site\\\/festa-da-cueca-deixa-sergio-moro-com-as-calcas-nas-maos\\\/\"},\"wordCount\":389,\"publisher\":{\"@id\":\"https:\\\/\\\/www.notibras.com\\\/site\\\/#organization\"},\"image\":{\"@id\":\"https:\\\/\\\/www.notibras.com\\\/site\\\/festa-da-cueca-deixa-sergio-moro-com-as-calcas-nas-maos\\\/#primaryimage\"},\"thumbnailUrl\":\"https:\\\/\\\/www.notibras.com\\\/site\\\/wp-content\\\/uploads\\\/2025\\\/12\\\/moro-foto-de-desdem.jpg\",\"keywords\":[\"capa\"],\"articleSection\":[\"Dona Irene\"],\"inLanguage\":\"pt-BR\"},{\"@type\":\"WebPage\",\"@id\":\"https:\\\/\\\/www.notibras.com\\\/site\\\/festa-da-cueca-deixa-sergio-moro-com-as-calcas-nas-maos\\\/\",\"url\":\"https:\\\/\\\/www.notibras.com\\\/site\\\/festa-da-cueca-deixa-sergio-moro-com-as-calcas-nas-maos\\\/\",\"name\":\"Festa da cueca deixa S\u00e9rgio Moro com as cal\u00e7as nas m\u00e3os - Notibras\",\"isPartOf\":{\"@id\":\"https:\\\/\\\/www.notibras.com\\\/site\\\/#website\"},\"primaryImageOfPage\":{\"@id\":\"https:\\\/\\\/www.notibras.com\\\/site\\\/festa-da-cueca-deixa-sergio-moro-com-as-calcas-nas-maos\\\/#primaryimage\"},\"image\":{\"@id\":\"https:\\\/\\\/www.notibras.com\\\/site\\\/festa-da-cueca-deixa-sergio-moro-com-as-calcas-nas-maos\\\/#primaryimage\"},\"thumbnailUrl\":\"https:\\\/\\\/www.notibras.com\\\/site\\\/wp-content\\\/uploads\\\/2025\\\/12\\\/moro-foto-de-desdem.jpg\",\"datePublished\":\"2025-12-07T05:15:25+00:00\",\"dateModified\":\"2025-12-07T06:53:17+00:00\",\"breadcrumb\":{\"@id\":\"https:\\\/\\\/www.notibras.com\\\/site\\\/festa-da-cueca-deixa-sergio-moro-com-as-calcas-nas-maos\\\/#breadcrumb\"},\"inLanguage\":\"pt-BR\",\"potentialAction\":[{\"@type\":\"ReadAction\",\"target\":[\"https:\\\/\\\/www.notibras.com\\\/site\\\/festa-da-cueca-deixa-sergio-moro-com-as-calcas-nas-maos\\\/\"]}]},{\"@type\":\"ImageObject\",\"inLanguage\":\"pt-BR\",\"@id\":\"https:\\\/\\\/www.notibras.com\\\/site\\\/festa-da-cueca-deixa-sergio-moro-com-as-calcas-nas-maos\\\/#primaryimage\",\"url\":\"https:\\\/\\\/www.notibras.com\\\/site\\\/wp-content\\\/uploads\\\/2025\\\/12\\\/moro-foto-de-desdem.jpg\",\"contentUrl\":\"https:\\\/\\\/www.notibras.com\\\/site\\\/wp-content\\\/uploads\\\/2025\\\/12\\\/moro-foto-de-desdem.jpg\",\"width\":689,\"height\":315},{\"@type\":\"BreadcrumbList\",\"@id\":\"https:\\\/\\\/www.notibras.com\\\/site\\\/festa-da-cueca-deixa-sergio-moro-com-as-calcas-nas-maos\\\/#breadcrumb\",\"itemListElement\":[{\"@type\":\"ListItem\",\"position\":1,\"name\":\"In\u00edcio\",\"item\":\"https:\\\/\\\/www.notibras.com\\\/site\\\/\"},{\"@type\":\"ListItem\",\"position\":2,\"name\":\"Festa da cueca deixa S\u00e9rgio Moro com as cal\u00e7as nas m\u00e3os\"}]},{\"@type\":\"WebSite\",\"@id\":\"https:\\\/\\\/www.notibras.com\\\/site\\\/#website\",\"url\":\"https:\\\/\\\/www.notibras.com\\\/site\\\/\",\"name\":\"Notibras\",\"description\":\"Not\u00edcias de Bras\u00edlia, do Brasil e do Mundo\",\"publisher\":{\"@id\":\"https:\\\/\\\/www.notibras.com\\\/site\\\/#organization\"},\"potentialAction\":[{\"@type\":\"SearchAction\",\"target\":{\"@type\":\"EntryPoint\",\"urlTemplate\":\"https:\\\/\\\/www.notibras.com\\\/site\\\/?s={search_term_string}\"},\"query-input\":{\"@type\":\"PropertyValueSpecification\",\"valueRequired\":true,\"valueName\":\"search_term_string\"}}],\"inLanguage\":\"pt-BR\"},{\"@type\":\"Organization\",\"@id\":\"https:\\\/\\\/www.notibras.com\\\/site\\\/#organization\",\"name\":\"Grupo Notibras de Comunica\u00e7\u00e3o\",\"url\":\"https:\\\/\\\/www.notibras.com\\\/site\\\/\",\"logo\":{\"@type\":\"ImageObject\",\"inLanguage\":\"pt-BR\",\"@id\":\"https:\\\/\\\/www.notibras.com\\\/site\\\/#\\\/schema\\\/logo\\\/image\\\/\",\"url\":\"https:\\\/\\\/www.notibras.com\\\/site\\\/wp-content\\\/uploads\\\/2023\\\/01\\\/notibras23.png\",\"contentUrl\":\"https:\\\/\\\/www.notibras.com\\\/site\\\/wp-content\\\/uploads\\\/2023\\\/01\\\/notibras23.png\",\"width\":350,\"height\":87,\"caption\":\"Grupo Notibras de Comunica\u00e7\u00e3o\"},\"image\":{\"@id\":\"https:\\\/\\\/www.notibras.com\\\/site\\\/#\\\/schema\\\/logo\\\/image\\\/\"},\"sameAs\":[\"https:\\\/\\\/www.facebook.com\\\/notibras\\\/\",\"https:\\\/\\\/x.com\\\/Notibras\",\"https:\\\/\\\/www.instagram.com\\\/notibras\\\/\"]},{\"@type\":\"Person\",\"@id\":\"https:\\\/\\\/www.notibras.com\\\/site\\\/#\\\/schema\\\/person\\\/5b7fabf2aedc3ada2105f03b22b4d3dd\",\"name\":\"Eduardo Mart\u00ednez\",\"image\":{\"@type\":\"ImageObject\",\"inLanguage\":\"pt-BR\",\"@id\":\"https:\\\/\\\/secure.gravatar.com\\\/avatar\\\/7902f906289926289cbcda644b5197c796b893c6ffd7b9a536a42d290f7704a0?s=96&d=mm&r=g\",\"url\":\"https:\\\/\\\/secure.gravatar.com\\\/avatar\\\/7902f906289926289cbcda644b5197c796b893c6ffd7b9a536a42d290f7704a0?s=96&d=mm&r=g\",\"contentUrl\":\"https:\\\/\\\/secure.gravatar.com\\\/avatar\\\/7902f906289926289cbcda644b5197c796b893c6ffd7b9a536a42d290f7704a0?s=96&d=mm&r=g\",\"caption\":\"Eduardo Mart\u00ednez\"}}]}<\/script>\n<!-- \/ Yoast SEO plugin. -->","yoast_head_json":{"title":"Festa da cueca deixa S\u00e9rgio Moro com as cal\u00e7as nas m\u00e3os - Notibras","robots":{"index":"index","follow":"follow","max-snippet":"max-snippet:-1","max-image-preview":"max-image-preview:large","max-video-preview":"max-video-preview:-1"},"canonical":"https:\/\/www.notibras.com\/site\/festa-da-cueca-deixa-sergio-moro-com-as-calcas-nas-maos\/","og_locale":"pt_BR","og_type":"article","og_title":"Festa da cueca deixa S\u00e9rgio Moro com as cal\u00e7as nas m\u00e3os - Notibras","og_description":"Foi amplamente noticiado nesta semana que o ministro Dias Toffoli ordenou uma busca e apreens\u00e3o na 13\u00aa Vara Federal de Curitiba, justamente aquela em que S\u00e9rgio Moro reinou por tantos anos como juiz, e onde boa parte da Opera\u00e7\u00e3o Lava Jato foi conduzida. At\u00e9 a\u00ed, eu j\u00e1 imaginava que alguma coisa viria \u00e0 tona. Mas [&hellip;]","og_url":"https:\/\/www.notibras.com\/site\/festa-da-cueca-deixa-sergio-moro-com-as-calcas-nas-maos\/","og_site_name":"Notibras","article_publisher":"https:\/\/www.facebook.com\/notibras\/","article_published_time":"2025-12-07T05:15:25+00:00","article_modified_time":"2025-12-07T06:53:17+00:00","og_image":[{"width":689,"height":315,"url":"https:\/\/www.notibras.com\/site\/wp-content\/uploads\/2025\/12\/moro-foto-de-desdem.jpg","type":"image\/jpeg"}],"author":"Eduardo Mart\u00ednez","twitter_card":"summary_large_image","twitter_creator":"@Notibras","twitter_site":"@Notibras","twitter_misc":{"Escrito por":"Eduardo Mart\u00ednez","Est. tempo de leitura":"3 minutos"},"schema":{"@context":"https:\/\/schema.org","@graph":[{"@type":"Article","@id":"https:\/\/www.notibras.com\/site\/festa-da-cueca-deixa-sergio-moro-com-as-calcas-nas-maos\/#article","isPartOf":{"@id":"https:\/\/www.notibras.com\/site\/festa-da-cueca-deixa-sergio-moro-com-as-calcas-nas-maos\/"},"author":{"name":"Eduardo Mart\u00ednez","@id":"https:\/\/www.notibras.com\/site\/#\/schema\/person\/5b7fabf2aedc3ada2105f03b22b4d3dd"},"headline":"Festa da cueca deixa S\u00e9rgio Moro com as cal\u00e7as nas m\u00e3os","datePublished":"2025-12-07T05:15:25+00:00","dateModified":"2025-12-07T06:53:17+00:00","mainEntityOfPage":{"@id":"https:\/\/www.notibras.com\/site\/festa-da-cueca-deixa-sergio-moro-com-as-calcas-nas-maos\/"},"wordCount":389,"publisher":{"@id":"https:\/\/www.notibras.com\/site\/#organization"},"image":{"@id":"https:\/\/www.notibras.com\/site\/festa-da-cueca-deixa-sergio-moro-com-as-calcas-nas-maos\/#primaryimage"},"thumbnailUrl":"https:\/\/www.notibras.com\/site\/wp-content\/uploads\/2025\/12\/moro-foto-de-desdem.jpg","keywords":["capa"],"articleSection":["Dona Irene"],"inLanguage":"pt-BR"},{"@type":"WebPage","@id":"https:\/\/www.notibras.com\/site\/festa-da-cueca-deixa-sergio-moro-com-as-calcas-nas-maos\/","url":"https:\/\/www.notibras.com\/site\/festa-da-cueca-deixa-sergio-moro-com-as-calcas-nas-maos\/","name":"Festa da cueca deixa S\u00e9rgio Moro com as cal\u00e7as nas m\u00e3os - Notibras","isPartOf":{"@id":"https:\/\/www.notibras.com\/site\/#website"},"primaryImageOfPage":{"@id":"https:\/\/www.notibras.com\/site\/festa-da-cueca-deixa-sergio-moro-com-as-calcas-nas-maos\/#primaryimage"},"image":{"@id":"https:\/\/www.notibras.com\/site\/festa-da-cueca-deixa-sergio-moro-com-as-calcas-nas-maos\/#primaryimage"},"thumbnailUrl":"https:\/\/www.notibras.com\/site\/wp-content\/uploads\/2025\/12\/moro-foto-de-desdem.jpg","datePublished":"2025-12-07T05:15:25+00:00","dateModified":"2025-12-07T06:53:17+00:00","breadcrumb":{"@id":"https:\/\/www.notibras.com\/site\/festa-da-cueca-deixa-sergio-moro-com-as-calcas-nas-maos\/#breadcrumb"},"inLanguage":"pt-BR","potentialAction":[{"@type":"ReadAction","target":["https:\/\/www.notibras.com\/site\/festa-da-cueca-deixa-sergio-moro-com-as-calcas-nas-maos\/"]}]},{"@type":"ImageObject","inLanguage":"pt-BR","@id":"https:\/\/www.notibras.com\/site\/festa-da-cueca-deixa-sergio-moro-com-as-calcas-nas-maos\/#primaryimage","url":"https:\/\/www.notibras.com\/site\/wp-content\/uploads\/2025\/12\/moro-foto-de-desdem.jpg","contentUrl":"https:\/\/www.notibras.com\/site\/wp-content\/uploads\/2025\/12\/moro-foto-de-desdem.jpg","width":689,"height":315},{"@type":"BreadcrumbList","@id":"https:\/\/www.notibras.com\/site\/festa-da-cueca-deixa-sergio-moro-com-as-calcas-nas-maos\/#breadcrumb","itemListElement":[{"@type":"ListItem","position":1,"name":"In\u00edcio","item":"https:\/\/www.notibras.com\/site\/"},{"@type":"ListItem","position":2,"name":"Festa da cueca deixa S\u00e9rgio Moro com as cal\u00e7as nas m\u00e3os"}]},{"@type":"WebSite","@id":"https:\/\/www.notibras.com\/site\/#website","url":"https:\/\/www.notibras.com\/site\/","name":"Notibras","description":"Not\u00edcias de Bras\u00edlia, do Brasil e do Mundo","publisher":{"@id":"https:\/\/www.notibras.com\/site\/#organization"},"potentialAction":[{"@type":"SearchAction","target":{"@type":"EntryPoint","urlTemplate":"https:\/\/www.notibras.com\/site\/?s={search_term_string}"},"query-input":{"@type":"PropertyValueSpecification","valueRequired":true,"valueName":"search_term_string"}}],"inLanguage":"pt-BR"},{"@type":"Organization","@id":"https:\/\/www.notibras.com\/site\/#organization","name":"Grupo Notibras de Comunica\u00e7\u00e3o","url":"https:\/\/www.notibras.com\/site\/","logo":{"@type":"ImageObject","inLanguage":"pt-BR","@id":"https:\/\/www.notibras.com\/site\/#\/schema\/logo\/image\/","url":"https:\/\/www.notibras.com\/site\/wp-content\/uploads\/2023\/01\/notibras23.png","contentUrl":"https:\/\/www.notibras.com\/site\/wp-content\/uploads\/2023\/01\/notibras23.png","width":350,"height":87,"caption":"Grupo Notibras de Comunica\u00e7\u00e3o"},"image":{"@id":"https:\/\/www.notibras.com\/site\/#\/schema\/logo\/image\/"},"sameAs":["https:\/\/www.facebook.com\/notibras\/","https:\/\/x.com\/Notibras","https:\/\/www.instagram.com\/notibras\/"]},{"@type":"Person","@id":"https:\/\/www.notibras.com\/site\/#\/schema\/person\/5b7fabf2aedc3ada2105f03b22b4d3dd","name":"Eduardo Mart\u00ednez","image":{"@type":"ImageObject","inLanguage":"pt-BR","@id":"https:\/\/secure.gravatar.com\/avatar\/7902f906289926289cbcda644b5197c796b893c6ffd7b9a536a42d290f7704a0?s=96&d=mm&r=g","url":"https:\/\/secure.gravatar.com\/avatar\/7902f906289926289cbcda644b5197c796b893c6ffd7b9a536a42d290f7704a0?s=96&d=mm&r=g","contentUrl":"https:\/\/secure.gravatar.com\/avatar\/7902f906289926289cbcda644b5197c796b893c6ffd7b9a536a42d290f7704a0?s=96&d=mm&r=g","caption":"Eduardo Mart\u00ednez"}}]}},"amp_enabled":true,"_links":{"self":[{"href":"https:\/\/www.notibras.com\/site\/wp-json\/wp\/v2\/posts\/373839","targetHints":{"allow":["GET"]}}],"collection":[{"href":"https:\/\/www.notibras.com\/site\/wp-json\/wp\/v2\/posts"}],"about":[{"href":"https:\/\/www.notibras.com\/site\/wp-json\/wp\/v2\/types\/post"}],"author":[{"embeddable":true,"href":"https:\/\/www.notibras.com\/site\/wp-json\/wp\/v2\/users\/21"}],"replies":[{"embeddable":true,"href":"https:\/\/www.notibras.com\/site\/wp-json\/wp\/v2\/comments?post=373839"}],"version-history":[{"count":3,"href":"https:\/\/www.notibras.com\/site\/wp-json\/wp\/v2\/posts\/373839\/revisions"}],"predecessor-version":[{"id":373843,"href":"https:\/\/www.notibras.com\/site\/wp-json\/wp\/v2\/posts\/373839\/revisions\/373843"}],"wp:featuredmedia":[{"embeddable":true,"href":"https:\/\/www.notibras.com\/site\/wp-json\/wp\/v2\/media\/373841"}],"wp:attachment":[{"href":"https:\/\/www.notibras.com\/site\/wp-json\/wp\/v2\/media?parent=373839"}],"wp:term":[{"taxonomy":"category","embeddable":true,"href":"https:\/\/www.notibras.com\/site\/wp-json\/wp\/v2\/categories?post=373839"},{"taxonomy":"post_tag","embeddable":true,"href":"https:\/\/www.notibras.com\/site\/wp-json\/wp\/v2\/tags?post=373839"}],"curies":[{"name":"wp","href":"https:\/\/api.w.org\/{rel}","templated":true}]}}