{"id":373855,"date":"2025-12-07T01:00:32","date_gmt":"2025-12-07T04:00:32","guid":{"rendered":"https:\/\/www.notibras.com\/site\/?p=373855"},"modified":"2025-12-06T21:19:57","modified_gmt":"2025-12-07T00:19:57","slug":"parceria-da-emater-df-com-a-unb-favorece-pesquisas-agropecuarias","status":"publish","type":"post","link":"https:\/\/www.notibras.com\/site\/parceria-da-emater-df-com-a-unb-favorece-pesquisas-agropecuarias\/","title":{"rendered":"Parceria da Emater-DF com a UnB favorece pesquisas agropecu\u00e1rias"},"content":{"rendered":"<p>A Empresa de Assist\u00eancia T\u00e9cnica e Extens\u00e3o Rural do Distrito Federal (Emater-DF) e a Universidade de Bras\u00edlia (UnB) formalizaram, nesta quinta-feira (4), um acordo de coopera\u00e7\u00e3o para fortalecer a inova\u00e7\u00e3o agropecu\u00e1ria no Distrito Federal e Entorno. A parceria integra o Parque Cient\u00edfico e Tecnol\u00f3gico da UnB e visa a estabelecer linhas de a\u00e7\u00e3o conjuntas para impulsionar pesquisa, moderniza\u00e7\u00e3o do campo, desenvolvimento de tecnologias e iniciativas voltadas \u00e0 agricultura familiar.<\/p>\n<p>O acordo reflete a uni\u00e3o entre a expertise acad\u00eamica e os conhecimentos pr\u00e1ticos da extens\u00e3o rural. A UnB, reconhecida tamb\u00e9m pela produ\u00e7\u00e3o e forma\u00e7\u00e3o cient\u00edfica, e a Emater-DF, com ampla capilaridade nas comunidades rurais, passam agora a compartilhar tecnologias, infraestrutura, dados, recursos humanos e projetos estrat\u00e9gicos na \u00e1rea de inova\u00e7\u00e3o agropecu\u00e1ria.<\/p>\n<p>O acordo prev\u00ea uma incubadora de startups agtechs, eventos voltados ao ecossistema de inova\u00e7\u00e3o e o desenvolvimento de pesquisas aplicadas, com foco na transfer\u00eancia de tecnologia, automa\u00e7\u00e3o, sustentabilidade e empreendedorismo rural.<\/p>\n<p>iniciativa tamb\u00e9m refor\u00e7a a import\u00e2ncia da pesquisa integrada com a pr\u00e1tica no campo, especialmente em temas como automa\u00e7\u00e3o, monitoramento de solo, manejo sustent\u00e1vel e processos de agrega\u00e7\u00e3o de valor aos produtos.<\/p>\n<p><strong>Busca de solu\u00e7\u00f5es<\/strong><\/p>\n<p>\u201cO produtor precisa de solu\u00e7\u00f5es pr\u00e1ticas, e muitas delas j\u00e1 existem dentro da universidade; s\u00f3 precisamos aproximar esses mundos\u201d, ressaltou o presidente da Emater-DF, Cleison Duval. \u201cEsse acordo abre portas para desenvolvermos tecnologias, validarmos pesquisas, criarmos startups e buscarmos solu\u00e7\u00f5es para demandas que chegam todos os dias do campo. A Emater-DF j\u00e1 atua com pesquisa aplicada e valida\u00e7\u00e3o de variedades da Embrapa, e agora teremos ainda mais condi\u00e7\u00f5es de expandir esse trabalho.\u201d<\/p>\n<p>Durante o evento de formaliza\u00e7\u00e3o do acordo, a reitora da UnB, Rozana Reigota Naves, lembrou que a parceria representa uma oportunidade concreta de aproximar inova\u00e7\u00e3o, pesquisa e forma\u00e7\u00e3o profissional. \u201cVivemos uma queda preocupante na procura por vagas no ensino superior, um fen\u00f4meno nacional\u201d, apontou. \u201cParte disso decorre da falta de perspectiva dos jovens. Iniciativas como esta t\u00eam o potencial de reacender o desejo de construir um futuro melhor, pois aproximam a universidade de oportunidades reais de transforma\u00e7\u00e3o\u201d.<\/p>\n<p>Durante a solenidade, al\u00e9m de t\u00e9cnicos da Emater-DF, professores as UnB e representantes do Governo do Distrito Federal (GDF) e parlamentares, estiveram presentes o vice-presidente da Funda\u00e7\u00e3o de Apoio \u00e0 Pesquisa do Distrito Federal (FAPDF) Paulo Freitas Nunes, e o diretor do Parque Cient\u00edfico e Tecnol\u00f3gico da UnB, Renato Alves Borges.<\/p>\n","protected":false},"excerpt":{"rendered":"<p>A Empresa de Assist\u00eancia T\u00e9cnica e Extens\u00e3o Rural do Distrito Federal (Emater-DF) e a Universidade de Bras\u00edlia (UnB) formalizaram, nesta quinta-feira (4), um acordo de coopera\u00e7\u00e3o para fortalecer a inova\u00e7\u00e3o agropecu\u00e1ria no Distrito Federal e Entorno. A parceria integra o Parque Cient\u00edfico e Tecnol\u00f3gico da UnB e visa a estabelecer linhas de a\u00e7\u00e3o conjuntas para [&hellip;]<\/p>\n","protected":false},"author":21,"featured_media":373856,"comment_status":"closed","ping_status":"closed","sticky":false,"template":"","format":"standard","meta":{"_acf_changed":false,"footnotes":""},"categories":[161],"tags":[],"class_list":["post-373855","post","type-post","status-publish","format-standard","has-post-thumbnail","hentry","category-quadradinho-em-foco"],"acf":[],"_links":{"self":[{"href":"https:\/\/www.notibras.com\/site\/wp-json\/wp\/v2\/posts\/373855","targetHints":{"allow":["GET"]}}],"collection":[{"href":"https:\/\/www.notibras.com\/site\/wp-json\/wp\/v2\/posts"}],"about":[{"href":"https:\/\/www.notibras.com\/site\/wp-json\/wp\/v2\/types\/post"}],"author":[{"embeddable":true,"href":"https:\/\/www.notibras.com\/site\/wp-json\/wp\/v2\/users\/21"}],"replies":[{"embeddable":true,"href":"https:\/\/www.notibras.com\/site\/wp-json\/wp\/v2\/comments?post=373855"}],"version-history":[{"count":2,"href":"https:\/\/www.notibras.com\/site\/wp-json\/wp\/v2\/posts\/373855\/revisions"}],"predecessor-version":[{"id":373858,"href":"https:\/\/www.notibras.com\/site\/wp-json\/wp\/v2\/posts\/373855\/revisions\/373858"}],"wp:featuredmedia":[{"embeddable":true,"href":"https:\/\/www.notibras.com\/site\/wp-json\/wp\/v2\/media\/373856"}],"wp:attachment":[{"href":"https:\/\/www.notibras.com\/site\/wp-json\/wp\/v2\/media?parent=373855"}],"wp:term":[{"taxonomy":"category","embeddable":true,"href":"https:\/\/www.notibras.com\/site\/wp-json\/wp\/v2\/categories?post=373855"},{"taxonomy":"post_tag","embeddable":true,"href":"https:\/\/www.notibras.com\/site\/wp-json\/wp\/v2\/tags?post=373855"}],"curies":[{"name":"wp","href":"https:\/\/api.w.org\/{rel}","templated":true}]}}