{"id":373875,"date":"2025-12-08T02:00:44","date_gmt":"2025-12-08T05:00:44","guid":{"rendered":"https:\/\/www.notibras.com\/site\/?p=373875"},"modified":"2025-12-07T00:04:33","modified_gmt":"2025-12-07T03:04:33","slug":"troca-de-confidencias","status":"publish","type":"post","link":"https:\/\/www.notibras.com\/site\/troca-de-confidencias\/","title":{"rendered":"Troca de confid\u00eancias"},"content":{"rendered":"<p>O que me causa ang\u00fastia n\u00e3o \u00e9 a aus\u00eancia, mas a incerteza. Certo desconforto. N\u00e3o \u00e9 solid\u00e3o, isso jamais me assustou. Todo mundo \u00e9 solit\u00e1rio, mesmo na pipoca do carnaval de Salvador.<\/p>\n<p>Pois foi isso que falei para Clarice, que ficou ali em p\u00e9, aqueles olhos castanhos lindos me fitando, como se desejasse entender o que se passava na minha mente. Devo ter esbo\u00e7ado um sorriso, j\u00e1 que esse foi o seu pr\u00f3ximo gesto. Talvez imaginasse que eu estivesse brincando ou, ent\u00e3o, tentando parecer mais inteligente do que sou.<\/p>\n<p>Med\u00edocre. \u00c9 isso que sou. E n\u00e3o me interprete mal, pois a maioria de n\u00f3s o \u00e9. Diria que praticamente toda a humanidade, tirando uns loucos que conseguem vislumbrar hist\u00f3rias dentro de bolhas de sab\u00e3o. Por que disse isso? N\u00e3o fa\u00e7o ideia, mas sei que \u00e9 uma compara\u00e7\u00e3o esdr\u00faxula, ainda mais porque j\u00e1 passei da idade de ficar na pra\u00e7a fazendo bolhas de sab\u00e3o.<\/p>\n<p>Seria divertido, \u00e9 verdade. Mas velho que sou&#8230; N\u00e3o t\u00e3o velho assim, voc\u00ea poderia dizer. Entretanto, logo chegaria um desalmado para acus\u00e1-lo de estar fazendo advocacia em causa pr\u00f3pria.<\/p>\n<p>Pois \u00e9, meu amigo, envelhecemos. Tamb\u00e9m, quem mandou chegarmos a este mundo h\u00e1 tanto tempo? Como se fosse poss\u00edvel escolher o momento do nascimento&#8230; Tolice, perda de tempo, use o termo que voc\u00ea quiser. Nada vai mudar o fato de j\u00e1 termos dobrado o Cabo da Boa Esperan\u00e7a h\u00e1 pelo menos uma d\u00e9cada.<\/p>\n<p>Se acumulamos experi\u00eancia e sabedoria? Para que sermos t\u00e3o condescendentes com nossa not\u00f3ria decrepitude? Deixemos aos outros o cinismo da contemporiza\u00e7\u00e3o. Somos amigos, n\u00e3o precisamos de autoindulg\u00eancia.<\/p>\n<p>Clarice disse que me ama. Ama muito. N\u00e3o duvido nem acredito tanto assim. H\u00e1 momentos em que posso me fiar cegamente na afirmativa da minha, digamos, quase esposa. N\u00e3o juntamos as escovas de dentes ainda, cada um possui seu canto, o que me deixa confort\u00e1vel. Voc\u00ea tamb\u00e9m n\u00e3o sente necessidade de ter o seu pr\u00f3prio espa\u00e7o? Sim, n\u00e3o refuto que tamb\u00e9m sinto falta de maior cumplicidade, de compartilhar aquela bacia de pipoca maratonando as s\u00e9ries que ela adora.<\/p>\n<p>Veja bem! N\u00e3o que n\u00e3o goste de s\u00e9rie. Verdade que n\u00e3o gosto, n\u00e3o vou mentir. Nunca consegui pegar um ou dois biscoitos e depois guardar o pacote. Tudo precisa ter in\u00edcio, meio e fim. E esse lance de temporadas, cada uma com aquele monte de epis\u00f3dios&#8230; Ih, n\u00e3o nasci para isso. Mas a Clarice ama.<\/p>\n<p>Se emagreci? Voc\u00ea acha? Talvez tenha raz\u00e3o. N\u00e3o me peso h\u00e1 dias. Mas voc\u00ea deve ter mesmo raz\u00e3o. A Clarice me engorda. Ela sempre tem aqueles hor\u00e1rios r\u00edgidos para comer. E ai se pula uma refei\u00e7\u00e3o&#8230; Ih, o mundo parece que vai acabar. Com ela longe, at\u00e9 me esque\u00e7o de comer direito.<\/p>\n<p>Caf\u00e9 n\u00e3o pode faltar aqui em casa. E sou exigente. Precisa ter qualidade. Sim, um bom caf\u00e9 e um bom livro. E paz para degustar os dois.<\/p>\n<p>\u00c9 verdade, meu amigo. Clarice me ama. Ama muito.<\/p>\n<p><strong>\u2026\u2026\u2026\u2026\u2026\u2026\u2026\u2026<\/strong><\/p>\n<p><strong>Eduardo Mart\u00ednez \u00e9 autor do livro \u201957 Contos e Cr\u00f4nicas por um Autor Muito Velho\u2019 (Vencedor do Pr\u00eamio Liter\u00e1rio Clarice Lispector \u2013 2025 na categoria livro de contos).<\/strong><\/p>\n<p><strong>Compre aqui<\/strong><\/p>\n<p><a href=\"https:\/\/www.joanineditora.com.br\/57-contos-e-cronicas-por-um-autor-muito-velho\"><strong>https:\/\/www.joanineditora.com.br\/57-contos-e-cronicas-por-um-autor-muito-velho<\/strong><\/a><\/p>\n","protected":false},"excerpt":{"rendered":"<p>O que me causa ang\u00fastia n\u00e3o \u00e9 a aus\u00eancia, mas a incerteza. Certo desconforto. N\u00e3o \u00e9 solid\u00e3o, isso jamais me assustou. Todo mundo \u00e9 solit\u00e1rio, mesmo na pipoca do carnaval de Salvador. Pois foi isso que falei para Clarice, que ficou ali em p\u00e9, aqueles olhos castanhos lindos me fitando, como se desejasse entender o [&hellip;]<\/p>\n","protected":false},"author":21,"featured_media":373876,"comment_status":"closed","ping_status":"closed","sticky":false,"template":"","format":"standard","meta":{"_acf_changed":false,"footnotes":""},"categories":[161],"tags":[],"class_list":["post-373875","post","type-post","status-publish","format-standard","has-post-thumbnail","hentry","category-quadradinho-em-foco"],"acf":[],"_links":{"self":[{"href":"https:\/\/www.notibras.com\/site\/wp-json\/wp\/v2\/posts\/373875","targetHints":{"allow":["GET"]}}],"collection":[{"href":"https:\/\/www.notibras.com\/site\/wp-json\/wp\/v2\/posts"}],"about":[{"href":"https:\/\/www.notibras.com\/site\/wp-json\/wp\/v2\/types\/post"}],"author":[{"embeddable":true,"href":"https:\/\/www.notibras.com\/site\/wp-json\/wp\/v2\/users\/21"}],"replies":[{"embeddable":true,"href":"https:\/\/www.notibras.com\/site\/wp-json\/wp\/v2\/comments?post=373875"}],"version-history":[{"count":2,"href":"https:\/\/www.notibras.com\/site\/wp-json\/wp\/v2\/posts\/373875\/revisions"}],"predecessor-version":[{"id":373878,"href":"https:\/\/www.notibras.com\/site\/wp-json\/wp\/v2\/posts\/373875\/revisions\/373878"}],"wp:featuredmedia":[{"embeddable":true,"href":"https:\/\/www.notibras.com\/site\/wp-json\/wp\/v2\/media\/373876"}],"wp:attachment":[{"href":"https:\/\/www.notibras.com\/site\/wp-json\/wp\/v2\/media?parent=373875"}],"wp:term":[{"taxonomy":"category","embeddable":true,"href":"https:\/\/www.notibras.com\/site\/wp-json\/wp\/v2\/categories?post=373875"},{"taxonomy":"post_tag","embeddable":true,"href":"https:\/\/www.notibras.com\/site\/wp-json\/wp\/v2\/tags?post=373875"}],"curies":[{"name":"wp","href":"https:\/\/api.w.org\/{rel}","templated":true}]}}