{"id":373893,"date":"2025-12-07T00:24:35","date_gmt":"2025-12-07T03:24:35","guid":{"rendered":"https:\/\/www.notibras.com\/site\/?p=373893"},"modified":"2025-12-07T08:26:59","modified_gmt":"2025-12-07T11:26:59","slug":"operario-morre-apos-ser-atingido-por-estrutura-de-concreto-em-obra","status":"publish","type":"post","link":"https:\/\/www.notibras.com\/site\/operario-morre-apos-ser-atingido-por-estrutura-de-concreto-em-obra\/","title":{"rendered":"Oper\u00e1rio morre ap\u00f3s ser atingido por estrutura de concreto em obra"},"content":{"rendered":"<p>Um homem de cerca de 30 anos, morreu ap\u00f3s ser atingido por uma viga de concreto durante uma obra situada no bairro da V\u00e1rzea, Zona Oeste do Recife.\u00a0Segundo o Corpo de Bombeiros Militar de Pernambuco, equipes foram acionadas ao canteiro de obras localizado no complexo do Parque Tecnol\u00f3gico de Eletr\u00f4nicos e Tecnologias Associadas de Pernambuco (Parqtel), na Rua Ministro M\u00e1rio Andreaza. Ao chegarem, constataram o \u00f3bito da v\u00edtima no local.<\/p>\n<p>Testemunhas relataram que, no momento do acidente, a estrutura de concreto \u2014 uma viga \u2014 despencou repentinamente, atingindo o trabalhador. A identidade da v\u00edtima n\u00e3o foi divulgada at\u00e9 o momento.<\/p>\n<p>As circunst\u00e2ncias exatas que provocaram o desabamento da viga ainda n\u00e3o foram esclarecidas. A empresa respons\u00e1vel pela obra e as autoridades competentes foram procuradas, mas n\u00e3o informaram oficialmente o que motivou o acidente.<\/p>\n<p>O epis\u00f3dio reacende o debate sobre as condi\u00e7\u00f5es de seguran\u00e7a em canteiros de obra na Regi\u00e3o Metropolitana do Recife \u2014 onde, conforme estudos anteriores, a fase de estrutura (concretagem, montagem, desforma) concentra a maioria dos acidentes de trabalho no setor.<\/p>\n","protected":false},"excerpt":{"rendered":"<p>Um homem de cerca de 30 anos, morreu ap\u00f3s ser atingido por uma viga de concreto durante uma obra situada no bairro da V\u00e1rzea, Zona Oeste do Recife.\u00a0Segundo o Corpo de Bombeiros Militar de Pernambuco, equipes foram acionadas ao canteiro de obras localizado no complexo do Parque Tecnol\u00f3gico de Eletr\u00f4nicos e Tecnologias Associadas de Pernambuco [&hellip;]<\/p>\n","protected":false},"author":2,"featured_media":373894,"comment_status":"closed","ping_status":"closed","sticky":false,"template":"","format":"standard","meta":{"_acf_changed":false,"footnotes":""},"categories":[165],"tags":[],"class_list":["post-373893","post","type-post","status-publish","format-standard","has-post-thumbnail","hentry","category-nordeste"],"acf":[],"_links":{"self":[{"href":"https:\/\/www.notibras.com\/site\/wp-json\/wp\/v2\/posts\/373893","targetHints":{"allow":["GET"]}}],"collection":[{"href":"https:\/\/www.notibras.com\/site\/wp-json\/wp\/v2\/posts"}],"about":[{"href":"https:\/\/www.notibras.com\/site\/wp-json\/wp\/v2\/types\/post"}],"author":[{"embeddable":true,"href":"https:\/\/www.notibras.com\/site\/wp-json\/wp\/v2\/users\/2"}],"replies":[{"embeddable":true,"href":"https:\/\/www.notibras.com\/site\/wp-json\/wp\/v2\/comments?post=373893"}],"version-history":[{"count":1,"href":"https:\/\/www.notibras.com\/site\/wp-json\/wp\/v2\/posts\/373893\/revisions"}],"predecessor-version":[{"id":373895,"href":"https:\/\/www.notibras.com\/site\/wp-json\/wp\/v2\/posts\/373893\/revisions\/373895"}],"wp:featuredmedia":[{"embeddable":true,"href":"https:\/\/www.notibras.com\/site\/wp-json\/wp\/v2\/media\/373894"}],"wp:attachment":[{"href":"https:\/\/www.notibras.com\/site\/wp-json\/wp\/v2\/media?parent=373893"}],"wp:term":[{"taxonomy":"category","embeddable":true,"href":"https:\/\/www.notibras.com\/site\/wp-json\/wp\/v2\/categories?post=373893"},{"taxonomy":"post_tag","embeddable":true,"href":"https:\/\/www.notibras.com\/site\/wp-json\/wp\/v2\/tags?post=373893"}],"curies":[{"name":"wp","href":"https:\/\/api.w.org\/{rel}","templated":true}]}}