{"id":373896,"date":"2025-12-07T08:32:20","date_gmt":"2025-12-07T11:32:20","guid":{"rendered":"https:\/\/www.notibras.com\/site\/?p=373896"},"modified":"2025-12-07T08:34:23","modified_gmt":"2025-12-07T11:34:23","slug":"um-povo-de-alma-arretada-e-dono-de-um-coracao-quente","status":"publish","type":"post","link":"https:\/\/www.notibras.com\/site\/um-povo-de-alma-arretada-e-dono-de-um-coracao-quente\/","title":{"rendered":"Um povo de alma arretada e dono de um cora\u00e7\u00e3o quente"},"content":{"rendered":"<p>Dizem que o Nordeste \u00e9 s\u00f3 seca, sol rachando e poeira levantando na estrada. Besteira. O Nordeste \u00e9 um mundo inteiro escondido num gesto, num \u201coxente\u201d bem dado, num \u201cvisse?\u201d que fecha a frase com a seguran\u00e7a de quem sabe o que t\u00e1 dizendo.<\/p>\n<p>O nordestino tem uma alma arretada, daquelas que n\u00e3o abaixam a cabe\u00e7a nem quando o destino teima em botar tropa de pedra no caminho. Quando a vida aperta, ele n\u00e3o geme: rega\u00e7a as mangas e diz \u201cnum se avexe, n\u00e3o\u2026 a gente d\u00e1 um jeito\u201d. E d\u00e1 mesmo. D\u00e1 porque aprendeu cedo que coragem n\u00e3o \u00e9 aus\u00eancia de medo \u2014 \u00e9 catinga no peito e esperan\u00e7a no bolso, mesmo quando o bolso t\u00e1 vazio.<\/p>\n<p>O cora\u00e7\u00e3o do nordestino \u00e9 quente como o meio-dia de janeiro, daqueles que fazem a gente procurar sombra s\u00f3 pra respirar. Mas o calor que mora dentro dele \u00e9 de outra natureza: \u00e9 calor de abra\u00e7o demorado, de caf\u00e9 passado na hora pra quem chega, de conversa na cal\u00e7ada at\u00e9 mais tarde, deixando o tempo correr devagarinho, como quem respeita o compasso da vida.<\/p>\n<p>Na feira, o cheiro de coentro se mistura \u00e0 prosa animada. \u201cChegue mais, minha fia, isso aqui t\u00e1 fresquinho!\u201d \u2014 e ali, entre ab\u00f3boras, melancias e risos, o Nordeste pulsa, vivo como cantoria de vaqueiro no amanhecer. No mercado, se algu\u00e9m trope\u00e7a, logo vem um \u201c\u00f4h de casa! T\u00e1 tudo bem a\u00ed?\u201d. Aqui ningu\u00e9m \u00e9 estranho \u2014 \u00e9 s\u00f3 algu\u00e9m que a gente ainda n\u00e3o conhece.<\/p>\n<p>E quando o sol come\u00e7a a baixar, pintando o c\u00e9u de um vermelho danado de bonito, o sertanejo olha pro horizonte com aquela firmeza que s\u00f3 quem j\u00e1 enfrentou muita coisa sabe ter. \u201cAmanh\u00e3 \u00e9 outro dia. Oxe, e vai ser melhor.\u201d<\/p>\n<p>Porque o nordestino n\u00e3o tem s\u00f3 for\u00e7a. Tem f\u00e9 danada, teimosia boa e um jeito de amar sem medir. Se entrega, se doa, se apaixona por tudo: pela terra, pela rua, pela fam\u00edlia, pelo que acredita. E quando ama, ama do jeito mais bonito: com raiz, com verdade, com o cora\u00e7\u00e3o todo.<\/p>\n<p>Assim \u00e9 o povo daqui: arretado de alma, quente de cora\u00e7\u00e3o \u2014 e capaz de transformar at\u00e9 a maior dificuldade em hist\u00f3ria pra contar.<\/p>\n","protected":false},"excerpt":{"rendered":"<p>Dizem que o Nordeste \u00e9 s\u00f3 seca, sol rachando e poeira levantando na estrada. Besteira. O Nordeste \u00e9 um mundo inteiro escondido num gesto, num \u201coxente\u201d bem dado, num \u201cvisse?\u201d que fecha a frase com a seguran\u00e7a de quem sabe o que t\u00e1 dizendo. O nordestino tem uma alma arretada, daquelas que n\u00e3o abaixam a [&hellip;]<\/p>\n","protected":false},"author":2,"featured_media":322501,"comment_status":"closed","ping_status":"closed","sticky":false,"template":"","format":"standard","meta":{"_acf_changed":false,"footnotes":""},"categories":[165],"tags":[],"class_list":["post-373896","post","type-post","status-publish","format-standard","has-post-thumbnail","hentry","category-nordeste"],"acf":[],"_links":{"self":[{"href":"https:\/\/www.notibras.com\/site\/wp-json\/wp\/v2\/posts\/373896","targetHints":{"allow":["GET"]}}],"collection":[{"href":"https:\/\/www.notibras.com\/site\/wp-json\/wp\/v2\/posts"}],"about":[{"href":"https:\/\/www.notibras.com\/site\/wp-json\/wp\/v2\/types\/post"}],"author":[{"embeddable":true,"href":"https:\/\/www.notibras.com\/site\/wp-json\/wp\/v2\/users\/2"}],"replies":[{"embeddable":true,"href":"https:\/\/www.notibras.com\/site\/wp-json\/wp\/v2\/comments?post=373896"}],"version-history":[{"count":3,"href":"https:\/\/www.notibras.com\/site\/wp-json\/wp\/v2\/posts\/373896\/revisions"}],"predecessor-version":[{"id":373899,"href":"https:\/\/www.notibras.com\/site\/wp-json\/wp\/v2\/posts\/373896\/revisions\/373899"}],"wp:featuredmedia":[{"embeddable":true,"href":"https:\/\/www.notibras.com\/site\/wp-json\/wp\/v2\/media\/322501"}],"wp:attachment":[{"href":"https:\/\/www.notibras.com\/site\/wp-json\/wp\/v2\/media?parent=373896"}],"wp:term":[{"taxonomy":"category","embeddable":true,"href":"https:\/\/www.notibras.com\/site\/wp-json\/wp\/v2\/categories?post=373896"},{"taxonomy":"post_tag","embeddable":true,"href":"https:\/\/www.notibras.com\/site\/wp-json\/wp\/v2\/tags?post=373896"}],"curies":[{"name":"wp","href":"https:\/\/api.w.org\/{rel}","templated":true}]}}