{"id":373904,"date":"2025-12-07T09:41:48","date_gmt":"2025-12-07T12:41:48","guid":{"rendered":"https:\/\/www.notibras.com\/site\/?p=373904"},"modified":"2025-12-07T09:41:48","modified_gmt":"2025-12-07T12:41:48","slug":"um-olhar-esoterico-sobre-o-monstro-do-lago-ness","status":"publish","type":"post","link":"https:\/\/www.notibras.com\/site\/um-olhar-esoterico-sobre-o-monstro-do-lago-ness\/","title":{"rendered":"Um olhar esot\u00e9rico sobre o monstro do Lago Ness"},"content":{"rendered":"<p data-start=\"236\" data-end=\"746\">H\u00e1 lugares no mundo que parecem guardar, em suas \u00e1guas profundas, n\u00e3o apenas segredos \u2014 mas tamb\u00e9m mem\u00f3rias arquet\u00edpicas, fragmentos de um passado t\u00e3o antigo que a pr\u00f3pria Terra hesita em revel\u00e1-los. O Lago Ness, na Esc\u00f3cia, \u00e9 um desses pontos de poder. Suas \u00e1guas escuras e insond\u00e1veis, carregadas de turfa, s\u00e3o como uma cortina que esconde portais, ecos e presen\u00e7as.<\/p>\n<p data-start=\"236\" data-end=\"746\">\u00c9 ali que nasce \u2014 ou desperta \u2014 a lenda de Nessie, o m\u00edtico monstro que resiste ao tempo, \u00e0s tecnologias modernas e ao ceticismo dos s\u00e9culos. Mas e se Nessie for bem mais que um animal pr\u00e9-hist\u00f3rico que sobreviveu milagrosamente? E se sua exist\u00eancia tocar regi\u00f5es simb\u00f3licas \u2014 espirituais \u2014 do imagin\u00e1rio humano?<\/p>\n<p data-start=\"946\" data-end=\"1256\">No esoterismo celta, lagos e rios n\u00e3o s\u00e3o meros recursos naturais: s\u00e3o portais. Portas l\u00edquidas que conectam o mundo vis\u00edvel ao mundo dos esp\u00edritos, das sombras, das mem\u00f3rias enraizadas na terra. O Lago Ness, com seus mais de 230 metros de profundidade, sempre foi percebido como um desses pontos de travessia.<\/p>\n<p data-start=\"1258\" data-end=\"1530\">Nas tradi\u00e7\u00f5es druidas, \u00e1guas profundas simbolizam o inconsciente coletivo \u2014 aquilo que todos sabemos sem saber. Assim, a criatura que habitaria seus dom\u00ednios n\u00e3o seria apenas f\u00edsica, mas ps\u00edquica: um arqu\u00e9tipo adormecido, uma manifesta\u00e7\u00e3o do que Jung chamaria de \u201csombra\u201d.<\/p>\n<p data-start=\"1532\" data-end=\"1620\">Nessie seria, ent\u00e3o, a guardi\u00e3 de um portal ancestral. Um ponto de vig\u00edlia entre mundos.<\/p>\n<p data-start=\"1665\" data-end=\"1936\">Muito antes das fotografias granuladas do s\u00e9culo XX, povos antigos da regi\u00e3o j\u00e1 contavam hist\u00f3rias de criaturas serpentinas que emergiam das profundezas. N\u00e3o eram vistas como monstros, mas como protetores, seres que regulavam a fronteira entre o humano e o indiz\u00edvel.<\/p>\n<p data-start=\"1938\" data-end=\"2008\">Na linguagem esot\u00e9rica, Nessie assume m\u00faltiplas camadas de simbolismo:<\/p>\n<ul data-start=\"2010\" data-end=\"2270\">\n<li data-start=\"2010\" data-end=\"2104\">\n<p data-start=\"2012\" data-end=\"2104\"><strong data-start=\"2012\" data-end=\"2035\">A Serpente Aqu\u00e1tica<\/strong>: s\u00edmbolo universal da sabedoria primordial e da energia kundalini.<\/p>\n<\/li>\n<li data-start=\"2105\" data-end=\"2179\">\n<p data-start=\"2107\" data-end=\"2179\"><strong data-start=\"2107\" data-end=\"2130\">O Guardi\u00e3o Submerso<\/strong>: arqu\u00e9tipo do protetor do conhecimento oculto.<\/p>\n<\/li>\n<li data-start=\"2180\" data-end=\"2270\">\n<p data-start=\"2182\" data-end=\"2270\"><strong data-start=\"2182\" data-end=\"2203\">A Sombra Coletiva<\/strong>: aquilo que tememos porque reflete o que escondemos de n\u00f3s mesmos.<\/p>\n<\/li>\n<\/ul>\n<p data-start=\"2272\" data-end=\"2352\">Assim, a criatura n\u00e3o \u00e9 temida pelos que conhecem os mist\u00e9rios \u2014 mas respeitada.<\/p>\n<p data-start=\"2396\" data-end=\"2683\">M\u00edsticos afirmam que encontros com Nessie acontecem n\u00e3o por acaso, mas por sintonia vibrat\u00f3ria. \u00c9 como se o lago respondesse ao estado interno de quem o contempla. Para alguns, Nessie \u00e9 vista fisicamente; para outros, aparece apenas como ondula\u00e7\u00f5es incomuns, sombras ou breves silhuetas.<\/p>\n<p data-start=\"2685\" data-end=\"2924\">H\u00e1 quem diga que a criatura manifesta-se apenas para os que est\u00e3o \u201cabertos\u201d \u2014 para os que cruzaram o lago com rever\u00eancia e sil\u00eancio interior. \u00c9 a mesma l\u00f3gica de seres elementais: aparecem quando o mundo humano est\u00e1 suficientemente quieto.<\/p>\n<p data-start=\"2926\" data-end=\"3088\">As apari\u00e7\u00f5es, portanto, seriam t\u00e3o espirituais quanto f\u00edsicas. Talvez a verdadeira quest\u00e3o n\u00e3o seja se Nessie existe, mas se estamos prontos para v\u00ea-la.<\/p>\n<p data-start=\"3122\" data-end=\"3405\">A for\u00e7a da lenda n\u00e3o diminui com o tempo \u2014 ao contr\u00e1rio. Talvez porque Nessie represente o que o ser humano perdeu: a liga\u00e7\u00e3o instintiva com os mist\u00e9rios do mundo, o respeito pelo desconhecido, a percep\u00e7\u00e3o de que h\u00e1 for\u00e7as que n\u00e3o podem ser medidas por sonar, drones ou laborat\u00f3rios.<\/p>\n<p data-start=\"3407\" data-end=\"3627\">Nessie \u00e9 um mito vivo, n\u00e3o no sentido de mentira, mas de presen\u00e7a. Algo que pulsa independentemente de prova material. Algo que lembra que a modernidade pode cercar o lago com sensores, mas jamais cercar\u00e1 o mist\u00e9rio.<\/p>\n<p data-start=\"3662\" data-end=\"3856\">Quem visita o Lago Ness relata a mesma sensa\u00e7\u00e3o: um sil\u00eancio que pesa, um vento que murmura, uma \u00e1gua que parece ter olhos. \u00c9 como se o pr\u00f3prio ambiente respirasse \u2014 como se tivesse consci\u00eancia.<\/p>\n<p data-start=\"3858\" data-end=\"4023\">Para os esot\u00e9ricos, essa sensa\u00e7\u00e3o n\u00e3o \u00e9 ilus\u00f3ria. \u00c9 o lago observando o visitante. \u00c9 o guardi\u00e3o medindo o esp\u00edrito. \u00c9 Nessie \u2014 real ou arquet\u00edpica \u2014 perguntando: \u201cVoc\u00ea veio buscar conhecimento ou apenas espet\u00e1culo?\u201d<\/p>\n<p data-start=\"4084\" data-end=\"4142\">E \u00e9 nessa pergunta que reside o verdadeiro poder da lenda.<\/p>\n","protected":false},"excerpt":{"rendered":"<p>H\u00e1 lugares no mundo que parecem guardar, em suas \u00e1guas profundas, n\u00e3o apenas segredos \u2014 mas tamb\u00e9m mem\u00f3rias arquet\u00edpicas, fragmentos de um passado t\u00e3o antigo que a pr\u00f3pria Terra hesita em revel\u00e1-los. O Lago Ness, na Esc\u00f3cia, \u00e9 um desses pontos de poder. Suas \u00e1guas escuras e insond\u00e1veis, carregadas de turfa, s\u00e3o como uma cortina [&hellip;]<\/p>\n","protected":false},"author":2,"featured_media":373905,"comment_status":"closed","ping_status":"closed","sticky":false,"template":"","format":"standard","meta":{"_acf_changed":false,"footnotes":""},"categories":[237],"tags":[],"class_list":["post-373904","post","type-post","status-publish","format-standard","has-post-thumbnail","hentry","category-oraculos"],"acf":[],"yoast_head":"<!-- This site is optimized with the Yoast SEO plugin v27.2 - https:\/\/yoast.com\/product\/yoast-seo-wordpress\/ -->\n<title>Um olhar esot\u00e9rico sobre o monstro do Lago Ness - Notibras<\/title>\n<meta name=\"robots\" content=\"index, follow, max-snippet:-1, max-image-preview:large, max-video-preview:-1\" \/>\n<link rel=\"canonical\" href=\"https:\/\/www.notibras.com\/site\/um-olhar-esoterico-sobre-o-monstro-do-lago-ness\/\" \/>\n<meta property=\"og:locale\" content=\"pt_BR\" \/>\n<meta property=\"og:type\" content=\"article\" \/>\n<meta property=\"og:title\" content=\"Um olhar esot\u00e9rico sobre o monstro do Lago Ness - Notibras\" \/>\n<meta property=\"og:description\" content=\"H\u00e1 lugares no mundo que parecem guardar, em suas \u00e1guas profundas, n\u00e3o apenas segredos \u2014 mas tamb\u00e9m mem\u00f3rias arquet\u00edpicas, fragmentos de um passado t\u00e3o antigo que a pr\u00f3pria Terra hesita em revel\u00e1-los. O Lago Ness, na Esc\u00f3cia, \u00e9 um desses pontos de poder. Suas \u00e1guas escuras e insond\u00e1veis, carregadas de turfa, s\u00e3o como uma cortina [&hellip;]\" \/>\n<meta property=\"og:url\" content=\"https:\/\/www.notibras.com\/site\/um-olhar-esoterico-sobre-o-monstro-do-lago-ness\/\" \/>\n<meta property=\"og:site_name\" content=\"Notibras\" \/>\n<meta property=\"article:publisher\" content=\"https:\/\/www.facebook.com\/notibras\/\" \/>\n<meta property=\"article:published_time\" content=\"2025-12-07T12:41:48+00:00\" \/>\n<meta property=\"og:image\" content=\"https:\/\/www.notibras.com\/site\/wp-content\/uploads\/2025\/12\/92a69660-2258-4ed7-b637-28072d8ab7ff-683x1024.png\" \/>\n\t<meta property=\"og:image:width\" content=\"683\" \/>\n\t<meta property=\"og:image:height\" content=\"1024\" \/>\n\t<meta property=\"og:image:type\" content=\"image\/png\" \/>\n<meta name=\"author\" content=\"Reda\u00e7\u00e3o\" \/>\n<meta name=\"twitter:card\" content=\"summary_large_image\" \/>\n<meta name=\"twitter:creator\" content=\"@Notibras\" \/>\n<meta name=\"twitter:site\" content=\"@Notibras\" \/>\n<meta name=\"twitter:label1\" content=\"Escrito por\" \/>\n\t<meta name=\"twitter:data1\" content=\"Reda\u00e7\u00e3o\" \/>\n\t<meta name=\"twitter:label2\" content=\"Est. tempo de leitura\" \/>\n\t<meta name=\"twitter:data2\" content=\"4 minutos\" \/>\n<script type=\"application\/ld+json\" class=\"yoast-schema-graph\">{\"@context\":\"https:\/\/schema.org\",\"@graph\":[{\"@type\":\"Article\",\"@id\":\"https:\/\/www.notibras.com\/site\/um-olhar-esoterico-sobre-o-monstro-do-lago-ness\/#article\",\"isPartOf\":{\"@id\":\"https:\/\/www.notibras.com\/site\/um-olhar-esoterico-sobre-o-monstro-do-lago-ness\/\"},\"author\":{\"name\":\"Reda\u00e7\u00e3o\",\"@id\":\"https:\/\/www.notibras.com\/site\/#\/schema\/person\/36ab0979449956132d3e5b517ea76ac8\"},\"headline\":\"Um olhar esot\u00e9rico sobre o monstro do Lago Ness\",\"datePublished\":\"2025-12-07T12:41:48+00:00\",\"mainEntityOfPage\":{\"@id\":\"https:\/\/www.notibras.com\/site\/um-olhar-esoterico-sobre-o-monstro-do-lago-ness\/\"},\"wordCount\":666,\"publisher\":{\"@id\":\"https:\/\/www.notibras.com\/site\/#organization\"},\"image\":{\"@id\":\"https:\/\/www.notibras.com\/site\/um-olhar-esoterico-sobre-o-monstro-do-lago-ness\/#primaryimage\"},\"thumbnailUrl\":\"https:\/\/www.notibras.com\/site\/wp-content\/uploads\/2025\/12\/92a69660-2258-4ed7-b637-28072d8ab7ff.png\",\"articleSection\":[\"Or\u00e1culos\"],\"inLanguage\":\"pt-BR\"},{\"@type\":\"WebPage\",\"@id\":\"https:\/\/www.notibras.com\/site\/um-olhar-esoterico-sobre-o-monstro-do-lago-ness\/\",\"url\":\"https:\/\/www.notibras.com\/site\/um-olhar-esoterico-sobre-o-monstro-do-lago-ness\/\",\"name\":\"Um olhar esot\u00e9rico sobre o monstro do Lago Ness - Notibras\",\"isPartOf\":{\"@id\":\"https:\/\/www.notibras.com\/site\/#website\"},\"primaryImageOfPage\":{\"@id\":\"https:\/\/www.notibras.com\/site\/um-olhar-esoterico-sobre-o-monstro-do-lago-ness\/#primaryimage\"},\"image\":{\"@id\":\"https:\/\/www.notibras.com\/site\/um-olhar-esoterico-sobre-o-monstro-do-lago-ness\/#primaryimage\"},\"thumbnailUrl\":\"https:\/\/www.notibras.com\/site\/wp-content\/uploads\/2025\/12\/92a69660-2258-4ed7-b637-28072d8ab7ff.png\",\"datePublished\":\"2025-12-07T12:41:48+00:00\",\"breadcrumb\":{\"@id\":\"https:\/\/www.notibras.com\/site\/um-olhar-esoterico-sobre-o-monstro-do-lago-ness\/#breadcrumb\"},\"inLanguage\":\"pt-BR\",\"potentialAction\":[{\"@type\":\"ReadAction\",\"target\":[\"https:\/\/www.notibras.com\/site\/um-olhar-esoterico-sobre-o-monstro-do-lago-ness\/\"]}]},{\"@type\":\"ImageObject\",\"inLanguage\":\"pt-BR\",\"@id\":\"https:\/\/www.notibras.com\/site\/um-olhar-esoterico-sobre-o-monstro-do-lago-ness\/#primaryimage\",\"url\":\"https:\/\/www.notibras.com\/site\/wp-content\/uploads\/2025\/12\/92a69660-2258-4ed7-b637-28072d8ab7ff.png\",\"contentUrl\":\"https:\/\/www.notibras.com\/site\/wp-content\/uploads\/2025\/12\/92a69660-2258-4ed7-b637-28072d8ab7ff.png\",\"width\":1024,\"height\":1536},{\"@type\":\"BreadcrumbList\",\"@id\":\"https:\/\/www.notibras.com\/site\/um-olhar-esoterico-sobre-o-monstro-do-lago-ness\/#breadcrumb\",\"itemListElement\":[{\"@type\":\"ListItem\",\"position\":1,\"name\":\"In\u00edcio\",\"item\":\"https:\/\/www.notibras.com\/site\/\"},{\"@type\":\"ListItem\",\"position\":2,\"name\":\"Um olhar esot\u00e9rico sobre o monstro do Lago Ness\"}]},{\"@type\":\"WebSite\",\"@id\":\"https:\/\/www.notibras.com\/site\/#website\",\"url\":\"https:\/\/www.notibras.com\/site\/\",\"name\":\"Notibras\",\"description\":\"Not\u00edcias de Bras\u00edlia, do Brasil e do Mundo\",\"publisher\":{\"@id\":\"https:\/\/www.notibras.com\/site\/#organization\"},\"potentialAction\":[{\"@type\":\"SearchAction\",\"target\":{\"@type\":\"EntryPoint\",\"urlTemplate\":\"https:\/\/www.notibras.com\/site\/?s={search_term_string}\"},\"query-input\":{\"@type\":\"PropertyValueSpecification\",\"valueRequired\":true,\"valueName\":\"search_term_string\"}}],\"inLanguage\":\"pt-BR\"},{\"@type\":\"Organization\",\"@id\":\"https:\/\/www.notibras.com\/site\/#organization\",\"name\":\"Grupo Notibras de Comunica\u00e7\u00e3o\",\"url\":\"https:\/\/www.notibras.com\/site\/\",\"logo\":{\"@type\":\"ImageObject\",\"inLanguage\":\"pt-BR\",\"@id\":\"https:\/\/www.notibras.com\/site\/#\/schema\/logo\/image\/\",\"url\":\"https:\/\/www.notibras.com\/site\/wp-content\/uploads\/2023\/01\/notibras23.png\",\"contentUrl\":\"https:\/\/www.notibras.com\/site\/wp-content\/uploads\/2023\/01\/notibras23.png\",\"width\":350,\"height\":87,\"caption\":\"Grupo Notibras de Comunica\u00e7\u00e3o\"},\"image\":{\"@id\":\"https:\/\/www.notibras.com\/site\/#\/schema\/logo\/image\/\"},\"sameAs\":[\"https:\/\/www.facebook.com\/notibras\/\",\"https:\/\/x.com\/Notibras\",\"https:\/\/www.instagram.com\/notibras\/\"]},{\"@type\":\"Person\",\"@id\":\"https:\/\/www.notibras.com\/site\/#\/schema\/person\/36ab0979449956132d3e5b517ea76ac8\",\"name\":\"Reda\u00e7\u00e3o\",\"image\":{\"@type\":\"ImageObject\",\"inLanguage\":\"pt-BR\",\"@id\":\"https:\/\/secure.gravatar.com\/avatar\/e0a867bdedb85fd243eadf09663511f96fc81e0720a4a42581f334ad4303aa6b?s=96&d=mm&r=g\",\"url\":\"https:\/\/secure.gravatar.com\/avatar\/e0a867bdedb85fd243eadf09663511f96fc81e0720a4a42581f334ad4303aa6b?s=96&d=mm&r=g\",\"contentUrl\":\"https:\/\/secure.gravatar.com\/avatar\/e0a867bdedb85fd243eadf09663511f96fc81e0720a4a42581f334ad4303aa6b?s=96&d=mm&r=g\",\"caption\":\"Reda\u00e7\u00e3o\"}}]}<\/script>\n<!-- \/ Yoast SEO plugin. -->","yoast_head_json":{"title":"Um olhar esot\u00e9rico sobre o monstro do Lago Ness - Notibras","robots":{"index":"index","follow":"follow","max-snippet":"max-snippet:-1","max-image-preview":"max-image-preview:large","max-video-preview":"max-video-preview:-1"},"canonical":"https:\/\/www.notibras.com\/site\/um-olhar-esoterico-sobre-o-monstro-do-lago-ness\/","og_locale":"pt_BR","og_type":"article","og_title":"Um olhar esot\u00e9rico sobre o monstro do Lago Ness - Notibras","og_description":"H\u00e1 lugares no mundo que parecem guardar, em suas \u00e1guas profundas, n\u00e3o apenas segredos \u2014 mas tamb\u00e9m mem\u00f3rias arquet\u00edpicas, fragmentos de um passado t\u00e3o antigo que a pr\u00f3pria Terra hesita em revel\u00e1-los. O Lago Ness, na Esc\u00f3cia, \u00e9 um desses pontos de poder. Suas \u00e1guas escuras e insond\u00e1veis, carregadas de turfa, s\u00e3o como uma cortina [&hellip;]","og_url":"https:\/\/www.notibras.com\/site\/um-olhar-esoterico-sobre-o-monstro-do-lago-ness\/","og_site_name":"Notibras","article_publisher":"https:\/\/www.facebook.com\/notibras\/","article_published_time":"2025-12-07T12:41:48+00:00","og_image":[{"width":683,"height":1024,"url":"https:\/\/www.notibras.com\/site\/wp-content\/uploads\/2025\/12\/92a69660-2258-4ed7-b637-28072d8ab7ff-683x1024.png","type":"image\/png"}],"author":"Reda\u00e7\u00e3o","twitter_card":"summary_large_image","twitter_creator":"@Notibras","twitter_site":"@Notibras","twitter_misc":{"Escrito por":"Reda\u00e7\u00e3o","Est. tempo de leitura":"4 minutos"},"schema":{"@context":"https:\/\/schema.org","@graph":[{"@type":"Article","@id":"https:\/\/www.notibras.com\/site\/um-olhar-esoterico-sobre-o-monstro-do-lago-ness\/#article","isPartOf":{"@id":"https:\/\/www.notibras.com\/site\/um-olhar-esoterico-sobre-o-monstro-do-lago-ness\/"},"author":{"name":"Reda\u00e7\u00e3o","@id":"https:\/\/www.notibras.com\/site\/#\/schema\/person\/36ab0979449956132d3e5b517ea76ac8"},"headline":"Um olhar esot\u00e9rico sobre o monstro do Lago Ness","datePublished":"2025-12-07T12:41:48+00:00","mainEntityOfPage":{"@id":"https:\/\/www.notibras.com\/site\/um-olhar-esoterico-sobre-o-monstro-do-lago-ness\/"},"wordCount":666,"publisher":{"@id":"https:\/\/www.notibras.com\/site\/#organization"},"image":{"@id":"https:\/\/www.notibras.com\/site\/um-olhar-esoterico-sobre-o-monstro-do-lago-ness\/#primaryimage"},"thumbnailUrl":"https:\/\/www.notibras.com\/site\/wp-content\/uploads\/2025\/12\/92a69660-2258-4ed7-b637-28072d8ab7ff.png","articleSection":["Or\u00e1culos"],"inLanguage":"pt-BR"},{"@type":"WebPage","@id":"https:\/\/www.notibras.com\/site\/um-olhar-esoterico-sobre-o-monstro-do-lago-ness\/","url":"https:\/\/www.notibras.com\/site\/um-olhar-esoterico-sobre-o-monstro-do-lago-ness\/","name":"Um olhar esot\u00e9rico sobre o monstro do Lago Ness - Notibras","isPartOf":{"@id":"https:\/\/www.notibras.com\/site\/#website"},"primaryImageOfPage":{"@id":"https:\/\/www.notibras.com\/site\/um-olhar-esoterico-sobre-o-monstro-do-lago-ness\/#primaryimage"},"image":{"@id":"https:\/\/www.notibras.com\/site\/um-olhar-esoterico-sobre-o-monstro-do-lago-ness\/#primaryimage"},"thumbnailUrl":"https:\/\/www.notibras.com\/site\/wp-content\/uploads\/2025\/12\/92a69660-2258-4ed7-b637-28072d8ab7ff.png","datePublished":"2025-12-07T12:41:48+00:00","breadcrumb":{"@id":"https:\/\/www.notibras.com\/site\/um-olhar-esoterico-sobre-o-monstro-do-lago-ness\/#breadcrumb"},"inLanguage":"pt-BR","potentialAction":[{"@type":"ReadAction","target":["https:\/\/www.notibras.com\/site\/um-olhar-esoterico-sobre-o-monstro-do-lago-ness\/"]}]},{"@type":"ImageObject","inLanguage":"pt-BR","@id":"https:\/\/www.notibras.com\/site\/um-olhar-esoterico-sobre-o-monstro-do-lago-ness\/#primaryimage","url":"https:\/\/www.notibras.com\/site\/wp-content\/uploads\/2025\/12\/92a69660-2258-4ed7-b637-28072d8ab7ff.png","contentUrl":"https:\/\/www.notibras.com\/site\/wp-content\/uploads\/2025\/12\/92a69660-2258-4ed7-b637-28072d8ab7ff.png","width":1024,"height":1536},{"@type":"BreadcrumbList","@id":"https:\/\/www.notibras.com\/site\/um-olhar-esoterico-sobre-o-monstro-do-lago-ness\/#breadcrumb","itemListElement":[{"@type":"ListItem","position":1,"name":"In\u00edcio","item":"https:\/\/www.notibras.com\/site\/"},{"@type":"ListItem","position":2,"name":"Um olhar esot\u00e9rico sobre o monstro do Lago Ness"}]},{"@type":"WebSite","@id":"https:\/\/www.notibras.com\/site\/#website","url":"https:\/\/www.notibras.com\/site\/","name":"Notibras","description":"Not\u00edcias de Bras\u00edlia, do Brasil e do Mundo","publisher":{"@id":"https:\/\/www.notibras.com\/site\/#organization"},"potentialAction":[{"@type":"SearchAction","target":{"@type":"EntryPoint","urlTemplate":"https:\/\/www.notibras.com\/site\/?s={search_term_string}"},"query-input":{"@type":"PropertyValueSpecification","valueRequired":true,"valueName":"search_term_string"}}],"inLanguage":"pt-BR"},{"@type":"Organization","@id":"https:\/\/www.notibras.com\/site\/#organization","name":"Grupo Notibras de Comunica\u00e7\u00e3o","url":"https:\/\/www.notibras.com\/site\/","logo":{"@type":"ImageObject","inLanguage":"pt-BR","@id":"https:\/\/www.notibras.com\/site\/#\/schema\/logo\/image\/","url":"https:\/\/www.notibras.com\/site\/wp-content\/uploads\/2023\/01\/notibras23.png","contentUrl":"https:\/\/www.notibras.com\/site\/wp-content\/uploads\/2023\/01\/notibras23.png","width":350,"height":87,"caption":"Grupo Notibras de Comunica\u00e7\u00e3o"},"image":{"@id":"https:\/\/www.notibras.com\/site\/#\/schema\/logo\/image\/"},"sameAs":["https:\/\/www.facebook.com\/notibras\/","https:\/\/x.com\/Notibras","https:\/\/www.instagram.com\/notibras\/"]},{"@type":"Person","@id":"https:\/\/www.notibras.com\/site\/#\/schema\/person\/36ab0979449956132d3e5b517ea76ac8","name":"Reda\u00e7\u00e3o","image":{"@type":"ImageObject","inLanguage":"pt-BR","@id":"https:\/\/secure.gravatar.com\/avatar\/e0a867bdedb85fd243eadf09663511f96fc81e0720a4a42581f334ad4303aa6b?s=96&d=mm&r=g","url":"https:\/\/secure.gravatar.com\/avatar\/e0a867bdedb85fd243eadf09663511f96fc81e0720a4a42581f334ad4303aa6b?s=96&d=mm&r=g","contentUrl":"https:\/\/secure.gravatar.com\/avatar\/e0a867bdedb85fd243eadf09663511f96fc81e0720a4a42581f334ad4303aa6b?s=96&d=mm&r=g","caption":"Reda\u00e7\u00e3o"}}]}},"amp_enabled":true,"_links":{"self":[{"href":"https:\/\/www.notibras.com\/site\/wp-json\/wp\/v2\/posts\/373904","targetHints":{"allow":["GET"]}}],"collection":[{"href":"https:\/\/www.notibras.com\/site\/wp-json\/wp\/v2\/posts"}],"about":[{"href":"https:\/\/www.notibras.com\/site\/wp-json\/wp\/v2\/types\/post"}],"author":[{"embeddable":true,"href":"https:\/\/www.notibras.com\/site\/wp-json\/wp\/v2\/users\/2"}],"replies":[{"embeddable":true,"href":"https:\/\/www.notibras.com\/site\/wp-json\/wp\/v2\/comments?post=373904"}],"version-history":[{"count":1,"href":"https:\/\/www.notibras.com\/site\/wp-json\/wp\/v2\/posts\/373904\/revisions"}],"predecessor-version":[{"id":373906,"href":"https:\/\/www.notibras.com\/site\/wp-json\/wp\/v2\/posts\/373904\/revisions\/373906"}],"wp:featuredmedia":[{"embeddable":true,"href":"https:\/\/www.notibras.com\/site\/wp-json\/wp\/v2\/media\/373905"}],"wp:attachment":[{"href":"https:\/\/www.notibras.com\/site\/wp-json\/wp\/v2\/media?parent=373904"}],"wp:term":[{"taxonomy":"category","embeddable":true,"href":"https:\/\/www.notibras.com\/site\/wp-json\/wp\/v2\/categories?post=373904"},{"taxonomy":"post_tag","embeddable":true,"href":"https:\/\/www.notibras.com\/site\/wp-json\/wp\/v2\/tags?post=373904"}],"curies":[{"name":"wp","href":"https:\/\/api.w.org\/{rel}","templated":true}]}}