{"id":373922,"date":"2025-12-07T18:43:38","date_gmt":"2025-12-07T21:43:38","guid":{"rendered":"https:\/\/www.notibras.com\/site\/?p=373922"},"modified":"2025-12-07T19:16:00","modified_gmt":"2025-12-07T22:16:00","slug":"moeda-de-troca-da-candidatura-e-anistia-irrestrita-diz-flavio","status":"publish","type":"post","link":"https:\/\/www.notibras.com\/site\/moeda-de-troca-da-candidatura-e-anistia-irrestrita-diz-flavio\/","title":{"rendered":"&#8216;Moeda de troca&#8217; da candidatura \u00e9 anistia irrestrita, diz Fl\u00e1vio"},"content":{"rendered":"<p>A menos de um ano das elei\u00e7\u00f5es presidenciais, o cen\u00e1rio pol\u00edtico ganhou novo ingrediente com a declara\u00e7\u00e3o do senador Fl\u00e1vio Bolsonaro (PL-RJ), que voltou a colocar em d\u00favida sua perman\u00eancia na disputa pelo Pal\u00e1cio do Planalto. Depois de afirmar, em tom pol\u00eamico, que sua desist\u00eancia teria \u201cum pre\u00e7o\u201d, o parlamentar esclareceu, em resposta a <strong>Notibras<\/strong>, que n\u00e3o se tratava de barganha pessoal nem de c\u00e1lculo eleitoral.<\/p>\n<p>Segundo ele, o \u00fanico pre\u00e7o admiss\u00edvel \u00e9 \u201co da justi\u00e7a\u201d \u2014 express\u00e3o que adotou para defender o que chama de repara\u00e7\u00e3o \u00e0s \u201cfam\u00edlias destru\u00eddas por narrativas falsas\u201d e aos presos por um \u201cgolpe que jamais existiu\u201d, em refer\u00eancia aos investigados pelos atos de 8 de janeiro.<\/p>\n<p><strong>Moeda \u00e9 a anistia<\/strong><br \/>\nFl\u00e1vio avan\u00e7ou ainda mais na explica\u00e7\u00e3o. Ao falar em pre\u00e7o para retirar seu nome da corrida presidencial, garante que se referia exclusivamente a uma anistia geral, total e irrestrita, que, segundo ele, alcan\u00e7aria \u201cquase 60 milh\u00f5es de brasileiros criminalizados simplesmente por acreditar em um projeto de pa\u00eds\u201d.<\/p>\n<p>A ret\u00f3rica amplia a dimens\u00e3o pol\u00edtica do gesto: o senador vincula seu futuro eleitoral n\u00e3o ao desempenho nas pesquisas, mas a uma mudan\u00e7a institucional de larga escala. Justamente o tema que mobiliza a base bolsonarista e divide o Congresso.<\/p>\n<p><strong>Pol\u00edtica e f\u00e9<\/strong><br \/>\nReligioso, Fl\u00e1vio Bolsonaro adotou um tom mais espiritual para falar de sua decis\u00e3o final. Disse que, no momento atual, somente abre m\u00e3o da pr\u00e9-candidatura para o \u201cPai\u201d \u2014 refer\u00eancia, sup\u00f5e-se, n\u00e3o ao ex-presidente Jair Bolsonaro, hoje ineleg\u00edvel, mas a Deus.<\/p>\n<p>\u201c\u00c9 Ele quem decide meu caminho como pol\u00edtico e cidad\u00e3o\u201d, declarou, num movimento que combina c\u00e1lculo eleitoral, apelo religioso e refor\u00e7o simb\u00f3lico a uma das marcas do bolsonarismo.<\/p>\n<p>A fala do senador ocorre apenas 72 horas ap\u00f3s o an\u00fancio de sua pr\u00e9-candidatura, decis\u00e3o que por si s\u00f3 j\u00e1 havia provocado rea\u00e7\u00f5es intensas na cena pol\u00edtica. Agora, ao relativizar sua perman\u00eancia na disputa e condicionar a desist\u00eancia a um gesto amplo do Estado, Fl\u00e1vio recoloca o debate sobre anistia no centro da pauta e testa a temperatura tanto da base quanto da oposi\u00e7\u00e3o.<\/p>\n<p>Se permanecer na corrida, ser\u00e1 a primeira vez que um dos filhos de Jair Bolsonaro encabe\u00e7a uma disputa presidencial. Se recuar, sai de cena deixando um recado claro: sua presen\u00e7a ou aus\u00eancia n\u00e3o vir\u00e1 sem custo pol\u00edtico \u2014 e, sobretudo, simb\u00f3lico \u2014 para o pa\u00eds.<\/p>\n<p>&#8230;&#8230;&#8230;&#8230;&#8230;<\/p>\n<p><strong>Marta Nobre \u00e9 Editora Executiva de Notibras<\/strong><\/p>\n","protected":false},"excerpt":{"rendered":"<p>A menos de um ano das elei\u00e7\u00f5es presidenciais, o cen\u00e1rio pol\u00edtico ganhou novo ingrediente com a declara\u00e7\u00e3o do senador Fl\u00e1vio Bolsonaro (PL-RJ), que voltou a colocar em d\u00favida sua perman\u00eancia na disputa pelo Pal\u00e1cio do Planalto. Depois de afirmar, em tom pol\u00eamico, que sua desist\u00eancia teria \u201cum pre\u00e7o\u201d, o parlamentar esclareceu, em resposta a Notibras, [&hellip;]<\/p>\n","protected":false},"author":2,"featured_media":373923,"comment_status":"closed","ping_status":"closed","sticky":false,"template":"","format":"standard","meta":{"_acf_changed":false,"footnotes":""},"categories":[16],"tags":[95],"class_list":["post-373922","post","type-post","status-publish","format-standard","has-post-thumbnail","hentry","category-brasil","tag-capa"],"acf":[],"yoast_head":"<!-- This site is optimized with the Yoast SEO plugin v27.5 - https:\/\/yoast.com\/product\/yoast-seo-wordpress\/ -->\n<title>&#039;Moeda de troca&#039; da candidatura \u00e9 anistia irrestrita, diz Fl\u00e1vio - Notibras<\/title>\n<meta name=\"robots\" content=\"index, follow, max-snippet:-1, max-image-preview:large, max-video-preview:-1\" \/>\n<link rel=\"canonical\" href=\"https:\/\/www.notibras.com\/site\/moeda-de-troca-da-candidatura-e-anistia-irrestrita-diz-flavio\/\" \/>\n<meta property=\"og:locale\" content=\"pt_BR\" \/>\n<meta property=\"og:type\" content=\"article\" \/>\n<meta property=\"og:title\" content=\"&#039;Moeda de troca&#039; da candidatura \u00e9 anistia irrestrita, diz Fl\u00e1vio - Notibras\" \/>\n<meta property=\"og:description\" content=\"A menos de um ano das elei\u00e7\u00f5es presidenciais, o cen\u00e1rio pol\u00edtico ganhou novo ingrediente com a declara\u00e7\u00e3o do senador Fl\u00e1vio Bolsonaro (PL-RJ), que voltou a colocar em d\u00favida sua perman\u00eancia na disputa pelo Pal\u00e1cio do Planalto. Depois de afirmar, em tom pol\u00eamico, que sua desist\u00eancia teria \u201cum pre\u00e7o\u201d, o parlamentar esclareceu, em resposta a Notibras, [&hellip;]\" \/>\n<meta property=\"og:url\" content=\"https:\/\/www.notibras.com\/site\/moeda-de-troca-da-candidatura-e-anistia-irrestrita-diz-flavio\/\" \/>\n<meta property=\"og:site_name\" content=\"Notibras\" \/>\n<meta property=\"article:publisher\" content=\"https:\/\/www.facebook.com\/notibras\/\" \/>\n<meta property=\"article:published_time\" content=\"2025-12-07T21:43:38+00:00\" \/>\n<meta property=\"article:modified_time\" content=\"2025-12-07T22:16:00+00:00\" \/>\n<meta property=\"og:image\" content=\"https:\/\/www.notibras.com\/site\/wp-content\/uploads\/2025\/12\/1571530457-wu3es75d7vcillv6q6ukl2mzja.webp\" \/>\n\t<meta property=\"og:image:width\" content=\"774\" \/>\n\t<meta property=\"og:image:height\" content=\"484\" \/>\n\t<meta property=\"og:image:type\" content=\"image\/webp\" \/>\n<meta name=\"author\" content=\"Reda\u00e7\u00e3o\" \/>\n<meta name=\"twitter:card\" content=\"summary_large_image\" \/>\n<meta name=\"twitter:creator\" content=\"@Notibras\" \/>\n<meta name=\"twitter:site\" content=\"@Notibras\" \/>\n<meta name=\"twitter:label1\" content=\"Escrito por\" \/>\n\t<meta name=\"twitter:data1\" content=\"Reda\u00e7\u00e3o\" \/>\n\t<meta name=\"twitter:label2\" content=\"Est. tempo de leitura\" \/>\n\t<meta name=\"twitter:data2\" content=\"3 minutos\" \/>\n<script type=\"application\/ld+json\" class=\"yoast-schema-graph\">{\"@context\":\"https:\\\/\\\/schema.org\",\"@graph\":[{\"@type\":\"Article\",\"@id\":\"https:\\\/\\\/www.notibras.com\\\/site\\\/moeda-de-troca-da-candidatura-e-anistia-irrestrita-diz-flavio\\\/#article\",\"isPartOf\":{\"@id\":\"https:\\\/\\\/www.notibras.com\\\/site\\\/moeda-de-troca-da-candidatura-e-anistia-irrestrita-diz-flavio\\\/\"},\"author\":{\"name\":\"Reda\u00e7\u00e3o\",\"@id\":\"https:\\\/\\\/www.notibras.com\\\/site\\\/#\\\/schema\\\/person\\\/36ab0979449956132d3e5b517ea76ac8\"},\"headline\":\"&#8216;Moeda de troca&#8217; da candidatura \u00e9 anistia irrestrita, diz Fl\u00e1vio\",\"datePublished\":\"2025-12-07T21:43:38+00:00\",\"dateModified\":\"2025-12-07T22:16:00+00:00\",\"mainEntityOfPage\":{\"@id\":\"https:\\\/\\\/www.notibras.com\\\/site\\\/moeda-de-troca-da-candidatura-e-anistia-irrestrita-diz-flavio\\\/\"},\"wordCount\":452,\"publisher\":{\"@id\":\"https:\\\/\\\/www.notibras.com\\\/site\\\/#organization\"},\"image\":{\"@id\":\"https:\\\/\\\/www.notibras.com\\\/site\\\/moeda-de-troca-da-candidatura-e-anistia-irrestrita-diz-flavio\\\/#primaryimage\"},\"thumbnailUrl\":\"https:\\\/\\\/www.notibras.com\\\/site\\\/wp-content\\\/uploads\\\/2025\\\/12\\\/1571530457-wu3es75d7vcillv6q6ukl2mzja.webp\",\"keywords\":[\"capa\"],\"articleSection\":[\"Brasil\"],\"inLanguage\":\"pt-BR\"},{\"@type\":\"WebPage\",\"@id\":\"https:\\\/\\\/www.notibras.com\\\/site\\\/moeda-de-troca-da-candidatura-e-anistia-irrestrita-diz-flavio\\\/\",\"url\":\"https:\\\/\\\/www.notibras.com\\\/site\\\/moeda-de-troca-da-candidatura-e-anistia-irrestrita-diz-flavio\\\/\",\"name\":\"'Moeda de troca' da candidatura \u00e9 anistia irrestrita, diz Fl\u00e1vio - Notibras\",\"isPartOf\":{\"@id\":\"https:\\\/\\\/www.notibras.com\\\/site\\\/#website\"},\"primaryImageOfPage\":{\"@id\":\"https:\\\/\\\/www.notibras.com\\\/site\\\/moeda-de-troca-da-candidatura-e-anistia-irrestrita-diz-flavio\\\/#primaryimage\"},\"image\":{\"@id\":\"https:\\\/\\\/www.notibras.com\\\/site\\\/moeda-de-troca-da-candidatura-e-anistia-irrestrita-diz-flavio\\\/#primaryimage\"},\"thumbnailUrl\":\"https:\\\/\\\/www.notibras.com\\\/site\\\/wp-content\\\/uploads\\\/2025\\\/12\\\/1571530457-wu3es75d7vcillv6q6ukl2mzja.webp\",\"datePublished\":\"2025-12-07T21:43:38+00:00\",\"dateModified\":\"2025-12-07T22:16:00+00:00\",\"breadcrumb\":{\"@id\":\"https:\\\/\\\/www.notibras.com\\\/site\\\/moeda-de-troca-da-candidatura-e-anistia-irrestrita-diz-flavio\\\/#breadcrumb\"},\"inLanguage\":\"pt-BR\",\"potentialAction\":[{\"@type\":\"ReadAction\",\"target\":[\"https:\\\/\\\/www.notibras.com\\\/site\\\/moeda-de-troca-da-candidatura-e-anistia-irrestrita-diz-flavio\\\/\"]}]},{\"@type\":\"ImageObject\",\"inLanguage\":\"pt-BR\",\"@id\":\"https:\\\/\\\/www.notibras.com\\\/site\\\/moeda-de-troca-da-candidatura-e-anistia-irrestrita-diz-flavio\\\/#primaryimage\",\"url\":\"https:\\\/\\\/www.notibras.com\\\/site\\\/wp-content\\\/uploads\\\/2025\\\/12\\\/1571530457-wu3es75d7vcillv6q6ukl2mzja.webp\",\"contentUrl\":\"https:\\\/\\\/www.notibras.com\\\/site\\\/wp-content\\\/uploads\\\/2025\\\/12\\\/1571530457-wu3es75d7vcillv6q6ukl2mzja.webp\",\"width\":774,\"height\":484},{\"@type\":\"BreadcrumbList\",\"@id\":\"https:\\\/\\\/www.notibras.com\\\/site\\\/moeda-de-troca-da-candidatura-e-anistia-irrestrita-diz-flavio\\\/#breadcrumb\",\"itemListElement\":[{\"@type\":\"ListItem\",\"position\":1,\"name\":\"In\u00edcio\",\"item\":\"https:\\\/\\\/www.notibras.com\\\/site\\\/\"},{\"@type\":\"ListItem\",\"position\":2,\"name\":\"&#8216;Moeda de troca&#8217; da candidatura \u00e9 anistia irrestrita, diz Fl\u00e1vio\"}]},{\"@type\":\"WebSite\",\"@id\":\"https:\\\/\\\/www.notibras.com\\\/site\\\/#website\",\"url\":\"https:\\\/\\\/www.notibras.com\\\/site\\\/\",\"name\":\"Notibras\",\"description\":\"Not\u00edcias de Bras\u00edlia, do Brasil e do Mundo\",\"publisher\":{\"@id\":\"https:\\\/\\\/www.notibras.com\\\/site\\\/#organization\"},\"potentialAction\":[{\"@type\":\"SearchAction\",\"target\":{\"@type\":\"EntryPoint\",\"urlTemplate\":\"https:\\\/\\\/www.notibras.com\\\/site\\\/?s={search_term_string}\"},\"query-input\":{\"@type\":\"PropertyValueSpecification\",\"valueRequired\":true,\"valueName\":\"search_term_string\"}}],\"inLanguage\":\"pt-BR\"},{\"@type\":\"Organization\",\"@id\":\"https:\\\/\\\/www.notibras.com\\\/site\\\/#organization\",\"name\":\"Grupo Notibras de Comunica\u00e7\u00e3o\",\"url\":\"https:\\\/\\\/www.notibras.com\\\/site\\\/\",\"logo\":{\"@type\":\"ImageObject\",\"inLanguage\":\"pt-BR\",\"@id\":\"https:\\\/\\\/www.notibras.com\\\/site\\\/#\\\/schema\\\/logo\\\/image\\\/\",\"url\":\"https:\\\/\\\/www.notibras.com\\\/site\\\/wp-content\\\/uploads\\\/2023\\\/01\\\/notibras23.png\",\"contentUrl\":\"https:\\\/\\\/www.notibras.com\\\/site\\\/wp-content\\\/uploads\\\/2023\\\/01\\\/notibras23.png\",\"width\":350,\"height\":87,\"caption\":\"Grupo Notibras de Comunica\u00e7\u00e3o\"},\"image\":{\"@id\":\"https:\\\/\\\/www.notibras.com\\\/site\\\/#\\\/schema\\\/logo\\\/image\\\/\"},\"sameAs\":[\"https:\\\/\\\/www.facebook.com\\\/notibras\\\/\",\"https:\\\/\\\/x.com\\\/Notibras\",\"https:\\\/\\\/www.instagram.com\\\/notibras\\\/\"]},{\"@type\":\"Person\",\"@id\":\"https:\\\/\\\/www.notibras.com\\\/site\\\/#\\\/schema\\\/person\\\/36ab0979449956132d3e5b517ea76ac8\",\"name\":\"Reda\u00e7\u00e3o\",\"image\":{\"@type\":\"ImageObject\",\"inLanguage\":\"pt-BR\",\"@id\":\"https:\\\/\\\/secure.gravatar.com\\\/avatar\\\/e0a867bdedb85fd243eadf09663511f96fc81e0720a4a42581f334ad4303aa6b?s=96&d=mm&r=g\",\"url\":\"https:\\\/\\\/secure.gravatar.com\\\/avatar\\\/e0a867bdedb85fd243eadf09663511f96fc81e0720a4a42581f334ad4303aa6b?s=96&d=mm&r=g\",\"contentUrl\":\"https:\\\/\\\/secure.gravatar.com\\\/avatar\\\/e0a867bdedb85fd243eadf09663511f96fc81e0720a4a42581f334ad4303aa6b?s=96&d=mm&r=g\",\"caption\":\"Reda\u00e7\u00e3o\"}}]}<\/script>\n<!-- \/ Yoast SEO plugin. -->","yoast_head_json":{"title":"'Moeda de troca' da candidatura \u00e9 anistia irrestrita, diz Fl\u00e1vio - Notibras","robots":{"index":"index","follow":"follow","max-snippet":"max-snippet:-1","max-image-preview":"max-image-preview:large","max-video-preview":"max-video-preview:-1"},"canonical":"https:\/\/www.notibras.com\/site\/moeda-de-troca-da-candidatura-e-anistia-irrestrita-diz-flavio\/","og_locale":"pt_BR","og_type":"article","og_title":"'Moeda de troca' da candidatura \u00e9 anistia irrestrita, diz Fl\u00e1vio - Notibras","og_description":"A menos de um ano das elei\u00e7\u00f5es presidenciais, o cen\u00e1rio pol\u00edtico ganhou novo ingrediente com a declara\u00e7\u00e3o do senador Fl\u00e1vio Bolsonaro (PL-RJ), que voltou a colocar em d\u00favida sua perman\u00eancia na disputa pelo Pal\u00e1cio do Planalto. Depois de afirmar, em tom pol\u00eamico, que sua desist\u00eancia teria \u201cum pre\u00e7o\u201d, o parlamentar esclareceu, em resposta a Notibras, [&hellip;]","og_url":"https:\/\/www.notibras.com\/site\/moeda-de-troca-da-candidatura-e-anistia-irrestrita-diz-flavio\/","og_site_name":"Notibras","article_publisher":"https:\/\/www.facebook.com\/notibras\/","article_published_time":"2025-12-07T21:43:38+00:00","article_modified_time":"2025-12-07T22:16:00+00:00","og_image":[{"width":774,"height":484,"url":"https:\/\/www.notibras.com\/site\/wp-content\/uploads\/2025\/12\/1571530457-wu3es75d7vcillv6q6ukl2mzja.webp","type":"image\/webp"}],"author":"Reda\u00e7\u00e3o","twitter_card":"summary_large_image","twitter_creator":"@Notibras","twitter_site":"@Notibras","twitter_misc":{"Escrito por":"Reda\u00e7\u00e3o","Est. tempo de leitura":"3 minutos"},"schema":{"@context":"https:\/\/schema.org","@graph":[{"@type":"Article","@id":"https:\/\/www.notibras.com\/site\/moeda-de-troca-da-candidatura-e-anistia-irrestrita-diz-flavio\/#article","isPartOf":{"@id":"https:\/\/www.notibras.com\/site\/moeda-de-troca-da-candidatura-e-anistia-irrestrita-diz-flavio\/"},"author":{"name":"Reda\u00e7\u00e3o","@id":"https:\/\/www.notibras.com\/site\/#\/schema\/person\/36ab0979449956132d3e5b517ea76ac8"},"headline":"&#8216;Moeda de troca&#8217; da candidatura \u00e9 anistia irrestrita, diz Fl\u00e1vio","datePublished":"2025-12-07T21:43:38+00:00","dateModified":"2025-12-07T22:16:00+00:00","mainEntityOfPage":{"@id":"https:\/\/www.notibras.com\/site\/moeda-de-troca-da-candidatura-e-anistia-irrestrita-diz-flavio\/"},"wordCount":452,"publisher":{"@id":"https:\/\/www.notibras.com\/site\/#organization"},"image":{"@id":"https:\/\/www.notibras.com\/site\/moeda-de-troca-da-candidatura-e-anistia-irrestrita-diz-flavio\/#primaryimage"},"thumbnailUrl":"https:\/\/www.notibras.com\/site\/wp-content\/uploads\/2025\/12\/1571530457-wu3es75d7vcillv6q6ukl2mzja.webp","keywords":["capa"],"articleSection":["Brasil"],"inLanguage":"pt-BR"},{"@type":"WebPage","@id":"https:\/\/www.notibras.com\/site\/moeda-de-troca-da-candidatura-e-anistia-irrestrita-diz-flavio\/","url":"https:\/\/www.notibras.com\/site\/moeda-de-troca-da-candidatura-e-anistia-irrestrita-diz-flavio\/","name":"'Moeda de troca' da candidatura \u00e9 anistia irrestrita, diz Fl\u00e1vio - Notibras","isPartOf":{"@id":"https:\/\/www.notibras.com\/site\/#website"},"primaryImageOfPage":{"@id":"https:\/\/www.notibras.com\/site\/moeda-de-troca-da-candidatura-e-anistia-irrestrita-diz-flavio\/#primaryimage"},"image":{"@id":"https:\/\/www.notibras.com\/site\/moeda-de-troca-da-candidatura-e-anistia-irrestrita-diz-flavio\/#primaryimage"},"thumbnailUrl":"https:\/\/www.notibras.com\/site\/wp-content\/uploads\/2025\/12\/1571530457-wu3es75d7vcillv6q6ukl2mzja.webp","datePublished":"2025-12-07T21:43:38+00:00","dateModified":"2025-12-07T22:16:00+00:00","breadcrumb":{"@id":"https:\/\/www.notibras.com\/site\/moeda-de-troca-da-candidatura-e-anistia-irrestrita-diz-flavio\/#breadcrumb"},"inLanguage":"pt-BR","potentialAction":[{"@type":"ReadAction","target":["https:\/\/www.notibras.com\/site\/moeda-de-troca-da-candidatura-e-anistia-irrestrita-diz-flavio\/"]}]},{"@type":"ImageObject","inLanguage":"pt-BR","@id":"https:\/\/www.notibras.com\/site\/moeda-de-troca-da-candidatura-e-anistia-irrestrita-diz-flavio\/#primaryimage","url":"https:\/\/www.notibras.com\/site\/wp-content\/uploads\/2025\/12\/1571530457-wu3es75d7vcillv6q6ukl2mzja.webp","contentUrl":"https:\/\/www.notibras.com\/site\/wp-content\/uploads\/2025\/12\/1571530457-wu3es75d7vcillv6q6ukl2mzja.webp","width":774,"height":484},{"@type":"BreadcrumbList","@id":"https:\/\/www.notibras.com\/site\/moeda-de-troca-da-candidatura-e-anistia-irrestrita-diz-flavio\/#breadcrumb","itemListElement":[{"@type":"ListItem","position":1,"name":"In\u00edcio","item":"https:\/\/www.notibras.com\/site\/"},{"@type":"ListItem","position":2,"name":"&#8216;Moeda de troca&#8217; da candidatura \u00e9 anistia irrestrita, diz Fl\u00e1vio"}]},{"@type":"WebSite","@id":"https:\/\/www.notibras.com\/site\/#website","url":"https:\/\/www.notibras.com\/site\/","name":"Notibras","description":"Not\u00edcias de Bras\u00edlia, do Brasil e do Mundo","publisher":{"@id":"https:\/\/www.notibras.com\/site\/#organization"},"potentialAction":[{"@type":"SearchAction","target":{"@type":"EntryPoint","urlTemplate":"https:\/\/www.notibras.com\/site\/?s={search_term_string}"},"query-input":{"@type":"PropertyValueSpecification","valueRequired":true,"valueName":"search_term_string"}}],"inLanguage":"pt-BR"},{"@type":"Organization","@id":"https:\/\/www.notibras.com\/site\/#organization","name":"Grupo Notibras de Comunica\u00e7\u00e3o","url":"https:\/\/www.notibras.com\/site\/","logo":{"@type":"ImageObject","inLanguage":"pt-BR","@id":"https:\/\/www.notibras.com\/site\/#\/schema\/logo\/image\/","url":"https:\/\/www.notibras.com\/site\/wp-content\/uploads\/2023\/01\/notibras23.png","contentUrl":"https:\/\/www.notibras.com\/site\/wp-content\/uploads\/2023\/01\/notibras23.png","width":350,"height":87,"caption":"Grupo Notibras de Comunica\u00e7\u00e3o"},"image":{"@id":"https:\/\/www.notibras.com\/site\/#\/schema\/logo\/image\/"},"sameAs":["https:\/\/www.facebook.com\/notibras\/","https:\/\/x.com\/Notibras","https:\/\/www.instagram.com\/notibras\/"]},{"@type":"Person","@id":"https:\/\/www.notibras.com\/site\/#\/schema\/person\/36ab0979449956132d3e5b517ea76ac8","name":"Reda\u00e7\u00e3o","image":{"@type":"ImageObject","inLanguage":"pt-BR","@id":"https:\/\/secure.gravatar.com\/avatar\/e0a867bdedb85fd243eadf09663511f96fc81e0720a4a42581f334ad4303aa6b?s=96&d=mm&r=g","url":"https:\/\/secure.gravatar.com\/avatar\/e0a867bdedb85fd243eadf09663511f96fc81e0720a4a42581f334ad4303aa6b?s=96&d=mm&r=g","contentUrl":"https:\/\/secure.gravatar.com\/avatar\/e0a867bdedb85fd243eadf09663511f96fc81e0720a4a42581f334ad4303aa6b?s=96&d=mm&r=g","caption":"Reda\u00e7\u00e3o"}}]}},"amp_enabled":true,"_links":{"self":[{"href":"https:\/\/www.notibras.com\/site\/wp-json\/wp\/v2\/posts\/373922","targetHints":{"allow":["GET"]}}],"collection":[{"href":"https:\/\/www.notibras.com\/site\/wp-json\/wp\/v2\/posts"}],"about":[{"href":"https:\/\/www.notibras.com\/site\/wp-json\/wp\/v2\/types\/post"}],"author":[{"embeddable":true,"href":"https:\/\/www.notibras.com\/site\/wp-json\/wp\/v2\/users\/2"}],"replies":[{"embeddable":true,"href":"https:\/\/www.notibras.com\/site\/wp-json\/wp\/v2\/comments?post=373922"}],"version-history":[{"count":2,"href":"https:\/\/www.notibras.com\/site\/wp-json\/wp\/v2\/posts\/373922\/revisions"}],"predecessor-version":[{"id":373925,"href":"https:\/\/www.notibras.com\/site\/wp-json\/wp\/v2\/posts\/373922\/revisions\/373925"}],"wp:featuredmedia":[{"embeddable":true,"href":"https:\/\/www.notibras.com\/site\/wp-json\/wp\/v2\/media\/373923"}],"wp:attachment":[{"href":"https:\/\/www.notibras.com\/site\/wp-json\/wp\/v2\/media?parent=373922"}],"wp:term":[{"taxonomy":"category","embeddable":true,"href":"https:\/\/www.notibras.com\/site\/wp-json\/wp\/v2\/categories?post=373922"},{"taxonomy":"post_tag","embeddable":true,"href":"https:\/\/www.notibras.com\/site\/wp-json\/wp\/v2\/tags?post=373922"}],"curies":[{"name":"wp","href":"https:\/\/api.w.org\/{rel}","templated":true}]}}