{"id":373967,"date":"2025-12-09T02:00:03","date_gmt":"2025-12-09T05:00:03","guid":{"rendered":"https:\/\/www.notibras.com\/site\/?p=373967"},"modified":"2025-12-08T06:53:02","modified_gmt":"2025-12-08T09:53:02","slug":"paixao-a-primeira-vista-ou-quase-isso","status":"publish","type":"post","link":"https:\/\/www.notibras.com\/site\/paixao-a-primeira-vista-ou-quase-isso\/","title":{"rendered":"Paix\u00e3o \u00e0 primeira vista ou quase isso"},"content":{"rendered":"<p>A casa estava abarrotada de parentes e amigos mais pr\u00f3ximos. Regina e Osmar, os anfitri\u00f5es, distribu\u00edam sorrisos para todos, como se fossem astros de cinema prestes a ganhar o Oscar. Verdade que n\u00e3o era para tanto. Mas a verdade \u00e9 algo que, n\u00e3o raro, \u00e9 mera ilus\u00e3o.<\/p>\n<p>Bodas de Ouro! Pois \u00e9, h\u00e1 exatos 50 anos, os pombinhos viviam a vida que todos acreditavam ser a mais pura perfei\u00e7\u00e3o. Tamb\u00e9m n\u00e3o que fosse abomin\u00e1vel ou algo do tipo, apesar dos momentos, digamos, aborrec\u00edveis. Quem nunca os t\u00eam, afinal?<\/p>\n<p>A vers\u00e3o oficial daquele romance afirmava de p\u00e9s juntos que Regina, perambulando pela pra\u00e7a em frente \u00e0 Catedral, em Bras\u00edlia, numa manh\u00e3 ensolarada de setembro de 1973, se deparou com um belo rapaz de cabelos desalinhados e profundos e enigm\u00e1ticos olhos claros. De t\u00e3o impressionada que ficou, n\u00e3o conseguiu evitar de se apaixonar perdidamente por Osmar. Mas n\u00e3o pense que a hist\u00f3ria acabou por a\u00ed. Nananinan\u00e3o!<\/p>\n<p>Osmar, por sua vez, tentando proteger o rosto dos raios solares, virou-se e, de repente, se viu diante da mais graciosa mulher que jamais imaginou existir. Fisgado, deixou de lado a costumeira timidez e puxou conversa, que se iniciou de modo inusitado.<\/p>\n<p>\u2014 N\u00e3o pensei que voc\u00ea viesse.<\/p>\n<p>\u2014 O qu\u00ea?<\/p>\n<p>\u2014 Voc\u00ea veio.<\/p>\n<p>\u2014 Vim, mas&#8230; Pera\u00ed! A gente se conhece?<\/p>\n<p>\u2014 A partir de agora, sim. Me chamo Osmar.<\/p>\n<p>Ele estendeu a m\u00e3o, o que fez Regina receber o gesto com um sorriso.<\/p>\n<p>\u2014 Prazer, Osmar. Sou a Regina.<\/p>\n<p>Apresenta\u00e7\u00f5es feitas, Osmar a convidou para chuparem um picol\u00e9 no carrinho de um ambulante logo ali. E foi assim que o romance teria come\u00e7ado. Bem, essa \u00e9 a vers\u00e3o conhecida e aceita como verdadeira, mesmo porque n\u00e3o h\u00e1 motivo para d\u00favidas.<\/p>\n<p>N\u00e3o obstante tal hist\u00f3ria j\u00e1 sacramentada, h\u00e1 quem diga, \u00e0 boca pequena, que a coisa n\u00e3o foi bem assim. E apenas para matar a sua curiosidade, que percebo pelos olhos arregalados, farei de voc\u00ea um dos raros conhecedores do que realmente aconteceu.<\/p>\n<p>De cara, j\u00e1 digo que essa coisa de paix\u00e3o \u00e0 primeira vista n\u00e3o aconteceu. Regina, que naquele dia soubera que Joaquim, um primo por quem era apaixonada, havia anunciado que iria se casar com outra, ficou possessa. O qu\u00ea? Aquilo n\u00e3o era poss\u00edvel! Ainda mais depois de promessas feitas por ele para Regina debaixo da jabuticabeira do quintal da casa dos av\u00f3s.<\/p>\n<p>Revoltada pela trai\u00e7\u00e3o, Regina saiu sem rumo, mas com o intuito de ir \u00e0 ca\u00e7a de um homem para casar. N\u00e3o importava quem aparecesse pelo caminho.<\/p>\n<p>De t\u00e3o sem rumo, foi parar em frente \u00e0 Catedral. Religiosa que sempre fora, pensou at\u00e9 em entrar para buscar consolo espiritual. Entretanto, antes que o fizesse, notou a presen\u00e7a de um rapaz mais alto do que a maioria, olhos claros, que contrastavam com os cabelos quase negros. Ela o observou por uns bons 20 minutos. O que ele estaria fazendo ali? Parecia angustiado com algo. Teria sido tra\u00eddo tamb\u00e9m?<\/p>\n<p>Com \u00edmpeto de chamar aten\u00e7\u00e3o, a mulher come\u00e7ou a andar de um lado para o outro, como se estivesse perdida. N\u00e3o adiantou. Cantarolou, mas nada do sujeito sequer tirar os olhos do horizonte. Quando pensou em assobiar, eis que uma nuvem saiu da frente do Sol, que jogou luz sobre o rapaz, que virou o rosto e, a\u00ed sim, percebeu a bela Regina, que lhe sorriu.<\/p>\n<p>Desconcertado que ficou, a princ\u00edpio, o gajo imaginou que aquele sorriso era para outrem, tanto \u00e9 que ele virou o rosto em v\u00e1rias dire\u00e7\u00f5es at\u00e9 que, finalmente, se deu por convencido. O sorriso era mesmo para ele. Tomou coragem e, ent\u00e3o, deu alguns passos em dire\u00e7\u00e3o \u00e0 jovem, estendeu a m\u00e3o e sorriu.<\/p>\n<p>\u2014 Osmar.<\/p>\n<p>\u2014 Regina.<\/p>\n<p>Realmente Osmar a convidou para chupar picol\u00e9. Todavia, como o dinheiro naquele tempo lhe era curto, s\u00f3 deu para comprar um, que Regina fez quest\u00e3o de dividir com o quase estranho.<\/p>\n<p>O romance aconteceu, apesar do primeiro beijo s\u00f3 ter acontecido dois meses ap\u00f3s o primeiro encontro. Seja qual vers\u00e3o voc\u00ea preferir, o casamento aconteceu, j\u00e1 que os dois est\u00e3o comemorando Bodas de Ouro. Pois \u00e9, isso n\u00e3o \u00e9 algo que se v\u00ea todos os dias. E pensar que tudo isso aconteceu por uma punhalada no cora\u00e7\u00e3o.<\/p>\n<p><strong>\u2026\u2026\u2026\u2026\u2026\u2026\u2026\u2026<\/strong><\/p>\n<p><strong>Eduardo Mart\u00ednez \u00e9 autor do livro \u201957 Contos e Cr\u00f4nicas por um Autor Muito Velho\u2019 (Vencedor do Pr\u00eamio Liter\u00e1rio Clarice Lispector \u2013 2025 na categoria livro de contos).<\/strong><\/p>\n<p><strong>Compre aqui<\/strong><\/p>\n<p><a href=\"https:\/\/www.joanineditora.com.br\/57-contos-e-cronicas-por-um-autor-muito-velho\"><strong>https:\/\/www.joanineditora.com.br\/57-contos-e-cronicas-por-um-autor-muito-velho<\/strong><\/a><\/p>\n","protected":false},"excerpt":{"rendered":"<p>A casa estava abarrotada de parentes e amigos mais pr\u00f3ximos. Regina e Osmar, os anfitri\u00f5es, distribu\u00edam sorrisos para todos, como se fossem astros de cinema prestes a ganhar o Oscar. Verdade que n\u00e3o era para tanto. Mas a verdade \u00e9 algo que, n\u00e3o raro, \u00e9 mera ilus\u00e3o. Bodas de Ouro! Pois \u00e9, h\u00e1 exatos 50 [&hellip;]<\/p>\n","protected":false},"author":21,"featured_media":373968,"comment_status":"closed","ping_status":"closed","sticky":false,"template":"","format":"standard","meta":{"_acf_changed":false,"footnotes":""},"categories":[161],"tags":[],"class_list":["post-373967","post","type-post","status-publish","format-standard","has-post-thumbnail","hentry","category-quadradinho-em-foco"],"acf":[],"_links":{"self":[{"href":"https:\/\/www.notibras.com\/site\/wp-json\/wp\/v2\/posts\/373967","targetHints":{"allow":["GET"]}}],"collection":[{"href":"https:\/\/www.notibras.com\/site\/wp-json\/wp\/v2\/posts"}],"about":[{"href":"https:\/\/www.notibras.com\/site\/wp-json\/wp\/v2\/types\/post"}],"author":[{"embeddable":true,"href":"https:\/\/www.notibras.com\/site\/wp-json\/wp\/v2\/users\/21"}],"replies":[{"embeddable":true,"href":"https:\/\/www.notibras.com\/site\/wp-json\/wp\/v2\/comments?post=373967"}],"version-history":[{"count":2,"href":"https:\/\/www.notibras.com\/site\/wp-json\/wp\/v2\/posts\/373967\/revisions"}],"predecessor-version":[{"id":373970,"href":"https:\/\/www.notibras.com\/site\/wp-json\/wp\/v2\/posts\/373967\/revisions\/373970"}],"wp:featuredmedia":[{"embeddable":true,"href":"https:\/\/www.notibras.com\/site\/wp-json\/wp\/v2\/media\/373968"}],"wp:attachment":[{"href":"https:\/\/www.notibras.com\/site\/wp-json\/wp\/v2\/media?parent=373967"}],"wp:term":[{"taxonomy":"category","embeddable":true,"href":"https:\/\/www.notibras.com\/site\/wp-json\/wp\/v2\/categories?post=373967"},{"taxonomy":"post_tag","embeddable":true,"href":"https:\/\/www.notibras.com\/site\/wp-json\/wp\/v2\/tags?post=373967"}],"curies":[{"name":"wp","href":"https:\/\/api.w.org\/{rel}","templated":true}]}}