{"id":373989,"date":"2025-12-08T07:45:25","date_gmt":"2025-12-08T10:45:25","guid":{"rendered":"https:\/\/www.notibras.com\/site\/?p=373989"},"modified":"2025-12-08T07:45:25","modified_gmt":"2025-12-08T10:45:25","slug":"a-menininha-inocente-a-floresta-e-o-lobo-mau","status":"publish","type":"post","link":"https:\/\/www.notibras.com\/site\/a-menininha-inocente-a-floresta-e-o-lobo-mau\/","title":{"rendered":"A menininha inocente, a floresta e o lobo mau"},"content":{"rendered":"<p>A f\u00e1bula de Chapeuzinho Vermelho, registrada por Charles Perrault, em 1697, e reelaborada pelos Irm\u00e3os Grimm (1812), configura-se como um dos contos europeus mais difundidos no mundo. Sua perman\u00eancia na cultura ocidental revela a for\u00e7a de seus arqu\u00e9tipos centrais \u2014 a menina, a floresta e o lobo \u2014 que funcionam como met\u00e1foras estruturantes do imagin\u00e1rio coletivo e simbolismo esot\u00e9rico. Contos de fadas desse tipo operam como narrativas de inicia\u00e7\u00e3o, conduzindo o leitor a um processo inici\u00e1tico de amadurecimento, revela\u00e7\u00e3o e crescimento.<\/p>\n<p>A travessia da floresta, o encontro com o lobo e o confronto entre inoc\u00eancia e ast\u00facia podem ser analisados tanto como drama ps\u00edquico como o mist\u00e9rio da exist\u00eancia humana. Para o psicanalista Carl Jung, a figura do lobo representa o arqu\u00e9tipo da Sombra, isto \u00e9, o conjunto de impulsos reprimidos que amea\u00e7am romper o equil\u00edbrio da consci\u00eancia. A menina, por sua vez, encarna o arqu\u00e9tipo do self em forma\u00e7\u00e3o, cuja jornada implica atravessar territ\u00f3rios desconhecidos permeados de perigos e desafios. A floresta, elemento recorrente nas tradi\u00e7\u00f5es europeias como lugar enigm\u00e1tico e temido, simboliza o espa\u00e7o liminar onde o indiv\u00edduo se depara com prova\u00e7\u00f5es necess\u00e1rias ao crescimento.<\/p>\n<p>No hermetismo e na magia natural, a floresta corresponde ao dom\u00ednio da deusa-m\u00e3e, da fertilidade e das for\u00e7as elementais. Chapeuzinho Vermelho, ao atravess\u00e1-la, encena um rito de passagem feminino, semelhante \u00e0s jornadas simb\u00f3licas presentes em mist\u00e9rios lunares e tradi\u00e7\u00f5es wiccanas.<\/p>\n<p>O lobo, tradicionalmente visto como amea\u00e7a, possui ambival\u00eancia na mitologia e na magia. Enquanto figura da Sombra na psicologia, ele tamb\u00e9m \u00e9 guardi\u00e3o dos limiares e iniciador da passagem ritual. Em diversas tradi\u00e7\u00f5es xam\u00e2nicas e neopag\u00e3s, o lobo \u00e9 animal tot\u00eamico associado \u00e0 intui\u00e7\u00e3o, ao instinto e ao despertar interior. Assim, o antagonista da hist\u00f3ria n\u00e3o \u00e9 apenas destrutivo, mas atua como catalisador do processo de transforma\u00e7\u00e3o \u2014 aquilo que na alquimia seria o solve, necess\u00e1rio para que o coagula ocorra.<\/p>\n<p>Do ponto de vista liter\u00e1rio, a intera\u00e7\u00e3o entre Chapeuzinho e o lobo pode ser interpretada como jogo de manipula\u00e7\u00e3o discursiva: o lobo persuade, engana e reorganiza o contrato narrativo a seu favor. A fala sedutora do antagonista funciona como met\u00e1fora para mecanismos sociais de convencimento e vulnerabilidade, expressando riscos associados \u00e0 ingenuidade.<\/p>\n<p>Na abordagem contempor\u00e2nea, estudos feministas ressaltam que a f\u00e1bula expressa tens\u00f5es entre controle do corpo feminino, sexualidade e poder. O capuz vermelho, cor associada ao sangue, ao erotismo e ao perigo, transforma-se em signo complexo que articula medo, transforma\u00e7\u00e3o e identidade.<\/p>\n<p>Assim, Chapeuzinho Vermelho transcende a fun\u00e7\u00e3o de simples narrativa infantil, constituindo-se como matriz simb\u00f3lica que aborda o confronto entre inoc\u00eancia e perigo, consci\u00eancia e sombra, cultura e natureza. Sua riqueza hermen\u00eautica garante sua perman\u00eancia como objeto relevante capaz de dialogar com campos diversos, como psicologia, lingu\u00edstica, literatura, antropologia e&#8230; magia.<\/p>\n<p>Na Wicca, narrativas envolvendo jovens mulheres na floresta representam o encontro com a Deusa, o Sagrado Feminino e a sabedoria ancestral da Natureza. Chapeuzinho \u00e9, ent\u00e3o, uma buscadora que enfrenta o caos para emergir fortalecida. O lobo figura como prova necess\u00e1ria \u00e0 matura\u00e7\u00e3o espiritual. Dessa forma, a f\u00e1bula articula temas caros \u00e0 espiritualidade neopag\u00e3 &#8211; natureza, intui\u00e7\u00e3o, coragem e transforma\u00e7\u00e3o.<\/p>\n<p>Ao integrar psicologia, antropologia, semi\u00f3tica e esoterismo, percebe-se que Chapeuzinho Vermelho n\u00e3o \u00e9 apenas um conto moral, mas um mito de inicia\u00e7\u00e3o que dialoga com tradi\u00e7\u00f5es m\u00e1gicas, alqu\u00edmicas e wiccanas. A narrativa permanece relevante porque reflete o drama simb\u00f3lico do desenvolvimento humano \u2014 a necessidade de confrontar a Sombra, atravessar a floresta interior e renascer em uma nova forma de consci\u00eancia.<\/p>\n<p>&#8230;&#8230;&#8230;&#8230;..<\/p>\n<p><strong>Bahirah Abdalla <\/strong><br \/>\n<strong>Mestre Conselheira do Col\u00e9gio dos Magos e Sacerdotisas<\/strong><br \/>\n<strong>@colegiodosmagosesacerdotisas<\/strong><\/p>\n","protected":false},"excerpt":{"rendered":"<p>A f\u00e1bula de Chapeuzinho Vermelho, registrada por Charles Perrault, em 1697, e reelaborada pelos Irm\u00e3os Grimm (1812), configura-se como um dos contos europeus mais difundidos no mundo. Sua perman\u00eancia na cultura ocidental revela a for\u00e7a de seus arqu\u00e9tipos centrais \u2014 a menina, a floresta e o lobo \u2014 que funcionam como met\u00e1foras estruturantes do imagin\u00e1rio [&hellip;]<\/p>\n","protected":false},"author":2,"featured_media":373990,"comment_status":"closed","ping_status":"closed","sticky":false,"template":"","format":"standard","meta":{"_acf_changed":false,"footnotes":""},"categories":[237],"tags":[],"class_list":["post-373989","post","type-post","status-publish","format-standard","has-post-thumbnail","hentry","category-oraculos"],"acf":[],"yoast_head":"<!-- This site is optimized with the Yoast SEO plugin v27.2 - https:\/\/yoast.com\/product\/yoast-seo-wordpress\/ -->\n<title>A menininha inocente, a floresta e o lobo mau - Notibras<\/title>\n<meta name=\"robots\" content=\"index, follow, max-snippet:-1, max-image-preview:large, max-video-preview:-1\" \/>\n<link rel=\"canonical\" href=\"https:\/\/www.notibras.com\/site\/a-menininha-inocente-a-floresta-e-o-lobo-mau\/\" \/>\n<meta property=\"og:locale\" content=\"pt_BR\" \/>\n<meta property=\"og:type\" content=\"article\" \/>\n<meta property=\"og:title\" content=\"A menininha inocente, a floresta e o lobo mau - Notibras\" \/>\n<meta property=\"og:description\" content=\"A f\u00e1bula de Chapeuzinho Vermelho, registrada por Charles Perrault, em 1697, e reelaborada pelos Irm\u00e3os Grimm (1812), configura-se como um dos contos europeus mais difundidos no mundo. Sua perman\u00eancia na cultura ocidental revela a for\u00e7a de seus arqu\u00e9tipos centrais \u2014 a menina, a floresta e o lobo \u2014 que funcionam como met\u00e1foras estruturantes do imagin\u00e1rio [&hellip;]\" \/>\n<meta property=\"og:url\" content=\"https:\/\/www.notibras.com\/site\/a-menininha-inocente-a-floresta-e-o-lobo-mau\/\" \/>\n<meta property=\"og:site_name\" content=\"Notibras\" \/>\n<meta property=\"article:publisher\" content=\"https:\/\/www.facebook.com\/notibras\/\" \/>\n<meta property=\"article:published_time\" content=\"2025-12-08T10:45:25+00:00\" \/>\n<meta property=\"og:image\" content=\"https:\/\/www.notibras.com\/site\/wp-content\/uploads\/2025\/12\/349d72cd-fbba-4966-802b-5663f9d232fa.jpeg\" \/>\n\t<meta property=\"og:image:width\" content=\"1042\" \/>\n\t<meta property=\"og:image:height\" content=\"1137\" \/>\n\t<meta property=\"og:image:type\" content=\"image\/jpeg\" \/>\n<meta name=\"author\" content=\"Reda\u00e7\u00e3o\" \/>\n<meta name=\"twitter:card\" content=\"summary_large_image\" \/>\n<meta name=\"twitter:creator\" content=\"@Notibras\" \/>\n<meta name=\"twitter:site\" content=\"@Notibras\" \/>\n<meta name=\"twitter:label1\" content=\"Escrito por\" \/>\n\t<meta name=\"twitter:data1\" content=\"Reda\u00e7\u00e3o\" \/>\n\t<meta name=\"twitter:label2\" content=\"Est. tempo de leitura\" \/>\n\t<meta name=\"twitter:data2\" content=\"4 minutos\" \/>\n<script type=\"application\/ld+json\" class=\"yoast-schema-graph\">{\"@context\":\"https:\/\/schema.org\",\"@graph\":[{\"@type\":\"Article\",\"@id\":\"https:\/\/www.notibras.com\/site\/a-menininha-inocente-a-floresta-e-o-lobo-mau\/#article\",\"isPartOf\":{\"@id\":\"https:\/\/www.notibras.com\/site\/a-menininha-inocente-a-floresta-e-o-lobo-mau\/\"},\"author\":{\"name\":\"Reda\u00e7\u00e3o\",\"@id\":\"https:\/\/www.notibras.com\/site\/#\/schema\/person\/36ab0979449956132d3e5b517ea76ac8\"},\"headline\":\"A menininha inocente, a floresta e o lobo mau\",\"datePublished\":\"2025-12-08T10:45:25+00:00\",\"mainEntityOfPage\":{\"@id\":\"https:\/\/www.notibras.com\/site\/a-menininha-inocente-a-floresta-e-o-lobo-mau\/\"},\"wordCount\":655,\"publisher\":{\"@id\":\"https:\/\/www.notibras.com\/site\/#organization\"},\"image\":{\"@id\":\"https:\/\/www.notibras.com\/site\/a-menininha-inocente-a-floresta-e-o-lobo-mau\/#primaryimage\"},\"thumbnailUrl\":\"https:\/\/www.notibras.com\/site\/wp-content\/uploads\/2025\/12\/349d72cd-fbba-4966-802b-5663f9d232fa.jpeg\",\"articleSection\":[\"Or\u00e1culos\"],\"inLanguage\":\"pt-BR\"},{\"@type\":\"WebPage\",\"@id\":\"https:\/\/www.notibras.com\/site\/a-menininha-inocente-a-floresta-e-o-lobo-mau\/\",\"url\":\"https:\/\/www.notibras.com\/site\/a-menininha-inocente-a-floresta-e-o-lobo-mau\/\",\"name\":\"A menininha inocente, a floresta e o lobo mau - Notibras\",\"isPartOf\":{\"@id\":\"https:\/\/www.notibras.com\/site\/#website\"},\"primaryImageOfPage\":{\"@id\":\"https:\/\/www.notibras.com\/site\/a-menininha-inocente-a-floresta-e-o-lobo-mau\/#primaryimage\"},\"image\":{\"@id\":\"https:\/\/www.notibras.com\/site\/a-menininha-inocente-a-floresta-e-o-lobo-mau\/#primaryimage\"},\"thumbnailUrl\":\"https:\/\/www.notibras.com\/site\/wp-content\/uploads\/2025\/12\/349d72cd-fbba-4966-802b-5663f9d232fa.jpeg\",\"datePublished\":\"2025-12-08T10:45:25+00:00\",\"breadcrumb\":{\"@id\":\"https:\/\/www.notibras.com\/site\/a-menininha-inocente-a-floresta-e-o-lobo-mau\/#breadcrumb\"},\"inLanguage\":\"pt-BR\",\"potentialAction\":[{\"@type\":\"ReadAction\",\"target\":[\"https:\/\/www.notibras.com\/site\/a-menininha-inocente-a-floresta-e-o-lobo-mau\/\"]}]},{\"@type\":\"ImageObject\",\"inLanguage\":\"pt-BR\",\"@id\":\"https:\/\/www.notibras.com\/site\/a-menininha-inocente-a-floresta-e-o-lobo-mau\/#primaryimage\",\"url\":\"https:\/\/www.notibras.com\/site\/wp-content\/uploads\/2025\/12\/349d72cd-fbba-4966-802b-5663f9d232fa.jpeg\",\"contentUrl\":\"https:\/\/www.notibras.com\/site\/wp-content\/uploads\/2025\/12\/349d72cd-fbba-4966-802b-5663f9d232fa.jpeg\",\"width\":1042,\"height\":1137},{\"@type\":\"BreadcrumbList\",\"@id\":\"https:\/\/www.notibras.com\/site\/a-menininha-inocente-a-floresta-e-o-lobo-mau\/#breadcrumb\",\"itemListElement\":[{\"@type\":\"ListItem\",\"position\":1,\"name\":\"In\u00edcio\",\"item\":\"https:\/\/www.notibras.com\/site\/\"},{\"@type\":\"ListItem\",\"position\":2,\"name\":\"A menininha inocente, a floresta e o lobo mau\"}]},{\"@type\":\"WebSite\",\"@id\":\"https:\/\/www.notibras.com\/site\/#website\",\"url\":\"https:\/\/www.notibras.com\/site\/\",\"name\":\"Notibras\",\"description\":\"Not\u00edcias de Bras\u00edlia, do Brasil e do Mundo\",\"publisher\":{\"@id\":\"https:\/\/www.notibras.com\/site\/#organization\"},\"potentialAction\":[{\"@type\":\"SearchAction\",\"target\":{\"@type\":\"EntryPoint\",\"urlTemplate\":\"https:\/\/www.notibras.com\/site\/?s={search_term_string}\"},\"query-input\":{\"@type\":\"PropertyValueSpecification\",\"valueRequired\":true,\"valueName\":\"search_term_string\"}}],\"inLanguage\":\"pt-BR\"},{\"@type\":\"Organization\",\"@id\":\"https:\/\/www.notibras.com\/site\/#organization\",\"name\":\"Grupo Notibras de Comunica\u00e7\u00e3o\",\"url\":\"https:\/\/www.notibras.com\/site\/\",\"logo\":{\"@type\":\"ImageObject\",\"inLanguage\":\"pt-BR\",\"@id\":\"https:\/\/www.notibras.com\/site\/#\/schema\/logo\/image\/\",\"url\":\"https:\/\/www.notibras.com\/site\/wp-content\/uploads\/2023\/01\/notibras23.png\",\"contentUrl\":\"https:\/\/www.notibras.com\/site\/wp-content\/uploads\/2023\/01\/notibras23.png\",\"width\":350,\"height\":87,\"caption\":\"Grupo Notibras de Comunica\u00e7\u00e3o\"},\"image\":{\"@id\":\"https:\/\/www.notibras.com\/site\/#\/schema\/logo\/image\/\"},\"sameAs\":[\"https:\/\/www.facebook.com\/notibras\/\",\"https:\/\/x.com\/Notibras\",\"https:\/\/www.instagram.com\/notibras\/\"]},{\"@type\":\"Person\",\"@id\":\"https:\/\/www.notibras.com\/site\/#\/schema\/person\/36ab0979449956132d3e5b517ea76ac8\",\"name\":\"Reda\u00e7\u00e3o\",\"image\":{\"@type\":\"ImageObject\",\"inLanguage\":\"pt-BR\",\"@id\":\"https:\/\/secure.gravatar.com\/avatar\/e0a867bdedb85fd243eadf09663511f96fc81e0720a4a42581f334ad4303aa6b?s=96&d=mm&r=g\",\"url\":\"https:\/\/secure.gravatar.com\/avatar\/e0a867bdedb85fd243eadf09663511f96fc81e0720a4a42581f334ad4303aa6b?s=96&d=mm&r=g\",\"contentUrl\":\"https:\/\/secure.gravatar.com\/avatar\/e0a867bdedb85fd243eadf09663511f96fc81e0720a4a42581f334ad4303aa6b?s=96&d=mm&r=g\",\"caption\":\"Reda\u00e7\u00e3o\"}}]}<\/script>\n<!-- \/ Yoast SEO plugin. -->","yoast_head_json":{"title":"A menininha inocente, a floresta e o lobo mau - Notibras","robots":{"index":"index","follow":"follow","max-snippet":"max-snippet:-1","max-image-preview":"max-image-preview:large","max-video-preview":"max-video-preview:-1"},"canonical":"https:\/\/www.notibras.com\/site\/a-menininha-inocente-a-floresta-e-o-lobo-mau\/","og_locale":"pt_BR","og_type":"article","og_title":"A menininha inocente, a floresta e o lobo mau - Notibras","og_description":"A f\u00e1bula de Chapeuzinho Vermelho, registrada por Charles Perrault, em 1697, e reelaborada pelos Irm\u00e3os Grimm (1812), configura-se como um dos contos europeus mais difundidos no mundo. Sua perman\u00eancia na cultura ocidental revela a for\u00e7a de seus arqu\u00e9tipos centrais \u2014 a menina, a floresta e o lobo \u2014 que funcionam como met\u00e1foras estruturantes do imagin\u00e1rio [&hellip;]","og_url":"https:\/\/www.notibras.com\/site\/a-menininha-inocente-a-floresta-e-o-lobo-mau\/","og_site_name":"Notibras","article_publisher":"https:\/\/www.facebook.com\/notibras\/","article_published_time":"2025-12-08T10:45:25+00:00","og_image":[{"width":1042,"height":1137,"url":"https:\/\/www.notibras.com\/site\/wp-content\/uploads\/2025\/12\/349d72cd-fbba-4966-802b-5663f9d232fa.jpeg","type":"image\/jpeg"}],"author":"Reda\u00e7\u00e3o","twitter_card":"summary_large_image","twitter_creator":"@Notibras","twitter_site":"@Notibras","twitter_misc":{"Escrito por":"Reda\u00e7\u00e3o","Est. tempo de leitura":"4 minutos"},"schema":{"@context":"https:\/\/schema.org","@graph":[{"@type":"Article","@id":"https:\/\/www.notibras.com\/site\/a-menininha-inocente-a-floresta-e-o-lobo-mau\/#article","isPartOf":{"@id":"https:\/\/www.notibras.com\/site\/a-menininha-inocente-a-floresta-e-o-lobo-mau\/"},"author":{"name":"Reda\u00e7\u00e3o","@id":"https:\/\/www.notibras.com\/site\/#\/schema\/person\/36ab0979449956132d3e5b517ea76ac8"},"headline":"A menininha inocente, a floresta e o lobo mau","datePublished":"2025-12-08T10:45:25+00:00","mainEntityOfPage":{"@id":"https:\/\/www.notibras.com\/site\/a-menininha-inocente-a-floresta-e-o-lobo-mau\/"},"wordCount":655,"publisher":{"@id":"https:\/\/www.notibras.com\/site\/#organization"},"image":{"@id":"https:\/\/www.notibras.com\/site\/a-menininha-inocente-a-floresta-e-o-lobo-mau\/#primaryimage"},"thumbnailUrl":"https:\/\/www.notibras.com\/site\/wp-content\/uploads\/2025\/12\/349d72cd-fbba-4966-802b-5663f9d232fa.jpeg","articleSection":["Or\u00e1culos"],"inLanguage":"pt-BR"},{"@type":"WebPage","@id":"https:\/\/www.notibras.com\/site\/a-menininha-inocente-a-floresta-e-o-lobo-mau\/","url":"https:\/\/www.notibras.com\/site\/a-menininha-inocente-a-floresta-e-o-lobo-mau\/","name":"A menininha inocente, a floresta e o lobo mau - Notibras","isPartOf":{"@id":"https:\/\/www.notibras.com\/site\/#website"},"primaryImageOfPage":{"@id":"https:\/\/www.notibras.com\/site\/a-menininha-inocente-a-floresta-e-o-lobo-mau\/#primaryimage"},"image":{"@id":"https:\/\/www.notibras.com\/site\/a-menininha-inocente-a-floresta-e-o-lobo-mau\/#primaryimage"},"thumbnailUrl":"https:\/\/www.notibras.com\/site\/wp-content\/uploads\/2025\/12\/349d72cd-fbba-4966-802b-5663f9d232fa.jpeg","datePublished":"2025-12-08T10:45:25+00:00","breadcrumb":{"@id":"https:\/\/www.notibras.com\/site\/a-menininha-inocente-a-floresta-e-o-lobo-mau\/#breadcrumb"},"inLanguage":"pt-BR","potentialAction":[{"@type":"ReadAction","target":["https:\/\/www.notibras.com\/site\/a-menininha-inocente-a-floresta-e-o-lobo-mau\/"]}]},{"@type":"ImageObject","inLanguage":"pt-BR","@id":"https:\/\/www.notibras.com\/site\/a-menininha-inocente-a-floresta-e-o-lobo-mau\/#primaryimage","url":"https:\/\/www.notibras.com\/site\/wp-content\/uploads\/2025\/12\/349d72cd-fbba-4966-802b-5663f9d232fa.jpeg","contentUrl":"https:\/\/www.notibras.com\/site\/wp-content\/uploads\/2025\/12\/349d72cd-fbba-4966-802b-5663f9d232fa.jpeg","width":1042,"height":1137},{"@type":"BreadcrumbList","@id":"https:\/\/www.notibras.com\/site\/a-menininha-inocente-a-floresta-e-o-lobo-mau\/#breadcrumb","itemListElement":[{"@type":"ListItem","position":1,"name":"In\u00edcio","item":"https:\/\/www.notibras.com\/site\/"},{"@type":"ListItem","position":2,"name":"A menininha inocente, a floresta e o lobo mau"}]},{"@type":"WebSite","@id":"https:\/\/www.notibras.com\/site\/#website","url":"https:\/\/www.notibras.com\/site\/","name":"Notibras","description":"Not\u00edcias de Bras\u00edlia, do Brasil e do Mundo","publisher":{"@id":"https:\/\/www.notibras.com\/site\/#organization"},"potentialAction":[{"@type":"SearchAction","target":{"@type":"EntryPoint","urlTemplate":"https:\/\/www.notibras.com\/site\/?s={search_term_string}"},"query-input":{"@type":"PropertyValueSpecification","valueRequired":true,"valueName":"search_term_string"}}],"inLanguage":"pt-BR"},{"@type":"Organization","@id":"https:\/\/www.notibras.com\/site\/#organization","name":"Grupo Notibras de Comunica\u00e7\u00e3o","url":"https:\/\/www.notibras.com\/site\/","logo":{"@type":"ImageObject","inLanguage":"pt-BR","@id":"https:\/\/www.notibras.com\/site\/#\/schema\/logo\/image\/","url":"https:\/\/www.notibras.com\/site\/wp-content\/uploads\/2023\/01\/notibras23.png","contentUrl":"https:\/\/www.notibras.com\/site\/wp-content\/uploads\/2023\/01\/notibras23.png","width":350,"height":87,"caption":"Grupo Notibras de Comunica\u00e7\u00e3o"},"image":{"@id":"https:\/\/www.notibras.com\/site\/#\/schema\/logo\/image\/"},"sameAs":["https:\/\/www.facebook.com\/notibras\/","https:\/\/x.com\/Notibras","https:\/\/www.instagram.com\/notibras\/"]},{"@type":"Person","@id":"https:\/\/www.notibras.com\/site\/#\/schema\/person\/36ab0979449956132d3e5b517ea76ac8","name":"Reda\u00e7\u00e3o","image":{"@type":"ImageObject","inLanguage":"pt-BR","@id":"https:\/\/secure.gravatar.com\/avatar\/e0a867bdedb85fd243eadf09663511f96fc81e0720a4a42581f334ad4303aa6b?s=96&d=mm&r=g","url":"https:\/\/secure.gravatar.com\/avatar\/e0a867bdedb85fd243eadf09663511f96fc81e0720a4a42581f334ad4303aa6b?s=96&d=mm&r=g","contentUrl":"https:\/\/secure.gravatar.com\/avatar\/e0a867bdedb85fd243eadf09663511f96fc81e0720a4a42581f334ad4303aa6b?s=96&d=mm&r=g","caption":"Reda\u00e7\u00e3o"}}]}},"amp_enabled":true,"_links":{"self":[{"href":"https:\/\/www.notibras.com\/site\/wp-json\/wp\/v2\/posts\/373989","targetHints":{"allow":["GET"]}}],"collection":[{"href":"https:\/\/www.notibras.com\/site\/wp-json\/wp\/v2\/posts"}],"about":[{"href":"https:\/\/www.notibras.com\/site\/wp-json\/wp\/v2\/types\/post"}],"author":[{"embeddable":true,"href":"https:\/\/www.notibras.com\/site\/wp-json\/wp\/v2\/users\/2"}],"replies":[{"embeddable":true,"href":"https:\/\/www.notibras.com\/site\/wp-json\/wp\/v2\/comments?post=373989"}],"version-history":[{"count":1,"href":"https:\/\/www.notibras.com\/site\/wp-json\/wp\/v2\/posts\/373989\/revisions"}],"predecessor-version":[{"id":373991,"href":"https:\/\/www.notibras.com\/site\/wp-json\/wp\/v2\/posts\/373989\/revisions\/373991"}],"wp:featuredmedia":[{"embeddable":true,"href":"https:\/\/www.notibras.com\/site\/wp-json\/wp\/v2\/media\/373990"}],"wp:attachment":[{"href":"https:\/\/www.notibras.com\/site\/wp-json\/wp\/v2\/media?parent=373989"}],"wp:term":[{"taxonomy":"category","embeddable":true,"href":"https:\/\/www.notibras.com\/site\/wp-json\/wp\/v2\/categories?post=373989"},{"taxonomy":"post_tag","embeddable":true,"href":"https:\/\/www.notibras.com\/site\/wp-json\/wp\/v2\/tags?post=373989"}],"curies":[{"name":"wp","href":"https:\/\/api.w.org\/{rel}","templated":true}]}}