{"id":373992,"date":"2025-12-08T07:50:14","date_gmt":"2025-12-08T10:50:14","guid":{"rendered":"https:\/\/www.notibras.com\/site\/?p=373992"},"modified":"2025-12-08T07:50:14","modified_gmt":"2025-12-08T10:50:14","slug":"uma-metafora-sobre-coragem-e-esperanca-inabalaveis-do-nordestino","status":"publish","type":"post","link":"https:\/\/www.notibras.com\/site\/uma-metafora-sobre-coragem-e-esperanca-inabalaveis-do-nordestino\/","title":{"rendered":"Uma met\u00e1fora sobre coragem e esperan\u00e7a inabal\u00e1veis do nordestino"},"content":{"rendered":"<p>Dizem que no Nordeste o sol nasce mais cedo. N\u00e3o \u00e9 s\u00f3 no c\u00e9u \u2014 \u00e9 no peito do povo tamb\u00e9m. Porque aqui, antes mesmo que a claridade rompa o horizonte, a coragem j\u00e1 est\u00e1 acesa, teimosa, espalhando calor por dentro como se fosse um mandacaru florando no estio.<\/p>\n<p>No sert\u00e3o, onde a terra racha mas n\u00e3o se entrega, cada amanhecer \u00e9 um pacto silencioso: o de continuar. O de botar o p\u00e9 na estrada, o de encher o olhar de for\u00e7a, mesmo quando a vida resolve ser dura como a quentura do meio-dia. Mas o nordestino conhece esse jogo. Sabe que todo sol forte um dia descansa, e que toda seca um dia vira chuva mi\u00fada, que cai devagar, mas cai certeira.<\/p>\n<p>No mercado da capital, na beira do rio, no ro\u00e7ado ou na cal\u00e7ada sombreada do fim de tarde, a esperan\u00e7a se espalha como vento bom. \u00c9 no sorriso comprido da rendeira que move a agulha sem errar o ponto. \u00c9 no pescador que encara o mar com f\u00e9 de quem conversa com Deus todos os dias. \u00c9 no retirante que volta para casa porque descobriu que suas ra\u00edzes, mesmo quando cobertas de poeira, nunca deixaram de pulsar.<\/p>\n<p>O povo nordestino tem uma mania bonita: a de n\u00e3o se curvar ao que tenta quebr\u00e1-lo. Se o mundo aperta, ele afrouxa o medo. Se o horizonte fecha, ele inventa um novo caminho. Se a tristeza chega, ele faz dela verso, prosa, cantoria \u2014 e segue. Porque aqui a vida \u00e9 seca, mas o cora\u00e7\u00e3o \u00e9 farto.<\/p>\n<p>Quem olha de longe v\u00ea apenas resist\u00eancia. Mas quem chega perto descobre que \u00e9 mais que isso. \u00c9 uma esp\u00e9cie rara de esperan\u00e7a: aquela que n\u00e3o se apaga nem quando falta \u00e1gua, nem quando falta tempo, nem quando falta tudo. Uma esperan\u00e7a que brilha no olhar como espinho de mandacaru que reluz ao sol.<\/p>\n<p>Nordestino n\u00e3o carrega apenas o sol no rosto \u2014 carrega no peito. E \u00e9 por isso que, mesmo quando o mundo parece escuro, ele segue iluminando o caminho.<\/p>\n<p>Porque coragem, aqui, n\u00e3o mora nos m\u00fasculos, mas na alma.<\/p>\n","protected":false},"excerpt":{"rendered":"<p>Dizem que no Nordeste o sol nasce mais cedo. N\u00e3o \u00e9 s\u00f3 no c\u00e9u \u2014 \u00e9 no peito do povo tamb\u00e9m. Porque aqui, antes mesmo que a claridade rompa o horizonte, a coragem j\u00e1 est\u00e1 acesa, teimosa, espalhando calor por dentro como se fosse um mandacaru florando no estio. No sert\u00e3o, onde a terra racha [&hellip;]<\/p>\n","protected":false},"author":2,"featured_media":373993,"comment_status":"closed","ping_status":"closed","sticky":false,"template":"","format":"standard","meta":{"_acf_changed":false,"footnotes":""},"categories":[165],"tags":[],"class_list":["post-373992","post","type-post","status-publish","format-standard","has-post-thumbnail","hentry","category-nordeste"],"acf":[],"_links":{"self":[{"href":"https:\/\/www.notibras.com\/site\/wp-json\/wp\/v2\/posts\/373992","targetHints":{"allow":["GET"]}}],"collection":[{"href":"https:\/\/www.notibras.com\/site\/wp-json\/wp\/v2\/posts"}],"about":[{"href":"https:\/\/www.notibras.com\/site\/wp-json\/wp\/v2\/types\/post"}],"author":[{"embeddable":true,"href":"https:\/\/www.notibras.com\/site\/wp-json\/wp\/v2\/users\/2"}],"replies":[{"embeddable":true,"href":"https:\/\/www.notibras.com\/site\/wp-json\/wp\/v2\/comments?post=373992"}],"version-history":[{"count":1,"href":"https:\/\/www.notibras.com\/site\/wp-json\/wp\/v2\/posts\/373992\/revisions"}],"predecessor-version":[{"id":373994,"href":"https:\/\/www.notibras.com\/site\/wp-json\/wp\/v2\/posts\/373992\/revisions\/373994"}],"wp:featuredmedia":[{"embeddable":true,"href":"https:\/\/www.notibras.com\/site\/wp-json\/wp\/v2\/media\/373993"}],"wp:attachment":[{"href":"https:\/\/www.notibras.com\/site\/wp-json\/wp\/v2\/media?parent=373992"}],"wp:term":[{"taxonomy":"category","embeddable":true,"href":"https:\/\/www.notibras.com\/site\/wp-json\/wp\/v2\/categories?post=373992"},{"taxonomy":"post_tag","embeddable":true,"href":"https:\/\/www.notibras.com\/site\/wp-json\/wp\/v2\/tags?post=373992"}],"curies":[{"name":"wp","href":"https:\/\/api.w.org\/{rel}","templated":true}]}}