{"id":374002,"date":"2025-12-08T10:33:52","date_gmt":"2025-12-08T13:33:52","guid":{"rendered":"https:\/\/www.notibras.com\/site\/?p=374002"},"modified":"2025-12-08T11:37:40","modified_gmt":"2025-12-08T14:37:40","slug":"mercado-financeiro-ve-economia-forte-e-pib-tem-uma-projecao-de-225","status":"publish","type":"post","link":"https:\/\/www.notibras.com\/site\/mercado-financeiro-ve-economia-forte-e-pib-tem-uma-projecao-de-225\/","title":{"rendered":"Mercado financeiro v\u00ea economia forte e PIB tem uma proje\u00e7\u00e3o de 2,25%"},"content":{"rendered":"<p>A previs\u00e3o do mercado financeiro para o crescimento da economia brasileira este ano subiu de 2,16% para 2,25%. A estimativa foi publicada no boletim Focus desta segunda-feira (8), pesquisa divulgada semanalmente pelo Banco Central (BC) com a expectativa de institui\u00e7\u00f5es financeiras para os principais indicadores econ\u00f4micos.<\/p>\n<p>Para 2026, a proje\u00e7\u00e3o para o Produto Interno Bruto (PIB, a soma dos bens e servi\u00e7os produzidos no pa\u00eds) passou de 1,78% para 1,8%. Para 2027 e 2028, o mercado financeiro estima expans\u00e3o do PIB em 1,84% e 2%, respectivamente.<\/p>\n<p>Puxada pelas expans\u00f5es dos servi\u00e7os e da ind\u00fastria, no segundo trimestre deste ano a economia brasileira cresceu 0,4%, segundo o Instituto Brasileiro de Geografia Estat\u00edstica (IBGE). Em 2024, o PIB fechou com alta de 3,4%. O resultado representa o quarto ano seguido de crescimento, sendo a maior expans\u00e3o desde 2021, quando o PIB alcan\u00e7ou 4,8%.<\/p>\n<p>A previs\u00e3o de cota\u00e7\u00e3o do d\u00f3lar est\u00e1 em R$ 5,40 para o fim deste ano. No fim de 2026, estima-se que a moeda norte-americana fique em R$ 5,50.<\/p>\n<p><strong>Infla\u00e7\u00e3o<\/strong><br \/>\nNesta edi\u00e7\u00e3o do boletim Focus, a estimativa das institui\u00e7\u00f5es financeiras para o \u00cdndice Nacional de Pre\u00e7os ao Consumidor Amplo (IPCA) &#8211; considerado a infla\u00e7\u00e3o oficial do pa\u00eds &#8211; passou de 4,43% para 4,4% este ano.<\/p>\n<p>Para 2026, a proje\u00e7\u00e3o da infla\u00e7\u00e3o variou de 4,17% para 4,16%. Para 2027 e 2028, as previs\u00f5es s\u00e3o de 3,8% e 3,5%, respectivamente.<\/p>\n<p>Pela quarta semana seguida, a previs\u00e3o foi reduzida, ap\u00f3s a divulga\u00e7\u00e3o do resultado da infla\u00e7\u00e3o de outubro, a menor para o m\u00eas em quase 30 anos. Com isso, a estimativa alcan\u00e7ou o intervalo da meta de infla\u00e7\u00e3o que deve ser perseguida pelo BC.<\/p>\n<p>Definida pelo Conselho Monet\u00e1rio Nacional (CMN), a meta \u00e9 de 3%, com intervalo de toler\u00e2ncia de 1,5 ponto percentual para cima ou para baixo. Ou seja, o limite inferior \u00e9 1,5% e o superior 4,5%.<\/p>\n<p>A redu\u00e7\u00e3o na conta de luz puxou a infla\u00e7\u00e3o oficial para baixo e fez o IPCA fechar outubro em 0,09%, o menor para o m\u00eas desde 1998, segundo o IBGE. Em setembro, o \u00edndice havia marcado 0,48%. Em outubro de 2024, a varia\u00e7\u00e3o foi de 0,56%.<\/p>\n<p>Com esse resultado, a infla\u00e7\u00e3o acumulada em 12 meses \u00e9 4,68%, a primeira vez, em oito meses, que o patamar fica abaixo da casa de 5%. No entanto, ainda acima do teto da meta do CMN.<\/p>\n<p>Na quarta-feira (10), o IBGE divulga o IPCA de novembro.<\/p>\n<p><strong>Juros b\u00e1sicos<\/strong><br \/>\nPara alcan\u00e7ar a meta de infla\u00e7\u00e3o, o Banco Central usa como principal instrumento a taxa b\u00e1sica de juros &#8211; a Selic &#8211; definida em 15% ao ano pelo Comit\u00ea de Pol\u00edtica Monet\u00e1ria (Copom) do BC. O recuo da infla\u00e7\u00e3o e a desacelera\u00e7\u00e3o da economia levaram \u00e0 manuten\u00e7\u00e3o da Selic pela terceira vez seguida, na \u00faltima reuni\u00e3o, no in\u00edcio do m\u00eas passado.<\/p>\n<p>No entanto, o colegiado n\u00e3o descarta a possibilidade de voltar a elevar os juros \u201ccaso julgue apropriado\u201d.<\/p>\n<p>Em nota, o BC informou que o ambiente externo se mant\u00e9m incerto por causa da conjuntura e da pol\u00edtica econ\u00f4mica nos Estados Unidos, com reflexos nas condi\u00e7\u00f5es financeiras globais. No Brasil, a autarquia destacou que a infla\u00e7\u00e3o continua acima da meta, apesar da desacelera\u00e7\u00e3o da atividade econ\u00f4mica, o que indica que os juros continuar\u00e3o altos por bastante tempo.<\/p>\n<p>O Copom faz a \u00faltima reuni\u00e3o do ano nesta ter\u00e7a (9) e quarta-feira (10), e a estimativa dos analistas de mercado \u00e9 que a taxa b\u00e1sica encerre 2025 em 15% ao ano.<\/p>\n<p>Para o fim de 2026, a expectativa \u00e9 que a Selic caia para 12,25% ao ano. Para 2027 e 2028, a previs\u00e3o \u00e9 que ela seja reduzida novamente para 10,5% ao ano e 9,5% ao ano, respectivamente.<\/p>\n<p>Quando o Copom aumenta a Selic, a finalidade \u00e9 conter a demanda aquecida; isso causa reflexos nos pre\u00e7os porque os juros mais altos encarecem o cr\u00e9dito e estimulam a poupan\u00e7a. Assim, taxas mais altas tamb\u00e9m podem dificultar a expans\u00e3o da economia. Os bancos ainda consideram outros fatores na hora de definir os juros cobrados dos consumidores, como risco de inadimpl\u00eancia, lucro e despesas administrativas.<\/p>\n<p>Quando a taxa Selic \u00e9 reduzida, a tend\u00eancia \u00e9 que o cr\u00e9dito fique mais barato, com incentivo \u00e0 produ\u00e7\u00e3o e ao consumo, reduzindo o controle sobre a infla\u00e7\u00e3o e estimulando a atividade econ\u00f4mica.<\/p>\n","protected":false},"excerpt":{"rendered":"<p>A previs\u00e3o do mercado financeiro para o crescimento da economia brasileira este ano subiu de 2,16% para 2,25%. A estimativa foi publicada no boletim Focus desta segunda-feira (8), pesquisa divulgada semanalmente pelo Banco Central (BC) com a expectativa de institui\u00e7\u00f5es financeiras para os principais indicadores econ\u00f4micos. Para 2026, a proje\u00e7\u00e3o para o Produto Interno Bruto [&hellip;]<\/p>\n","protected":false},"author":2,"featured_media":324993,"comment_status":"closed","ping_status":"closed","sticky":false,"template":"","format":"standard","meta":{"_acf_changed":false,"footnotes":""},"categories":[16],"tags":[95],"class_list":["post-374002","post","type-post","status-publish","format-standard","has-post-thumbnail","hentry","category-brasil","tag-capa"],"acf":[],"yoast_head":"<!-- This site is optimized with the Yoast SEO plugin v27.5 - https:\/\/yoast.com\/product\/yoast-seo-wordpress\/ -->\n<title>Mercado financeiro v\u00ea economia forte e PIB tem uma proje\u00e7\u00e3o de 2,25% - Notibras<\/title>\n<meta name=\"robots\" content=\"index, follow, max-snippet:-1, max-image-preview:large, max-video-preview:-1\" \/>\n<link rel=\"canonical\" href=\"https:\/\/www.notibras.com\/site\/mercado-financeiro-ve-economia-forte-e-pib-tem-uma-projecao-de-225\/\" \/>\n<meta property=\"og:locale\" content=\"pt_BR\" \/>\n<meta property=\"og:type\" content=\"article\" \/>\n<meta property=\"og:title\" content=\"Mercado financeiro v\u00ea economia forte e PIB tem uma proje\u00e7\u00e3o de 2,25% - Notibras\" \/>\n<meta property=\"og:description\" content=\"A previs\u00e3o do mercado financeiro para o crescimento da economia brasileira este ano subiu de 2,16% para 2,25%. A estimativa foi publicada no boletim Focus desta segunda-feira (8), pesquisa divulgada semanalmente pelo Banco Central (BC) com a expectativa de institui\u00e7\u00f5es financeiras para os principais indicadores econ\u00f4micos. Para 2026, a proje\u00e7\u00e3o para o Produto Interno Bruto [&hellip;]\" \/>\n<meta property=\"og:url\" content=\"https:\/\/www.notibras.com\/site\/mercado-financeiro-ve-economia-forte-e-pib-tem-uma-projecao-de-225\/\" \/>\n<meta property=\"og:site_name\" content=\"Notibras\" \/>\n<meta property=\"article:publisher\" content=\"https:\/\/www.facebook.com\/notibras\/\" \/>\n<meta property=\"article:published_time\" content=\"2025-12-08T13:33:52+00:00\" \/>\n<meta property=\"article:modified_time\" content=\"2025-12-08T14:37:40+00:00\" \/>\n<meta property=\"og:image\" content=\"https:\/\/www.notibras.com\/site\/wp-content\/uploads\/2024\/03\/pibprevia.webp\" \/>\n\t<meta property=\"og:image:width\" content=\"1170\" \/>\n\t<meta property=\"og:image:height\" content=\"700\" \/>\n\t<meta property=\"og:image:type\" content=\"image\/webp\" \/>\n<meta name=\"author\" content=\"Reda\u00e7\u00e3o\" \/>\n<meta name=\"twitter:card\" content=\"summary_large_image\" \/>\n<meta name=\"twitter:creator\" content=\"@Notibras\" \/>\n<meta name=\"twitter:site\" content=\"@Notibras\" \/>\n<meta name=\"twitter:label1\" content=\"Escrito por\" \/>\n\t<meta name=\"twitter:data1\" content=\"Reda\u00e7\u00e3o\" \/>\n\t<meta name=\"twitter:label2\" content=\"Est. tempo de leitura\" \/>\n\t<meta name=\"twitter:data2\" content=\"5 minutos\" \/>\n<script type=\"application\/ld+json\" class=\"yoast-schema-graph\">{\"@context\":\"https:\\\/\\\/schema.org\",\"@graph\":[{\"@type\":\"Article\",\"@id\":\"https:\\\/\\\/www.notibras.com\\\/site\\\/mercado-financeiro-ve-economia-forte-e-pib-tem-uma-projecao-de-225\\\/#article\",\"isPartOf\":{\"@id\":\"https:\\\/\\\/www.notibras.com\\\/site\\\/mercado-financeiro-ve-economia-forte-e-pib-tem-uma-projecao-de-225\\\/\"},\"author\":{\"name\":\"Reda\u00e7\u00e3o\",\"@id\":\"https:\\\/\\\/www.notibras.com\\\/site\\\/#\\\/schema\\\/person\\\/36ab0979449956132d3e5b517ea76ac8\"},\"headline\":\"Mercado financeiro v\u00ea economia forte e PIB tem uma proje\u00e7\u00e3o de 2,25%\",\"datePublished\":\"2025-12-08T13:33:52+00:00\",\"dateModified\":\"2025-12-08T14:37:40+00:00\",\"mainEntityOfPage\":{\"@id\":\"https:\\\/\\\/www.notibras.com\\\/site\\\/mercado-financeiro-ve-economia-forte-e-pib-tem-uma-projecao-de-225\\\/\"},\"wordCount\":727,\"publisher\":{\"@id\":\"https:\\\/\\\/www.notibras.com\\\/site\\\/#organization\"},\"image\":{\"@id\":\"https:\\\/\\\/www.notibras.com\\\/site\\\/mercado-financeiro-ve-economia-forte-e-pib-tem-uma-projecao-de-225\\\/#primaryimage\"},\"thumbnailUrl\":\"https:\\\/\\\/www.notibras.com\\\/site\\\/wp-content\\\/uploads\\\/2024\\\/03\\\/pibprevia.webp\",\"keywords\":[\"capa\"],\"articleSection\":[\"Brasil\"],\"inLanguage\":\"pt-BR\"},{\"@type\":\"WebPage\",\"@id\":\"https:\\\/\\\/www.notibras.com\\\/site\\\/mercado-financeiro-ve-economia-forte-e-pib-tem-uma-projecao-de-225\\\/\",\"url\":\"https:\\\/\\\/www.notibras.com\\\/site\\\/mercado-financeiro-ve-economia-forte-e-pib-tem-uma-projecao-de-225\\\/\",\"name\":\"Mercado financeiro v\u00ea economia forte e PIB tem uma proje\u00e7\u00e3o de 2,25% - Notibras\",\"isPartOf\":{\"@id\":\"https:\\\/\\\/www.notibras.com\\\/site\\\/#website\"},\"primaryImageOfPage\":{\"@id\":\"https:\\\/\\\/www.notibras.com\\\/site\\\/mercado-financeiro-ve-economia-forte-e-pib-tem-uma-projecao-de-225\\\/#primaryimage\"},\"image\":{\"@id\":\"https:\\\/\\\/www.notibras.com\\\/site\\\/mercado-financeiro-ve-economia-forte-e-pib-tem-uma-projecao-de-225\\\/#primaryimage\"},\"thumbnailUrl\":\"https:\\\/\\\/www.notibras.com\\\/site\\\/wp-content\\\/uploads\\\/2024\\\/03\\\/pibprevia.webp\",\"datePublished\":\"2025-12-08T13:33:52+00:00\",\"dateModified\":\"2025-12-08T14:37:40+00:00\",\"breadcrumb\":{\"@id\":\"https:\\\/\\\/www.notibras.com\\\/site\\\/mercado-financeiro-ve-economia-forte-e-pib-tem-uma-projecao-de-225\\\/#breadcrumb\"},\"inLanguage\":\"pt-BR\",\"potentialAction\":[{\"@type\":\"ReadAction\",\"target\":[\"https:\\\/\\\/www.notibras.com\\\/site\\\/mercado-financeiro-ve-economia-forte-e-pib-tem-uma-projecao-de-225\\\/\"]}]},{\"@type\":\"ImageObject\",\"inLanguage\":\"pt-BR\",\"@id\":\"https:\\\/\\\/www.notibras.com\\\/site\\\/mercado-financeiro-ve-economia-forte-e-pib-tem-uma-projecao-de-225\\\/#primaryimage\",\"url\":\"https:\\\/\\\/www.notibras.com\\\/site\\\/wp-content\\\/uploads\\\/2024\\\/03\\\/pibprevia.webp\",\"contentUrl\":\"https:\\\/\\\/www.notibras.com\\\/site\\\/wp-content\\\/uploads\\\/2024\\\/03\\\/pibprevia.webp\",\"width\":1170,\"height\":700},{\"@type\":\"BreadcrumbList\",\"@id\":\"https:\\\/\\\/www.notibras.com\\\/site\\\/mercado-financeiro-ve-economia-forte-e-pib-tem-uma-projecao-de-225\\\/#breadcrumb\",\"itemListElement\":[{\"@type\":\"ListItem\",\"position\":1,\"name\":\"In\u00edcio\",\"item\":\"https:\\\/\\\/www.notibras.com\\\/site\\\/\"},{\"@type\":\"ListItem\",\"position\":2,\"name\":\"Mercado financeiro v\u00ea economia forte e PIB tem uma proje\u00e7\u00e3o de 2,25%\"}]},{\"@type\":\"WebSite\",\"@id\":\"https:\\\/\\\/www.notibras.com\\\/site\\\/#website\",\"url\":\"https:\\\/\\\/www.notibras.com\\\/site\\\/\",\"name\":\"Notibras\",\"description\":\"Not\u00edcias de Bras\u00edlia, do Brasil e do Mundo\",\"publisher\":{\"@id\":\"https:\\\/\\\/www.notibras.com\\\/site\\\/#organization\"},\"potentialAction\":[{\"@type\":\"SearchAction\",\"target\":{\"@type\":\"EntryPoint\",\"urlTemplate\":\"https:\\\/\\\/www.notibras.com\\\/site\\\/?s={search_term_string}\"},\"query-input\":{\"@type\":\"PropertyValueSpecification\",\"valueRequired\":true,\"valueName\":\"search_term_string\"}}],\"inLanguage\":\"pt-BR\"},{\"@type\":\"Organization\",\"@id\":\"https:\\\/\\\/www.notibras.com\\\/site\\\/#organization\",\"name\":\"Grupo Notibras de Comunica\u00e7\u00e3o\",\"url\":\"https:\\\/\\\/www.notibras.com\\\/site\\\/\",\"logo\":{\"@type\":\"ImageObject\",\"inLanguage\":\"pt-BR\",\"@id\":\"https:\\\/\\\/www.notibras.com\\\/site\\\/#\\\/schema\\\/logo\\\/image\\\/\",\"url\":\"https:\\\/\\\/www.notibras.com\\\/site\\\/wp-content\\\/uploads\\\/2023\\\/01\\\/notibras23.png\",\"contentUrl\":\"https:\\\/\\\/www.notibras.com\\\/site\\\/wp-content\\\/uploads\\\/2023\\\/01\\\/notibras23.png\",\"width\":350,\"height\":87,\"caption\":\"Grupo Notibras de Comunica\u00e7\u00e3o\"},\"image\":{\"@id\":\"https:\\\/\\\/www.notibras.com\\\/site\\\/#\\\/schema\\\/logo\\\/image\\\/\"},\"sameAs\":[\"https:\\\/\\\/www.facebook.com\\\/notibras\\\/\",\"https:\\\/\\\/x.com\\\/Notibras\",\"https:\\\/\\\/www.instagram.com\\\/notibras\\\/\"]},{\"@type\":\"Person\",\"@id\":\"https:\\\/\\\/www.notibras.com\\\/site\\\/#\\\/schema\\\/person\\\/36ab0979449956132d3e5b517ea76ac8\",\"name\":\"Reda\u00e7\u00e3o\",\"image\":{\"@type\":\"ImageObject\",\"inLanguage\":\"pt-BR\",\"@id\":\"https:\\\/\\\/secure.gravatar.com\\\/avatar\\\/e0a867bdedb85fd243eadf09663511f96fc81e0720a4a42581f334ad4303aa6b?s=96&d=mm&r=g\",\"url\":\"https:\\\/\\\/secure.gravatar.com\\\/avatar\\\/e0a867bdedb85fd243eadf09663511f96fc81e0720a4a42581f334ad4303aa6b?s=96&d=mm&r=g\",\"contentUrl\":\"https:\\\/\\\/secure.gravatar.com\\\/avatar\\\/e0a867bdedb85fd243eadf09663511f96fc81e0720a4a42581f334ad4303aa6b?s=96&d=mm&r=g\",\"caption\":\"Reda\u00e7\u00e3o\"}}]}<\/script>\n<!-- \/ Yoast SEO plugin. -->","yoast_head_json":{"title":"Mercado financeiro v\u00ea economia forte e PIB tem uma proje\u00e7\u00e3o de 2,25% - Notibras","robots":{"index":"index","follow":"follow","max-snippet":"max-snippet:-1","max-image-preview":"max-image-preview:large","max-video-preview":"max-video-preview:-1"},"canonical":"https:\/\/www.notibras.com\/site\/mercado-financeiro-ve-economia-forte-e-pib-tem-uma-projecao-de-225\/","og_locale":"pt_BR","og_type":"article","og_title":"Mercado financeiro v\u00ea economia forte e PIB tem uma proje\u00e7\u00e3o de 2,25% - Notibras","og_description":"A previs\u00e3o do mercado financeiro para o crescimento da economia brasileira este ano subiu de 2,16% para 2,25%. A estimativa foi publicada no boletim Focus desta segunda-feira (8), pesquisa divulgada semanalmente pelo Banco Central (BC) com a expectativa de institui\u00e7\u00f5es financeiras para os principais indicadores econ\u00f4micos. Para 2026, a proje\u00e7\u00e3o para o Produto Interno Bruto [&hellip;]","og_url":"https:\/\/www.notibras.com\/site\/mercado-financeiro-ve-economia-forte-e-pib-tem-uma-projecao-de-225\/","og_site_name":"Notibras","article_publisher":"https:\/\/www.facebook.com\/notibras\/","article_published_time":"2025-12-08T13:33:52+00:00","article_modified_time":"2025-12-08T14:37:40+00:00","og_image":[{"width":1170,"height":700,"url":"https:\/\/www.notibras.com\/site\/wp-content\/uploads\/2024\/03\/pibprevia.webp","type":"image\/webp"}],"author":"Reda\u00e7\u00e3o","twitter_card":"summary_large_image","twitter_creator":"@Notibras","twitter_site":"@Notibras","twitter_misc":{"Escrito por":"Reda\u00e7\u00e3o","Est. tempo de leitura":"5 minutos"},"schema":{"@context":"https:\/\/schema.org","@graph":[{"@type":"Article","@id":"https:\/\/www.notibras.com\/site\/mercado-financeiro-ve-economia-forte-e-pib-tem-uma-projecao-de-225\/#article","isPartOf":{"@id":"https:\/\/www.notibras.com\/site\/mercado-financeiro-ve-economia-forte-e-pib-tem-uma-projecao-de-225\/"},"author":{"name":"Reda\u00e7\u00e3o","@id":"https:\/\/www.notibras.com\/site\/#\/schema\/person\/36ab0979449956132d3e5b517ea76ac8"},"headline":"Mercado financeiro v\u00ea economia forte e PIB tem uma proje\u00e7\u00e3o de 2,25%","datePublished":"2025-12-08T13:33:52+00:00","dateModified":"2025-12-08T14:37:40+00:00","mainEntityOfPage":{"@id":"https:\/\/www.notibras.com\/site\/mercado-financeiro-ve-economia-forte-e-pib-tem-uma-projecao-de-225\/"},"wordCount":727,"publisher":{"@id":"https:\/\/www.notibras.com\/site\/#organization"},"image":{"@id":"https:\/\/www.notibras.com\/site\/mercado-financeiro-ve-economia-forte-e-pib-tem-uma-projecao-de-225\/#primaryimage"},"thumbnailUrl":"https:\/\/www.notibras.com\/site\/wp-content\/uploads\/2024\/03\/pibprevia.webp","keywords":["capa"],"articleSection":["Brasil"],"inLanguage":"pt-BR"},{"@type":"WebPage","@id":"https:\/\/www.notibras.com\/site\/mercado-financeiro-ve-economia-forte-e-pib-tem-uma-projecao-de-225\/","url":"https:\/\/www.notibras.com\/site\/mercado-financeiro-ve-economia-forte-e-pib-tem-uma-projecao-de-225\/","name":"Mercado financeiro v\u00ea economia forte e PIB tem uma proje\u00e7\u00e3o de 2,25% - Notibras","isPartOf":{"@id":"https:\/\/www.notibras.com\/site\/#website"},"primaryImageOfPage":{"@id":"https:\/\/www.notibras.com\/site\/mercado-financeiro-ve-economia-forte-e-pib-tem-uma-projecao-de-225\/#primaryimage"},"image":{"@id":"https:\/\/www.notibras.com\/site\/mercado-financeiro-ve-economia-forte-e-pib-tem-uma-projecao-de-225\/#primaryimage"},"thumbnailUrl":"https:\/\/www.notibras.com\/site\/wp-content\/uploads\/2024\/03\/pibprevia.webp","datePublished":"2025-12-08T13:33:52+00:00","dateModified":"2025-12-08T14:37:40+00:00","breadcrumb":{"@id":"https:\/\/www.notibras.com\/site\/mercado-financeiro-ve-economia-forte-e-pib-tem-uma-projecao-de-225\/#breadcrumb"},"inLanguage":"pt-BR","potentialAction":[{"@type":"ReadAction","target":["https:\/\/www.notibras.com\/site\/mercado-financeiro-ve-economia-forte-e-pib-tem-uma-projecao-de-225\/"]}]},{"@type":"ImageObject","inLanguage":"pt-BR","@id":"https:\/\/www.notibras.com\/site\/mercado-financeiro-ve-economia-forte-e-pib-tem-uma-projecao-de-225\/#primaryimage","url":"https:\/\/www.notibras.com\/site\/wp-content\/uploads\/2024\/03\/pibprevia.webp","contentUrl":"https:\/\/www.notibras.com\/site\/wp-content\/uploads\/2024\/03\/pibprevia.webp","width":1170,"height":700},{"@type":"BreadcrumbList","@id":"https:\/\/www.notibras.com\/site\/mercado-financeiro-ve-economia-forte-e-pib-tem-uma-projecao-de-225\/#breadcrumb","itemListElement":[{"@type":"ListItem","position":1,"name":"In\u00edcio","item":"https:\/\/www.notibras.com\/site\/"},{"@type":"ListItem","position":2,"name":"Mercado financeiro v\u00ea economia forte e PIB tem uma proje\u00e7\u00e3o de 2,25%"}]},{"@type":"WebSite","@id":"https:\/\/www.notibras.com\/site\/#website","url":"https:\/\/www.notibras.com\/site\/","name":"Notibras","description":"Not\u00edcias de Bras\u00edlia, do Brasil e do Mundo","publisher":{"@id":"https:\/\/www.notibras.com\/site\/#organization"},"potentialAction":[{"@type":"SearchAction","target":{"@type":"EntryPoint","urlTemplate":"https:\/\/www.notibras.com\/site\/?s={search_term_string}"},"query-input":{"@type":"PropertyValueSpecification","valueRequired":true,"valueName":"search_term_string"}}],"inLanguage":"pt-BR"},{"@type":"Organization","@id":"https:\/\/www.notibras.com\/site\/#organization","name":"Grupo Notibras de Comunica\u00e7\u00e3o","url":"https:\/\/www.notibras.com\/site\/","logo":{"@type":"ImageObject","inLanguage":"pt-BR","@id":"https:\/\/www.notibras.com\/site\/#\/schema\/logo\/image\/","url":"https:\/\/www.notibras.com\/site\/wp-content\/uploads\/2023\/01\/notibras23.png","contentUrl":"https:\/\/www.notibras.com\/site\/wp-content\/uploads\/2023\/01\/notibras23.png","width":350,"height":87,"caption":"Grupo Notibras de Comunica\u00e7\u00e3o"},"image":{"@id":"https:\/\/www.notibras.com\/site\/#\/schema\/logo\/image\/"},"sameAs":["https:\/\/www.facebook.com\/notibras\/","https:\/\/x.com\/Notibras","https:\/\/www.instagram.com\/notibras\/"]},{"@type":"Person","@id":"https:\/\/www.notibras.com\/site\/#\/schema\/person\/36ab0979449956132d3e5b517ea76ac8","name":"Reda\u00e7\u00e3o","image":{"@type":"ImageObject","inLanguage":"pt-BR","@id":"https:\/\/secure.gravatar.com\/avatar\/e0a867bdedb85fd243eadf09663511f96fc81e0720a4a42581f334ad4303aa6b?s=96&d=mm&r=g","url":"https:\/\/secure.gravatar.com\/avatar\/e0a867bdedb85fd243eadf09663511f96fc81e0720a4a42581f334ad4303aa6b?s=96&d=mm&r=g","contentUrl":"https:\/\/secure.gravatar.com\/avatar\/e0a867bdedb85fd243eadf09663511f96fc81e0720a4a42581f334ad4303aa6b?s=96&d=mm&r=g","caption":"Reda\u00e7\u00e3o"}}]}},"amp_enabled":true,"_links":{"self":[{"href":"https:\/\/www.notibras.com\/site\/wp-json\/wp\/v2\/posts\/374002","targetHints":{"allow":["GET"]}}],"collection":[{"href":"https:\/\/www.notibras.com\/site\/wp-json\/wp\/v2\/posts"}],"about":[{"href":"https:\/\/www.notibras.com\/site\/wp-json\/wp\/v2\/types\/post"}],"author":[{"embeddable":true,"href":"https:\/\/www.notibras.com\/site\/wp-json\/wp\/v2\/users\/2"}],"replies":[{"embeddable":true,"href":"https:\/\/www.notibras.com\/site\/wp-json\/wp\/v2\/comments?post=374002"}],"version-history":[{"count":3,"href":"https:\/\/www.notibras.com\/site\/wp-json\/wp\/v2\/posts\/374002\/revisions"}],"predecessor-version":[{"id":374005,"href":"https:\/\/www.notibras.com\/site\/wp-json\/wp\/v2\/posts\/374002\/revisions\/374005"}],"wp:featuredmedia":[{"embeddable":true,"href":"https:\/\/www.notibras.com\/site\/wp-json\/wp\/v2\/media\/324993"}],"wp:attachment":[{"href":"https:\/\/www.notibras.com\/site\/wp-json\/wp\/v2\/media?parent=374002"}],"wp:term":[{"taxonomy":"category","embeddable":true,"href":"https:\/\/www.notibras.com\/site\/wp-json\/wp\/v2\/categories?post=374002"},{"taxonomy":"post_tag","embeddable":true,"href":"https:\/\/www.notibras.com\/site\/wp-json\/wp\/v2\/tags?post=374002"}],"curies":[{"name":"wp","href":"https:\/\/api.w.org\/{rel}","templated":true}]}}