{"id":374023,"date":"2025-12-09T00:30:39","date_gmt":"2025-12-09T03:30:39","guid":{"rendered":"https:\/\/www.notibras.com\/site\/?p=374023"},"modified":"2025-12-08T18:30:35","modified_gmt":"2025-12-08T21:30:35","slug":"divulgacao-dos-classificados-no-jovem-candango-e-adiada-para-sexta-12","status":"publish","type":"post","link":"https:\/\/www.notibras.com\/site\/divulgacao-dos-classificados-no-jovem-candango-e-adiada-para-sexta-12\/","title":{"rendered":"Divulga\u00e7\u00e3o dos classificados no Jovem Candango \u00e9 adiada para sexta (12)"},"content":{"rendered":"<p>A Secretaria da Fam\u00edlia (Sefami-DF) publicou no Di\u00e1rio Oficial do Distrito Federal (DODF) de sexta-feira (5) a nova data de divulga\u00e7\u00e3o da lista de classificados para o novo ciclo do Jovem Candango. O programa oferece forma\u00e7\u00e3o t\u00e9cnico-profissional a jovens de 14 a 22 anos em situa\u00e7\u00e3o de vulnerabilidade social. As inscri\u00e7\u00f5es se encerraram em 19 de novembro, e o edital previa a divulga\u00e7\u00e3o da lista dos selecionados no dia 5 deste m\u00eas; no entanto, a data foi alterada para sexta-feira (12).<\/p>\n<p>Os contratados pelo programa t\u00eam direito a bolsa correspondente a meio sal\u00e1rio m\u00ednimo, vale-transporte, vale-alimenta\u00e7\u00e3o, 13\u00ba sal\u00e1rio, f\u00e9rias, seguro de vida e uniforme.<\/p>\n<p>O Jovem Candango \u00e9 direcionado a jovens que estejam cursando ou j\u00e1 tenham conclu\u00eddo os estudos na rede p\u00fablica de ensino ou em institui\u00e7\u00e3o particular na condi\u00e7\u00e3o de bolsistas. Tamb\u00e9m se exige resid\u00eancia no Distrito Federal durante todo o prazo do contrato e o cumprimento de uma ou mais condi\u00e7\u00f5es estabelecidas no edital, como pertencer a fam\u00edlias com renda per capita de at\u00e9 tr\u00eas sal\u00e1rios m\u00ednimos e estar inscrito no Cadastro \u00danico dos Programas Sociais (Cad\u00fanico).<\/p>\n<p>O novo edital prev\u00ea inicialmente a abertura de 1.800 vagas, com expectativa de contratar 2.200 jovens de forma gradativa. O preenchimento dessas vagas \u00e9 resultado do aporte de R$ 55 milh\u00f5es recebido do governo, que financiar\u00e1 o pr\u00f3ximo ciclo 2025\/2027.<\/p>\n","protected":false},"excerpt":{"rendered":"<p>A Secretaria da Fam\u00edlia (Sefami-DF) publicou no Di\u00e1rio Oficial do Distrito Federal (DODF) de sexta-feira (5) a nova data de divulga\u00e7\u00e3o da lista de classificados para o novo ciclo do Jovem Candango. O programa oferece forma\u00e7\u00e3o t\u00e9cnico-profissional a jovens de 14 a 22 anos em situa\u00e7\u00e3o de vulnerabilidade social. As inscri\u00e7\u00f5es se encerraram em 19 [&hellip;]<\/p>\n","protected":false},"author":21,"featured_media":374024,"comment_status":"closed","ping_status":"closed","sticky":false,"template":"","format":"standard","meta":{"_acf_changed":false,"footnotes":""},"categories":[161],"tags":[],"class_list":["post-374023","post","type-post","status-publish","format-standard","has-post-thumbnail","hentry","category-quadradinho-em-foco"],"acf":[],"_links":{"self":[{"href":"https:\/\/www.notibras.com\/site\/wp-json\/wp\/v2\/posts\/374023","targetHints":{"allow":["GET"]}}],"collection":[{"href":"https:\/\/www.notibras.com\/site\/wp-json\/wp\/v2\/posts"}],"about":[{"href":"https:\/\/www.notibras.com\/site\/wp-json\/wp\/v2\/types\/post"}],"author":[{"embeddable":true,"href":"https:\/\/www.notibras.com\/site\/wp-json\/wp\/v2\/users\/21"}],"replies":[{"embeddable":true,"href":"https:\/\/www.notibras.com\/site\/wp-json\/wp\/v2\/comments?post=374023"}],"version-history":[{"count":2,"href":"https:\/\/www.notibras.com\/site\/wp-json\/wp\/v2\/posts\/374023\/revisions"}],"predecessor-version":[{"id":374026,"href":"https:\/\/www.notibras.com\/site\/wp-json\/wp\/v2\/posts\/374023\/revisions\/374026"}],"wp:featuredmedia":[{"embeddable":true,"href":"https:\/\/www.notibras.com\/site\/wp-json\/wp\/v2\/media\/374024"}],"wp:attachment":[{"href":"https:\/\/www.notibras.com\/site\/wp-json\/wp\/v2\/media?parent=374023"}],"wp:term":[{"taxonomy":"category","embeddable":true,"href":"https:\/\/www.notibras.com\/site\/wp-json\/wp\/v2\/categories?post=374023"},{"taxonomy":"post_tag","embeddable":true,"href":"https:\/\/www.notibras.com\/site\/wp-json\/wp\/v2\/tags?post=374023"}],"curies":[{"name":"wp","href":"https:\/\/api.w.org\/{rel}","templated":true}]}}