{"id":374029,"date":"2025-12-09T00:45:37","date_gmt":"2025-12-09T03:45:37","guid":{"rendered":"https:\/\/www.notibras.com\/site\/?p=374029"},"modified":"2025-12-08T18:45:00","modified_gmt":"2025-12-08T21:45:00","slug":"painel-coletivo-de-grafiteiros-embeleza-passagem-subterranea","status":"publish","type":"post","link":"https:\/\/www.notibras.com\/site\/painel-coletivo-de-grafiteiros-embeleza-passagem-subterranea\/","title":{"rendered":"Painel coletivo de grafiteiros embeleza passagem subterr\u00e2nea"},"content":{"rendered":"<p>No \u00faltimo m\u00eas, artistas grafiteiros de diferentes regi\u00f5es do Distrito Federal levaram vida e cores \u00e0 passagem subterr\u00e2nea da 103\/104 Norte. Para receber o mural, o local passou por reforma estrutural que incluiu instala\u00e7\u00e3o de c\u00e2meras e refor\u00e7o na ilumina\u00e7\u00e3o.<\/p>\n<p>A a\u00e7\u00e3o integra um projeto de reforma das passagens subterr\u00e2neas, que recebe investimento de mais de R$ 4 milh\u00f5es, realizado por meio de acordo de coopera\u00e7\u00e3o t\u00e9cnica entre a Diretoria das Cidades da Companhia Urbanizadora da Nova Capital do Brasil (Novacap) e a Secretaria de Seguran\u00e7a P\u00fablica do Distrito Federal (SSP-DF).<\/p>\n<p>Por muitos anos, a passagem subterr\u00e2nea da 103\/104 Norte foi sin\u00f4nimo de medo e abandono. Agora, quem circula pelo local encontra luz, cor e hist\u00f3rias estampadas nas paredes. Al\u00e9m de funcionar como um corredor cultural, o espa\u00e7o tamb\u00e9m estimula a reflex\u00e3o sobre temas importantes, como o combate \u00e0 viol\u00eancia contra a mulher.<\/p>\n<p>A convite da Novacap, o grafiteiro Elom Cordeiro, de Ceil\u00e2ndia, fez a curadoria do projeto art\u00edstico e convidou outros 15 artistas de diferentes regi\u00f5es do DF para compor o painel coletivo de grafite. A proposta foi transmitir sensa\u00e7\u00e3o de seguran\u00e7a e pertencimento, al\u00e9m de aprimorar a est\u00e9tica da passagem.<\/p>\n<p>As entradas sul e norte receberam elementos gr\u00e1ficos dos \u00f3rg\u00e3os do Governo do Distrito Federal (GDF) envolvidos no projeto, inspirados nos azulejos de Athos Bulc\u00e3o, s\u00edmbolo importante da identidade visual de Bras\u00edlia. A est\u00e9tica institucional nas entradas buscou marcar a presen\u00e7a do poder p\u00fablico, sem perder a ess\u00eancia do espa\u00e7o frequentado diariamente pelos pedestres. Elom explica que o projeto precisava respeitar a identidade dessas pessoas e equilibrar a linha institucional com a liberdade da arte urbana.<\/p>\n<p><strong>Trabalho coletivo<\/strong><\/p>\n<p>Cada parte dos 382 metros de paredes recebeu a arte de um grafiteiro diferente, que assinou seu trabalho em homenagem \u00e0 regi\u00e3o administrativa em que vive. Al\u00e9m do curador Elom Cordeiro, de Ceil\u00e2ndia, participaram Scooby, Neco e Atax, de Taguatinga; Lapixa e Karek, de Sobradinho; Rivas, do Sol Nascente; Guga, da Asa Norte; Spek, do P Norte; Drop, Du Santos, S\u00edria, Scorpia e Camz, de Ceil\u00e2ndia; e Naty, do Recanto das Emas.<\/p>\n<p>Guga, por exemplo, retratou os punks que frequentam o local, ilustrando o nome de cada crew, como s\u00e3o chamados os grupos, em homenagem \u00e0 cena underground da cidade. Rivas levou frases motivacionais, como \u201cVoc\u00ea s\u00f3 vence amanh\u00e3 se n\u00e3o desistir hoje\u201d. J\u00e1 Elom, atendeu aos pedidos dos pedestres e ilustrou personagens como As Meninas Superpoderosas, representando a for\u00e7a feminina de quem enfrenta o vai e vem di\u00e1rio nas passagens. \u201cQuem decide o que a gente vai fazer \u00e9 o pessoal da rua. A galera passa aqui todo dia, ent\u00e3o as ideias v\u00eam deles\u201d, explicou Elom.<\/p>\n<p>A grafiteira S\u00edria trabalhou em conjunto com o colega Speck e contou que o objetivo de sua obra \u00e9 fazer com que todas as mulheres se sintam representadas e protegidas: \u201cO Speck retratou uma mulher negra, que tamb\u00e9m me representa, e eu compus ao redor dela minha caligrafia. O turbante, as cores e o gesto remetem \u00e0 ancestralidade, e a mandala caligr\u00e1fica em volta representa o brilho das mulheres negras dentro da constru\u00e7\u00e3o social e econ\u00f4mica da nossa cidade\u201d, comentou.<\/p>\n<p><strong>Aprova\u00e7\u00e3o popular<\/strong><\/p>\n<p>O novo visual da passagem n\u00e3o passou despercebido pelos usu\u00e1rios do local. Morador da Asa Norte h\u00e1 mais de quatro d\u00e9cadas, Lu\u00eds Barbosa, de 72 anos, celebrou a mudan\u00e7a: \u201cAntes era depredado, horr\u00edvel. Agora est\u00e1 tudo limpo e bonito. D\u00e1 mais seguran\u00e7a, sem d\u00favidas\u201d.<\/p>\n<p>J\u00e1 a moradora de Planaltina Domingas Dias, 42, destacou a transforma\u00e7\u00e3o: \u201cAqui era muito ruim \u2014 estava tudo quebrado, escuro e ficavam muitos moradores de rua. \u00c0s vezes eu nem passava por aqui e me arriscava entre os carros mesmo. Depois da reforma ficou lindo e acho que transmite at\u00e9 uma seguran\u00e7a maior, ainda mais que colocaram c\u00e2meras. Agora passo aqui por baixo quatro vezes na semana para trabalhar\u201d.<\/p>\n<p>A Novacap segue realizando interven\u00e7\u00f5es nas demais passagens. Atualmente, a da 107\/108 Sul est\u00e1 na etapa de reforma estrutural. A companhia refor\u00e7a o pedido para que a popula\u00e7\u00e3o ajude a preservar os espa\u00e7os revitalizados, evitando o descarte irregular de lixo e garantindo o uso adequado das \u00e1reas. Atitudes simples, mas essenciais, mant\u00eam o espa\u00e7o seguro, acolhedor e em boas condi\u00e7\u00f5es para todos.<\/p>\n","protected":false},"excerpt":{"rendered":"<p>No \u00faltimo m\u00eas, artistas grafiteiros de diferentes regi\u00f5es do Distrito Federal levaram vida e cores \u00e0 passagem subterr\u00e2nea da 103\/104 Norte. Para receber o mural, o local passou por reforma estrutural que incluiu instala\u00e7\u00e3o de c\u00e2meras e refor\u00e7o na ilumina\u00e7\u00e3o. A a\u00e7\u00e3o integra um projeto de reforma das passagens subterr\u00e2neas, que recebe investimento de mais [&hellip;]<\/p>\n","protected":false},"author":21,"featured_media":374030,"comment_status":"closed","ping_status":"closed","sticky":false,"template":"","format":"standard","meta":{"_acf_changed":false,"footnotes":""},"categories":[161],"tags":[],"class_list":["post-374029","post","type-post","status-publish","format-standard","has-post-thumbnail","hentry","category-quadradinho-em-foco"],"acf":[],"_links":{"self":[{"href":"https:\/\/www.notibras.com\/site\/wp-json\/wp\/v2\/posts\/374029","targetHints":{"allow":["GET"]}}],"collection":[{"href":"https:\/\/www.notibras.com\/site\/wp-json\/wp\/v2\/posts"}],"about":[{"href":"https:\/\/www.notibras.com\/site\/wp-json\/wp\/v2\/types\/post"}],"author":[{"embeddable":true,"href":"https:\/\/www.notibras.com\/site\/wp-json\/wp\/v2\/users\/21"}],"replies":[{"embeddable":true,"href":"https:\/\/www.notibras.com\/site\/wp-json\/wp\/v2\/comments?post=374029"}],"version-history":[{"count":4,"href":"https:\/\/www.notibras.com\/site\/wp-json\/wp\/v2\/posts\/374029\/revisions"}],"predecessor-version":[{"id":374034,"href":"https:\/\/www.notibras.com\/site\/wp-json\/wp\/v2\/posts\/374029\/revisions\/374034"}],"wp:featuredmedia":[{"embeddable":true,"href":"https:\/\/www.notibras.com\/site\/wp-json\/wp\/v2\/media\/374030"}],"wp:attachment":[{"href":"https:\/\/www.notibras.com\/site\/wp-json\/wp\/v2\/media?parent=374029"}],"wp:term":[{"taxonomy":"category","embeddable":true,"href":"https:\/\/www.notibras.com\/site\/wp-json\/wp\/v2\/categories?post=374029"},{"taxonomy":"post_tag","embeddable":true,"href":"https:\/\/www.notibras.com\/site\/wp-json\/wp\/v2\/tags?post=374029"}],"curies":[{"name":"wp","href":"https:\/\/api.w.org\/{rel}","templated":true}]}}