{"id":374035,"date":"2025-12-09T01:00:25","date_gmt":"2025-12-09T04:00:25","guid":{"rendered":"https:\/\/www.notibras.com\/site\/?p=374035"},"modified":"2025-12-08T19:04:59","modified_gmt":"2025-12-08T22:04:59","slug":"restaurante-comunitario-reabre-nesta-terca-feira-9","status":"publish","type":"post","link":"https:\/\/www.notibras.com\/site\/restaurante-comunitario-reabre-nesta-terca-feira-9\/","title":{"rendered":"Restaurante Comunit\u00e1rio reabre nesta ter\u00e7a-feira (9)"},"content":{"rendered":"<p>O Restaurante Comunit\u00e1rio de Planaltina vai reabrir nesta ter\u00e7a-feira (9) com espa\u00e7o reformado. O local teve o atendimento interrompido em maio para manuten\u00e7\u00e3o e implementa\u00e7\u00e3o de benfeitorias na estrutura, com o objetivo de qualificar o servi\u00e7o e ampliar a oferta de refei\u00e7\u00f5es.<\/p>\n<p>A unidade oferece caf\u00e9 da manh\u00e3 (R$ 0,50), almo\u00e7o (R$ 1) e jantar (R$ 0,50), ao custo total de R$ 2. S\u00e3o cerca de quatro mil refei\u00e7\u00f5es servidas diariamente \u00e0s fam\u00edlias em situa\u00e7\u00e3o de vulnerabilidade que vivem na regi\u00e3o.<\/p>\n<p>Para marcar a reabertura do RC de Planaltina, a secret\u00e1ria de Desenvolvimento Social do Distrito Federal, Ana Paula Marra, estar\u00e1 nesta ter\u00e7a, \u00e0s 11h, no restaurante, localizado no Setor Recreativo e Cultural, Via WL 1-A\/NS, pr\u00f3ximo ao Centro Ol\u00edmpico de Planaltina.<\/p>\n<p>O Restaurante Comunit\u00e1rio de Planaltina teve banheiros, parte el\u00e9trica e hidr\u00e1ulica reformados, recebeu nova pintura e teve o piso da \u00e1rea de preparo e os balc\u00f5es de inox da cozinha trocados. As portas do espa\u00e7o tamb\u00e9m foram substitu\u00eddas e o escrit\u00f3rio passou por amplia\u00e7\u00e3o. Al\u00e9m disso, foi constru\u00edda uma nova c\u00e2mara frigor\u00edfica para atender \u00e0 maior demanda de refei\u00e7\u00f5es. O investimento total foi de R$ 3,6 milh\u00f5es.<\/p>\n<p>\u201cEsse \u00e9 um dos restaurantes mais antigos, que n\u00e3o passava por manuten\u00e7\u00e3o desde a inaugura\u00e7\u00e3o, h\u00e1 19 anos. A reforma nas estruturas e nos espa\u00e7os de prepara\u00e7\u00e3o s\u00e3o necess\u00e1rias para garantir a produ\u00e7\u00e3o e oferta de alimenta\u00e7\u00e3o com qualidade\u201d, explica Ana Paula Marra.<\/p>\n","protected":false},"excerpt":{"rendered":"<p>O Restaurante Comunit\u00e1rio de Planaltina vai reabrir nesta ter\u00e7a-feira (9) com espa\u00e7o reformado. O local teve o atendimento interrompido em maio para manuten\u00e7\u00e3o e implementa\u00e7\u00e3o de benfeitorias na estrutura, com o objetivo de qualificar o servi\u00e7o e ampliar a oferta de refei\u00e7\u00f5es. A unidade oferece caf\u00e9 da manh\u00e3 (R$ 0,50), almo\u00e7o (R$ 1) e jantar [&hellip;]<\/p>\n","protected":false},"author":21,"featured_media":374036,"comment_status":"closed","ping_status":"closed","sticky":false,"template":"","format":"standard","meta":{"_acf_changed":false,"footnotes":""},"categories":[161],"tags":[],"class_list":["post-374035","post","type-post","status-publish","format-standard","has-post-thumbnail","hentry","category-quadradinho-em-foco"],"acf":[],"_links":{"self":[{"href":"https:\/\/www.notibras.com\/site\/wp-json\/wp\/v2\/posts\/374035","targetHints":{"allow":["GET"]}}],"collection":[{"href":"https:\/\/www.notibras.com\/site\/wp-json\/wp\/v2\/posts"}],"about":[{"href":"https:\/\/www.notibras.com\/site\/wp-json\/wp\/v2\/types\/post"}],"author":[{"embeddable":true,"href":"https:\/\/www.notibras.com\/site\/wp-json\/wp\/v2\/users\/21"}],"replies":[{"embeddable":true,"href":"https:\/\/www.notibras.com\/site\/wp-json\/wp\/v2\/comments?post=374035"}],"version-history":[{"count":2,"href":"https:\/\/www.notibras.com\/site\/wp-json\/wp\/v2\/posts\/374035\/revisions"}],"predecessor-version":[{"id":374038,"href":"https:\/\/www.notibras.com\/site\/wp-json\/wp\/v2\/posts\/374035\/revisions\/374038"}],"wp:featuredmedia":[{"embeddable":true,"href":"https:\/\/www.notibras.com\/site\/wp-json\/wp\/v2\/media\/374036"}],"wp:attachment":[{"href":"https:\/\/www.notibras.com\/site\/wp-json\/wp\/v2\/media?parent=374035"}],"wp:term":[{"taxonomy":"category","embeddable":true,"href":"https:\/\/www.notibras.com\/site\/wp-json\/wp\/v2\/categories?post=374035"},{"taxonomy":"post_tag","embeddable":true,"href":"https:\/\/www.notibras.com\/site\/wp-json\/wp\/v2\/tags?post=374035"}],"curies":[{"name":"wp","href":"https:\/\/api.w.org\/{rel}","templated":true}]}}