{"id":374039,"date":"2025-12-09T01:15:09","date_gmt":"2025-12-09T04:15:09","guid":{"rendered":"https:\/\/www.notibras.com\/site\/?p=374039"},"modified":"2025-12-08T19:16:28","modified_gmt":"2025-12-08T22:16:28","slug":"programa-cartao-uniforme-escolar-ja-conta-com-87-malharias-credenciadas","status":"publish","type":"post","link":"https:\/\/www.notibras.com\/site\/programa-cartao-uniforme-escolar-ja-conta-com-87-malharias-credenciadas\/","title":{"rendered":"Programa Cart\u00e3o Uniforme Escolar j\u00e1 conta com 87 malharias credenciadas"},"content":{"rendered":"<p>O programa Cart\u00e3o Uniforme Escolar j\u00e1 conta com 87 malharias credenciadas. O prazo est\u00e1 aberto para empresas interessadas em ingressar no programa. Os credenciados ficar\u00e3o respons\u00e1veis pela confec\u00e7\u00e3o e fornecimento dos uniformes escolares para o ciclo regular e dever\u00e3o ter sede e funcionamento regular no Distrito Federal.<\/p>\n<p>As empresas devem atender aos crit\u00e9rios do edital e encaminhar a documenta\u00e7\u00e3o exigida, em remessa \u00fanica, em formato PDF, para o e-mail credencia.malharias@sedes.df.gov.br. O credenciamento poder\u00e1 ser realizado ao longo dos pr\u00f3ximos 12 meses, durante todo o per\u00edodo de vig\u00eancia do edital.<\/p>\n<p>\u201cO credenciamento das empresas do DF no Cart\u00e3o Uniforme Escolar movimenta a economia local, al\u00e9m de garantir uniformes de qualidade para os estudantes das escolas p\u00fablicas\u201d, destaca a secret\u00e1ria de Desenvolvimento Social, Ana Paula Marra.<\/p>\n<p>O Cart\u00e3o Uniforme Escolar garante aos estudantes da rede p\u00fablica de ensino do DF acesso universal ao uniforme escolar, sem distin\u00e7\u00e3o ou crit\u00e9rio de renda familiar. Ser\u00e3o 400 mil alunos beneficiados, com tr\u00eas camisetas de manga curta, duas bermudas, uma cal\u00e7a comprida e um casaco. De acordo com o edital, ser\u00e3o confeccionadas cerca de 2,8 milh\u00f5es de pe\u00e7as, a serem entregues at\u00e9 o in\u00edcio de fevereiro.<\/p>\n<p>As empresas tamb\u00e9m podem entregar a documenta\u00e7\u00e3o presencialmente na sede da Secretaria de Desenvolvimento Social (Sedes-DF), localizada na SEPN 515, Edif\u00edcio Espa\u00e7o 515, mediante agendamento pelo telefone (61) 3773-7354. As credenciadas ser\u00e3o respons\u00e1veis por todas as despesas com embalagem, garantia, transporte e confec\u00e7\u00e3o do material.<\/p>\n<p>O uso do Cart\u00e3o Uniforme Escolar est\u00e1 previsto para iniciar em 15 de janeiro. Cada aluno receber\u00e1 R$ 282,99 de cr\u00e9dito. \u201cA partir de janeiro, os alunos j\u00e1 ter\u00e3o cr\u00e9dito para comprar o uniforme. O valor do aux\u00edlio financeiro ser\u00e1 pago aos estudantes em parcela \u00fanica anual, durante a vig\u00eancia do programa. O pagamento \u00e0s empresas credenciadas ser\u00e1 feito diretamente no ato da compra, por meio do cart\u00e3o magn\u00e9tico ou eletr\u00f4nico concedido exclusivamente para aquisi\u00e7\u00e3o do uniforme escolar\u201d, explica a secret\u00e1ria.<\/p>\n<p>Para os alunos que ingressarem na rede ao longo do ano, o pagamento ser\u00e1 realizado de forma escalonada, em etapas ou lotes, conforme cronograma a ser definido.<\/p>\n<p>S\u00e3o requisitos para o credenciamento: estar adimplente com as obriga\u00e7\u00f5es fiscais, trabalhistas e previdenci\u00e1rias; constar no CNPJ o registro de ind\u00fastria de confec\u00e7\u00e3o de pe\u00e7as de vestu\u00e1rio e roupas profissionais (C\u00f3digos Cnae 1412-6\/01 e 1413-4\/01) ou com\u00e9rcio varejista de artigos do vestu\u00e1rio e acess\u00f3rios (Cnae 4781-4\/00); possuir conta corrente no Banco de Bras\u00edlia (BRB); e obedecer aos prazos e \u00e0 documenta\u00e7\u00e3o definidos no edital de chamamento p\u00fablico n\u00ba 03\/2025, cap\u00edtulo VII.<\/p>\n","protected":false},"excerpt":{"rendered":"<p>O programa Cart\u00e3o Uniforme Escolar j\u00e1 conta com 87 malharias credenciadas. O prazo est\u00e1 aberto para empresas interessadas em ingressar no programa. Os credenciados ficar\u00e3o respons\u00e1veis pela confec\u00e7\u00e3o e fornecimento dos uniformes escolares para o ciclo regular e dever\u00e3o ter sede e funcionamento regular no Distrito Federal. As empresas devem atender aos crit\u00e9rios do edital [&hellip;]<\/p>\n","protected":false},"author":21,"featured_media":374040,"comment_status":"closed","ping_status":"closed","sticky":false,"template":"","format":"standard","meta":{"_acf_changed":false,"footnotes":""},"categories":[161],"tags":[],"class_list":["post-374039","post","type-post","status-publish","format-standard","has-post-thumbnail","hentry","category-quadradinho-em-foco"],"acf":[],"_links":{"self":[{"href":"https:\/\/www.notibras.com\/site\/wp-json\/wp\/v2\/posts\/374039","targetHints":{"allow":["GET"]}}],"collection":[{"href":"https:\/\/www.notibras.com\/site\/wp-json\/wp\/v2\/posts"}],"about":[{"href":"https:\/\/www.notibras.com\/site\/wp-json\/wp\/v2\/types\/post"}],"author":[{"embeddable":true,"href":"https:\/\/www.notibras.com\/site\/wp-json\/wp\/v2\/users\/21"}],"replies":[{"embeddable":true,"href":"https:\/\/www.notibras.com\/site\/wp-json\/wp\/v2\/comments?post=374039"}],"version-history":[{"count":3,"href":"https:\/\/www.notibras.com\/site\/wp-json\/wp\/v2\/posts\/374039\/revisions"}],"predecessor-version":[{"id":374043,"href":"https:\/\/www.notibras.com\/site\/wp-json\/wp\/v2\/posts\/374039\/revisions\/374043"}],"wp:featuredmedia":[{"embeddable":true,"href":"https:\/\/www.notibras.com\/site\/wp-json\/wp\/v2\/media\/374040"}],"wp:attachment":[{"href":"https:\/\/www.notibras.com\/site\/wp-json\/wp\/v2\/media?parent=374039"}],"wp:term":[{"taxonomy":"category","embeddable":true,"href":"https:\/\/www.notibras.com\/site\/wp-json\/wp\/v2\/categories?post=374039"},{"taxonomy":"post_tag","embeddable":true,"href":"https:\/\/www.notibras.com\/site\/wp-json\/wp\/v2\/tags?post=374039"}],"curies":[{"name":"wp","href":"https:\/\/api.w.org\/{rel}","templated":true}]}}