{"id":374068,"date":"2025-12-09T04:34:18","date_gmt":"2025-12-09T07:34:18","guid":{"rendered":"https:\/\/www.notibras.com\/site\/?p=374068"},"modified":"2025-12-09T07:08:27","modified_gmt":"2025-12-09T10:08:27","slug":"procura-se-vivo-mas-se-reagir-pode-ser-morto","status":"publish","type":"post","link":"https:\/\/www.notibras.com\/site\/procura-se-vivo-mas-se-reagir-pode-ser-morto\/","title":{"rendered":"Procura-se vivo, mas se reagir, pode ser morto"},"content":{"rendered":"<p>O Minist\u00e9rio da Justi\u00e7a e Seguran\u00e7a P\u00fablica acaba de lan\u00e7ar o site \u202a<a href=\"http:\/\/gov.br\/captura\">gov.br\/captura\u202c<\/a>, que disponibiliza a lista dos 216 foragidos mais procurados do pa\u00eds.<\/p>\n<p>Cada unidade da Federa\u00e7\u00e3o indicou oito alvos priorit\u00e1rios com base em uma matriz de risco, que avaliou aspectos como gravidade e natureza do crime cometido, vincula\u00e7\u00e3o com organiza\u00e7\u00f5es criminosas, exist\u00eancia de m\u00faltiplos mandados de pris\u00e3o e atua\u00e7\u00e3o interestadual.<\/p>\n<p>\u201cA implementa\u00e7\u00e3o da lista representa um esfor\u00e7o conjunto entre as esferas federal e estadual para aprimorar a seguran\u00e7a p\u00fablica e combater de forma mais eficaz as organiza\u00e7\u00f5es criminosas no Brasil&#8221;, diz o minist\u00e9rio, em nota.<\/p>\n<p>A iniciativa tamb\u00e9m possibilita o interc\u00e2mbio de informa\u00e7\u00f5es entre os estados e estimula a colabora\u00e7\u00e3o direta da popula\u00e7\u00e3o.<\/p>\n<p>Den\u00fancias an\u00f4nimas podem ser feitas pelos canais 190 e 197.<\/p>\n<p>O site faz parte do Programa Captura, uma a\u00e7\u00e3o de articula\u00e7\u00e3o nacional voltada \u00e0 identifica\u00e7\u00e3o, \u00e0 localiza\u00e7\u00e3o e \u00e0 pris\u00e3o de criminosos considerados de alta periculosidade. O minist\u00e9rio informou que ir\u00e1 instalar uma c\u00e9lula operacional do Programa Captura no estado do Rio de Janeiro.<\/p>\n<p>\u201cA medida responde \u00e0 constata\u00e7\u00e3o de que criminosos de diferentes regi\u00f5es do Brasil frequentemente se ocultam em \u00e1reas do estado fluminense. A nova estrutura permitir\u00e1 apoio direto \u00e0s pol\u00edcias estaduais e maior agilidade na troca de informa\u00e7\u00f5es para a localiza\u00e7\u00e3o de foragidos\u201d, explica a pasta.<\/p>\n","protected":false},"excerpt":{"rendered":"<p>O Minist\u00e9rio da Justi\u00e7a e Seguran\u00e7a P\u00fablica acaba de lan\u00e7ar o site \u202agov.br\/captura\u202c, que disponibiliza a lista dos 216 foragidos mais procurados do pa\u00eds. Cada unidade da Federa\u00e7\u00e3o indicou oito alvos priorit\u00e1rios com base em uma matriz de risco, que avaliou aspectos como gravidade e natureza do crime cometido, vincula\u00e7\u00e3o com organiza\u00e7\u00f5es criminosas, exist\u00eancia de [&hellip;]<\/p>\n","protected":false},"author":2,"featured_media":374070,"comment_status":"closed","ping_status":"closed","sticky":false,"template":"","format":"standard","meta":{"_acf_changed":false,"footnotes":""},"categories":[16],"tags":[95],"class_list":["post-374068","post","type-post","status-publish","format-standard","has-post-thumbnail","hentry","category-brasil","tag-capa"],"acf":[],"_links":{"self":[{"href":"https:\/\/www.notibras.com\/site\/wp-json\/wp\/v2\/posts\/374068","targetHints":{"allow":["GET"]}}],"collection":[{"href":"https:\/\/www.notibras.com\/site\/wp-json\/wp\/v2\/posts"}],"about":[{"href":"https:\/\/www.notibras.com\/site\/wp-json\/wp\/v2\/types\/post"}],"author":[{"embeddable":true,"href":"https:\/\/www.notibras.com\/site\/wp-json\/wp\/v2\/users\/2"}],"replies":[{"embeddable":true,"href":"https:\/\/www.notibras.com\/site\/wp-json\/wp\/v2\/comments?post=374068"}],"version-history":[{"count":2,"href":"https:\/\/www.notibras.com\/site\/wp-json\/wp\/v2\/posts\/374068\/revisions"}],"predecessor-version":[{"id":374083,"href":"https:\/\/www.notibras.com\/site\/wp-json\/wp\/v2\/posts\/374068\/revisions\/374083"}],"wp:featuredmedia":[{"embeddable":true,"href":"https:\/\/www.notibras.com\/site\/wp-json\/wp\/v2\/media\/374070"}],"wp:attachment":[{"href":"https:\/\/www.notibras.com\/site\/wp-json\/wp\/v2\/media?parent=374068"}],"wp:term":[{"taxonomy":"category","embeddable":true,"href":"https:\/\/www.notibras.com\/site\/wp-json\/wp\/v2\/categories?post=374068"},{"taxonomy":"post_tag","embeddable":true,"href":"https:\/\/www.notibras.com\/site\/wp-json\/wp\/v2\/tags?post=374068"}],"curies":[{"name":"wp","href":"https:\/\/api.w.org\/{rel}","templated":true}]}}