{"id":374084,"date":"2025-12-09T07:22:50","date_gmt":"2025-12-09T10:22:50","guid":{"rendered":"https:\/\/www.notibras.com\/site\/?p=374084"},"modified":"2025-12-09T07:22:50","modified_gmt":"2025-12-09T10:22:50","slug":"uso-e-abuso-do-bom-velhinho-no-natal","status":"publish","type":"post","link":"https:\/\/www.notibras.com\/site\/uso-e-abuso-do-bom-velhinho-no-natal\/","title":{"rendered":"Uso e abuso do Bom Velhinho no Natal"},"content":{"rendered":"<p>Papai Noel, o Bom Velhinho mundialmente conhecido, possui ra\u00edzes complexas, resultantes da fus\u00e3o entre tradi\u00e7\u00f5es crist\u00e3s, cultos pag\u00e3os do inverno e transforma\u00e7\u00f5es culturais promovidas pela modernidade. A origem mais remota do mito natalino vincula-se ao bispo crist\u00e3o S\u00e3o Nicolau de Mira (s\u00e9culo IV), venerado por sua generosidade e por milagres associados \u00e0 prote\u00e7\u00e3o de crian\u00e7as e viajantes. A imagem moderna de Papai Noel deriva dessas ra\u00edzes, posteriormente reinterpretada pelas tradi\u00e7\u00f5es folcl\u00f3ricas do norte da Europa.<\/p>\n<p>Na Europa, Papai Noel recebeu diversas denomina\u00e7\u00f5es: Santa Claus (pa\u00edses angl\u00f3fonos), Father Christmas (Reino Unido), Sinterklaas (Holanda e B\u00e9lgica), Weihnachtsmann (Alemanha), P\u00e8re No\u00ebl (Fran\u00e7a) e Joulupukki (Finl\u00e2ndia). Em regi\u00f5es eslavas, surgem vers\u00f5es h\u00edbridas como Ded Moroz (\u201cVov\u00f4 Gelo\u201d). Na Am\u00e9rica Latina predomina \u201cPapai Noel\u201d, enquanto nos Estados Unidos consolidou-se \u201cSanta Claus\u201d, difundido mundialmente pela literatura e pela cultura de massa.<\/p>\n<p>No contexto africano, as representa\u00e7\u00f5es de Papai Noel assumem m\u00faltiplas formas, refletindo a diversidade lingu\u00edstica, religiosa e cultural do continente. Em pa\u00edses de forte influ\u00eancia crist\u00e3, como Nig\u00e9ria, Gana, Qu\u00eania, Angola e \u00c1frica do Sul, o personagem \u00e9 conhecido como Father Christmas, Christmas Papa, e Papa No\u00ebl (nas regi\u00f5es franc\u00f3fonas). Diferentemente das narrativas europeias centradas no inverno e na neve, as celebra\u00e7\u00f5es africanas ocorrem durante o ver\u00e3o, o que adapta o imagin\u00e1rio natalino a um clima quente e festivo.<\/p>\n<p>Em muitos locais, o Papai Noel aparece com vestimentas mais leves, por vezes em tons variados de vermelho e branco, ou incorporando padr\u00f5es t\u00eaxteis tradicionais como o batik. Em algumas regi\u00f5es da \u00c1frica Ocidental, a figura relaciona-se simbolicamente aos anci\u00e3os do cl\u00e3, guardi\u00f5es da generosidade e da transmiss\u00e3o de sabedoria, refor\u00e7ando o v\u00ednculo entre Natal e valores comunit\u00e1rios como partilha, ancestralidade e solidariedade. Assim, o Papai Noel africano constitui um exemplo da capacidade de ressignifica\u00e7\u00e3o cultural, integrando elementos crist\u00e3os, tradi\u00e7\u00f5es locais e simbologias pr\u00f3prias das cosmologias africanas contempor\u00e2neas.<\/p>\n<p>O simbolismo de Papai Noel transcende a narrativa crist\u00e3 do Natal. A antropologia identifica paralelos entre o \u201cvelho de barba branca\u201d e divindades ou esp\u00edritos do inverno, como Odin, que no solst\u00edcio percorria os c\u00e9us montado em seu cavalo de oito patas, distribuindo d\u00e1divas aos humanos. Sob a perspectiva esot\u00e9rica, a figura representa o arqu\u00e9tipo do Velho S\u00e1bio, o Ermit\u00e3o, arcano 9 do tarot, associado \u00e0 sabedoria, benevol\u00eancia, prote\u00e7\u00e3o e renova\u00e7\u00e3o do ciclo da luz no inverno. Sua iconografia refor\u00e7a a simbologia solar: a cor vermelha \u00e9 interpretada como manifesta\u00e7\u00e3o do fogo vital que resiste ao frio, e o ato de distribuir presentes alude ao fluxo de energia, abund\u00e2ncia e regenera\u00e7\u00e3o c\u00f3smica celebrados no solst\u00edcio.<\/p>\n<p>O v\u00ednculo com o Natal consolidou-se progressivamente a partir do s\u00e9culo XIX, quando escritores como Clement Clarke Moore e ilustradores como Thomas Nast agregaram atributos como o tren\u00f3, as renas, sininhos e a resid\u00eancia no Polo Norte. No s\u00e9culo XX, a imagem foi amplamente popularizada pela publicidade \u2014 sobretudo pela campanha da Coca-Cola iniciada na d\u00e9cada de 1930 \u2014 que tornou o Papai Noel uma figura central do com\u00e9rcio natalino. Tal associa\u00e7\u00e3o refor\u00e7ou o car\u00e1ter consumista da festa, convertendo s\u00edmbolos espirituais em elementos mercadol\u00f3gicos.<\/p>\n<p>Culturalmente, o ilusionista Papai Noel circula tanto na alegria como na tristeza, visto que as criancinhas agraciadas no natal s\u00e3o em n\u00famero infinitamente menor do que a massa infantil que jaz esquecida nos sete continentes. Todavia o bom velhinho articula valores de generosidade, gratid\u00e3o e esperan\u00e7a; religiosamente, expressa a s\u00edntese entre o nascimento do Cristo e antigas celebra\u00e7\u00f5es solares do solst\u00edcio de inverno; simbolicamente, evoca os ciclos de morte e renascimento da luz; e esotericamente, manifesta arqu\u00e9tipos de sabedoria, prote\u00e7\u00e3o e renova\u00e7\u00e3o energ\u00e9tica.<\/p>\n<p>A for\u00e7a do Papai Noel perdura atrav\u00e9s dos tempos porque integra elementos mitol\u00f3gicos universais \u00e0 din\u00e2mica sociocultural da modernidade com a for\u00e7a do marketing comercial. Nos shopping centers idosos aposentados assumem o papel do bom velhinho, invariavelmente um tanto magros e portando longas barbas brancas posti\u00e7as, possam sorridentes para as fotos com as criancinhas no colo, alimentando o consumo dos produtos muito bem expostos nas prateleiras das lojas. Alegria de poucos, certamente, facilitada pelos cart\u00f5es de cr\u00e9ditos e rolagem das d\u00edvidas para o Ano Novo.<\/p>\n<p>Am\u00e9m!<\/p>\n<p>&#8230;&#8230;&#8230;&#8230;&#8230;&#8230;.<\/p>\n<p><strong>Giovanni Seabra<\/strong><br \/>\n<strong>Gr\u00e3o-Mestre do Col\u00e9gio dos Magos e Sacerdotisas<\/strong><br \/>\n<strong>@giovanniseabra.esoterico <\/strong><br \/>\n<strong>@colegiodosmagosesacerdotisas<\/strong><\/p>\n","protected":false},"excerpt":{"rendered":"<p>Papai Noel, o Bom Velhinho mundialmente conhecido, possui ra\u00edzes complexas, resultantes da fus\u00e3o entre tradi\u00e7\u00f5es crist\u00e3s, cultos pag\u00e3os do inverno e transforma\u00e7\u00f5es culturais promovidas pela modernidade. A origem mais remota do mito natalino vincula-se ao bispo crist\u00e3o S\u00e3o Nicolau de Mira (s\u00e9culo IV), venerado por sua generosidade e por milagres associados \u00e0 prote\u00e7\u00e3o de crian\u00e7as [&hellip;]<\/p>\n","protected":false},"author":2,"featured_media":374085,"comment_status":"closed","ping_status":"closed","sticky":false,"template":"","format":"standard","meta":{"_acf_changed":false,"footnotes":""},"categories":[237],"tags":[],"class_list":["post-374084","post","type-post","status-publish","format-standard","has-post-thumbnail","hentry","category-oraculos"],"acf":[],"yoast_head":"<!-- This site is optimized with the Yoast SEO plugin v27.2 - https:\/\/yoast.com\/product\/yoast-seo-wordpress\/ -->\n<title>Uso e abuso do Bom Velhinho no Natal - Notibras<\/title>\n<meta name=\"robots\" content=\"index, follow, max-snippet:-1, max-image-preview:large, max-video-preview:-1\" \/>\n<link rel=\"canonical\" href=\"https:\/\/www.notibras.com\/site\/uso-e-abuso-do-bom-velhinho-no-natal\/\" \/>\n<meta property=\"og:locale\" content=\"pt_BR\" \/>\n<meta property=\"og:type\" content=\"article\" \/>\n<meta property=\"og:title\" content=\"Uso e abuso do Bom Velhinho no Natal - Notibras\" \/>\n<meta property=\"og:description\" content=\"Papai Noel, o Bom Velhinho mundialmente conhecido, possui ra\u00edzes complexas, resultantes da fus\u00e3o entre tradi\u00e7\u00f5es crist\u00e3s, cultos pag\u00e3os do inverno e transforma\u00e7\u00f5es culturais promovidas pela modernidade. A origem mais remota do mito natalino vincula-se ao bispo crist\u00e3o S\u00e3o Nicolau de Mira (s\u00e9culo IV), venerado por sua generosidade e por milagres associados \u00e0 prote\u00e7\u00e3o de crian\u00e7as [&hellip;]\" \/>\n<meta property=\"og:url\" content=\"https:\/\/www.notibras.com\/site\/uso-e-abuso-do-bom-velhinho-no-natal\/\" \/>\n<meta property=\"og:site_name\" content=\"Notibras\" \/>\n<meta property=\"article:publisher\" content=\"https:\/\/www.facebook.com\/notibras\/\" \/>\n<meta property=\"article:published_time\" content=\"2025-12-09T10:22:50+00:00\" \/>\n<meta property=\"og:image\" content=\"https:\/\/www.notibras.com\/site\/wp-content\/uploads\/2025\/12\/39c1aea7-6550-42d8-9c97-977cc8906178.jpeg\" \/>\n\t<meta property=\"og:image:width\" content=\"736\" \/>\n\t<meta property=\"og:image:height\" content=\"1313\" \/>\n\t<meta property=\"og:image:type\" content=\"image\/jpeg\" \/>\n<meta name=\"author\" content=\"Reda\u00e7\u00e3o\" \/>\n<meta name=\"twitter:card\" content=\"summary_large_image\" \/>\n<meta name=\"twitter:creator\" content=\"@Notibras\" \/>\n<meta name=\"twitter:site\" content=\"@Notibras\" \/>\n<meta name=\"twitter:label1\" content=\"Escrito por\" \/>\n\t<meta name=\"twitter:data1\" content=\"Reda\u00e7\u00e3o\" \/>\n\t<meta name=\"twitter:label2\" content=\"Est. tempo de leitura\" \/>\n\t<meta name=\"twitter:data2\" content=\"4 minutos\" \/>\n<script type=\"application\/ld+json\" class=\"yoast-schema-graph\">{\"@context\":\"https:\/\/schema.org\",\"@graph\":[{\"@type\":\"Article\",\"@id\":\"https:\/\/www.notibras.com\/site\/uso-e-abuso-do-bom-velhinho-no-natal\/#article\",\"isPartOf\":{\"@id\":\"https:\/\/www.notibras.com\/site\/uso-e-abuso-do-bom-velhinho-no-natal\/\"},\"author\":{\"name\":\"Reda\u00e7\u00e3o\",\"@id\":\"https:\/\/www.notibras.com\/site\/#\/schema\/person\/36ab0979449956132d3e5b517ea76ac8\"},\"headline\":\"Uso e abuso do Bom Velhinho no Natal\",\"datePublished\":\"2025-12-09T10:22:50+00:00\",\"mainEntityOfPage\":{\"@id\":\"https:\/\/www.notibras.com\/site\/uso-e-abuso-do-bom-velhinho-no-natal\/\"},\"wordCount\":785,\"publisher\":{\"@id\":\"https:\/\/www.notibras.com\/site\/#organization\"},\"image\":{\"@id\":\"https:\/\/www.notibras.com\/site\/uso-e-abuso-do-bom-velhinho-no-natal\/#primaryimage\"},\"thumbnailUrl\":\"https:\/\/www.notibras.com\/site\/wp-content\/uploads\/2025\/12\/39c1aea7-6550-42d8-9c97-977cc8906178.jpeg\",\"articleSection\":[\"Or\u00e1culos\"],\"inLanguage\":\"pt-BR\"},{\"@type\":\"WebPage\",\"@id\":\"https:\/\/www.notibras.com\/site\/uso-e-abuso-do-bom-velhinho-no-natal\/\",\"url\":\"https:\/\/www.notibras.com\/site\/uso-e-abuso-do-bom-velhinho-no-natal\/\",\"name\":\"Uso e abuso do Bom Velhinho no Natal - Notibras\",\"isPartOf\":{\"@id\":\"https:\/\/www.notibras.com\/site\/#website\"},\"primaryImageOfPage\":{\"@id\":\"https:\/\/www.notibras.com\/site\/uso-e-abuso-do-bom-velhinho-no-natal\/#primaryimage\"},\"image\":{\"@id\":\"https:\/\/www.notibras.com\/site\/uso-e-abuso-do-bom-velhinho-no-natal\/#primaryimage\"},\"thumbnailUrl\":\"https:\/\/www.notibras.com\/site\/wp-content\/uploads\/2025\/12\/39c1aea7-6550-42d8-9c97-977cc8906178.jpeg\",\"datePublished\":\"2025-12-09T10:22:50+00:00\",\"breadcrumb\":{\"@id\":\"https:\/\/www.notibras.com\/site\/uso-e-abuso-do-bom-velhinho-no-natal\/#breadcrumb\"},\"inLanguage\":\"pt-BR\",\"potentialAction\":[{\"@type\":\"ReadAction\",\"target\":[\"https:\/\/www.notibras.com\/site\/uso-e-abuso-do-bom-velhinho-no-natal\/\"]}]},{\"@type\":\"ImageObject\",\"inLanguage\":\"pt-BR\",\"@id\":\"https:\/\/www.notibras.com\/site\/uso-e-abuso-do-bom-velhinho-no-natal\/#primaryimage\",\"url\":\"https:\/\/www.notibras.com\/site\/wp-content\/uploads\/2025\/12\/39c1aea7-6550-42d8-9c97-977cc8906178.jpeg\",\"contentUrl\":\"https:\/\/www.notibras.com\/site\/wp-content\/uploads\/2025\/12\/39c1aea7-6550-42d8-9c97-977cc8906178.jpeg\",\"width\":736,\"height\":1313},{\"@type\":\"BreadcrumbList\",\"@id\":\"https:\/\/www.notibras.com\/site\/uso-e-abuso-do-bom-velhinho-no-natal\/#breadcrumb\",\"itemListElement\":[{\"@type\":\"ListItem\",\"position\":1,\"name\":\"In\u00edcio\",\"item\":\"https:\/\/www.notibras.com\/site\/\"},{\"@type\":\"ListItem\",\"position\":2,\"name\":\"Uso e abuso do Bom Velhinho no Natal\"}]},{\"@type\":\"WebSite\",\"@id\":\"https:\/\/www.notibras.com\/site\/#website\",\"url\":\"https:\/\/www.notibras.com\/site\/\",\"name\":\"Notibras\",\"description\":\"Not\u00edcias de Bras\u00edlia, do Brasil e do Mundo\",\"publisher\":{\"@id\":\"https:\/\/www.notibras.com\/site\/#organization\"},\"potentialAction\":[{\"@type\":\"SearchAction\",\"target\":{\"@type\":\"EntryPoint\",\"urlTemplate\":\"https:\/\/www.notibras.com\/site\/?s={search_term_string}\"},\"query-input\":{\"@type\":\"PropertyValueSpecification\",\"valueRequired\":true,\"valueName\":\"search_term_string\"}}],\"inLanguage\":\"pt-BR\"},{\"@type\":\"Organization\",\"@id\":\"https:\/\/www.notibras.com\/site\/#organization\",\"name\":\"Grupo Notibras de Comunica\u00e7\u00e3o\",\"url\":\"https:\/\/www.notibras.com\/site\/\",\"logo\":{\"@type\":\"ImageObject\",\"inLanguage\":\"pt-BR\",\"@id\":\"https:\/\/www.notibras.com\/site\/#\/schema\/logo\/image\/\",\"url\":\"https:\/\/www.notibras.com\/site\/wp-content\/uploads\/2023\/01\/notibras23.png\",\"contentUrl\":\"https:\/\/www.notibras.com\/site\/wp-content\/uploads\/2023\/01\/notibras23.png\",\"width\":350,\"height\":87,\"caption\":\"Grupo Notibras de Comunica\u00e7\u00e3o\"},\"image\":{\"@id\":\"https:\/\/www.notibras.com\/site\/#\/schema\/logo\/image\/\"},\"sameAs\":[\"https:\/\/www.facebook.com\/notibras\/\",\"https:\/\/x.com\/Notibras\",\"https:\/\/www.instagram.com\/notibras\/\"]},{\"@type\":\"Person\",\"@id\":\"https:\/\/www.notibras.com\/site\/#\/schema\/person\/36ab0979449956132d3e5b517ea76ac8\",\"name\":\"Reda\u00e7\u00e3o\",\"image\":{\"@type\":\"ImageObject\",\"inLanguage\":\"pt-BR\",\"@id\":\"https:\/\/secure.gravatar.com\/avatar\/e0a867bdedb85fd243eadf09663511f96fc81e0720a4a42581f334ad4303aa6b?s=96&d=mm&r=g\",\"url\":\"https:\/\/secure.gravatar.com\/avatar\/e0a867bdedb85fd243eadf09663511f96fc81e0720a4a42581f334ad4303aa6b?s=96&d=mm&r=g\",\"contentUrl\":\"https:\/\/secure.gravatar.com\/avatar\/e0a867bdedb85fd243eadf09663511f96fc81e0720a4a42581f334ad4303aa6b?s=96&d=mm&r=g\",\"caption\":\"Reda\u00e7\u00e3o\"}}]}<\/script>\n<!-- \/ Yoast SEO plugin. -->","yoast_head_json":{"title":"Uso e abuso do Bom Velhinho no Natal - Notibras","robots":{"index":"index","follow":"follow","max-snippet":"max-snippet:-1","max-image-preview":"max-image-preview:large","max-video-preview":"max-video-preview:-1"},"canonical":"https:\/\/www.notibras.com\/site\/uso-e-abuso-do-bom-velhinho-no-natal\/","og_locale":"pt_BR","og_type":"article","og_title":"Uso e abuso do Bom Velhinho no Natal - Notibras","og_description":"Papai Noel, o Bom Velhinho mundialmente conhecido, possui ra\u00edzes complexas, resultantes da fus\u00e3o entre tradi\u00e7\u00f5es crist\u00e3s, cultos pag\u00e3os do inverno e transforma\u00e7\u00f5es culturais promovidas pela modernidade. A origem mais remota do mito natalino vincula-se ao bispo crist\u00e3o S\u00e3o Nicolau de Mira (s\u00e9culo IV), venerado por sua generosidade e por milagres associados \u00e0 prote\u00e7\u00e3o de crian\u00e7as [&hellip;]","og_url":"https:\/\/www.notibras.com\/site\/uso-e-abuso-do-bom-velhinho-no-natal\/","og_site_name":"Notibras","article_publisher":"https:\/\/www.facebook.com\/notibras\/","article_published_time":"2025-12-09T10:22:50+00:00","og_image":[{"width":736,"height":1313,"url":"https:\/\/www.notibras.com\/site\/wp-content\/uploads\/2025\/12\/39c1aea7-6550-42d8-9c97-977cc8906178.jpeg","type":"image\/jpeg"}],"author":"Reda\u00e7\u00e3o","twitter_card":"summary_large_image","twitter_creator":"@Notibras","twitter_site":"@Notibras","twitter_misc":{"Escrito por":"Reda\u00e7\u00e3o","Est. tempo de leitura":"4 minutos"},"schema":{"@context":"https:\/\/schema.org","@graph":[{"@type":"Article","@id":"https:\/\/www.notibras.com\/site\/uso-e-abuso-do-bom-velhinho-no-natal\/#article","isPartOf":{"@id":"https:\/\/www.notibras.com\/site\/uso-e-abuso-do-bom-velhinho-no-natal\/"},"author":{"name":"Reda\u00e7\u00e3o","@id":"https:\/\/www.notibras.com\/site\/#\/schema\/person\/36ab0979449956132d3e5b517ea76ac8"},"headline":"Uso e abuso do Bom Velhinho no Natal","datePublished":"2025-12-09T10:22:50+00:00","mainEntityOfPage":{"@id":"https:\/\/www.notibras.com\/site\/uso-e-abuso-do-bom-velhinho-no-natal\/"},"wordCount":785,"publisher":{"@id":"https:\/\/www.notibras.com\/site\/#organization"},"image":{"@id":"https:\/\/www.notibras.com\/site\/uso-e-abuso-do-bom-velhinho-no-natal\/#primaryimage"},"thumbnailUrl":"https:\/\/www.notibras.com\/site\/wp-content\/uploads\/2025\/12\/39c1aea7-6550-42d8-9c97-977cc8906178.jpeg","articleSection":["Or\u00e1culos"],"inLanguage":"pt-BR"},{"@type":"WebPage","@id":"https:\/\/www.notibras.com\/site\/uso-e-abuso-do-bom-velhinho-no-natal\/","url":"https:\/\/www.notibras.com\/site\/uso-e-abuso-do-bom-velhinho-no-natal\/","name":"Uso e abuso do Bom Velhinho no Natal - Notibras","isPartOf":{"@id":"https:\/\/www.notibras.com\/site\/#website"},"primaryImageOfPage":{"@id":"https:\/\/www.notibras.com\/site\/uso-e-abuso-do-bom-velhinho-no-natal\/#primaryimage"},"image":{"@id":"https:\/\/www.notibras.com\/site\/uso-e-abuso-do-bom-velhinho-no-natal\/#primaryimage"},"thumbnailUrl":"https:\/\/www.notibras.com\/site\/wp-content\/uploads\/2025\/12\/39c1aea7-6550-42d8-9c97-977cc8906178.jpeg","datePublished":"2025-12-09T10:22:50+00:00","breadcrumb":{"@id":"https:\/\/www.notibras.com\/site\/uso-e-abuso-do-bom-velhinho-no-natal\/#breadcrumb"},"inLanguage":"pt-BR","potentialAction":[{"@type":"ReadAction","target":["https:\/\/www.notibras.com\/site\/uso-e-abuso-do-bom-velhinho-no-natal\/"]}]},{"@type":"ImageObject","inLanguage":"pt-BR","@id":"https:\/\/www.notibras.com\/site\/uso-e-abuso-do-bom-velhinho-no-natal\/#primaryimage","url":"https:\/\/www.notibras.com\/site\/wp-content\/uploads\/2025\/12\/39c1aea7-6550-42d8-9c97-977cc8906178.jpeg","contentUrl":"https:\/\/www.notibras.com\/site\/wp-content\/uploads\/2025\/12\/39c1aea7-6550-42d8-9c97-977cc8906178.jpeg","width":736,"height":1313},{"@type":"BreadcrumbList","@id":"https:\/\/www.notibras.com\/site\/uso-e-abuso-do-bom-velhinho-no-natal\/#breadcrumb","itemListElement":[{"@type":"ListItem","position":1,"name":"In\u00edcio","item":"https:\/\/www.notibras.com\/site\/"},{"@type":"ListItem","position":2,"name":"Uso e abuso do Bom Velhinho no Natal"}]},{"@type":"WebSite","@id":"https:\/\/www.notibras.com\/site\/#website","url":"https:\/\/www.notibras.com\/site\/","name":"Notibras","description":"Not\u00edcias de Bras\u00edlia, do Brasil e do Mundo","publisher":{"@id":"https:\/\/www.notibras.com\/site\/#organization"},"potentialAction":[{"@type":"SearchAction","target":{"@type":"EntryPoint","urlTemplate":"https:\/\/www.notibras.com\/site\/?s={search_term_string}"},"query-input":{"@type":"PropertyValueSpecification","valueRequired":true,"valueName":"search_term_string"}}],"inLanguage":"pt-BR"},{"@type":"Organization","@id":"https:\/\/www.notibras.com\/site\/#organization","name":"Grupo Notibras de Comunica\u00e7\u00e3o","url":"https:\/\/www.notibras.com\/site\/","logo":{"@type":"ImageObject","inLanguage":"pt-BR","@id":"https:\/\/www.notibras.com\/site\/#\/schema\/logo\/image\/","url":"https:\/\/www.notibras.com\/site\/wp-content\/uploads\/2023\/01\/notibras23.png","contentUrl":"https:\/\/www.notibras.com\/site\/wp-content\/uploads\/2023\/01\/notibras23.png","width":350,"height":87,"caption":"Grupo Notibras de Comunica\u00e7\u00e3o"},"image":{"@id":"https:\/\/www.notibras.com\/site\/#\/schema\/logo\/image\/"},"sameAs":["https:\/\/www.facebook.com\/notibras\/","https:\/\/x.com\/Notibras","https:\/\/www.instagram.com\/notibras\/"]},{"@type":"Person","@id":"https:\/\/www.notibras.com\/site\/#\/schema\/person\/36ab0979449956132d3e5b517ea76ac8","name":"Reda\u00e7\u00e3o","image":{"@type":"ImageObject","inLanguage":"pt-BR","@id":"https:\/\/secure.gravatar.com\/avatar\/e0a867bdedb85fd243eadf09663511f96fc81e0720a4a42581f334ad4303aa6b?s=96&d=mm&r=g","url":"https:\/\/secure.gravatar.com\/avatar\/e0a867bdedb85fd243eadf09663511f96fc81e0720a4a42581f334ad4303aa6b?s=96&d=mm&r=g","contentUrl":"https:\/\/secure.gravatar.com\/avatar\/e0a867bdedb85fd243eadf09663511f96fc81e0720a4a42581f334ad4303aa6b?s=96&d=mm&r=g","caption":"Reda\u00e7\u00e3o"}}]}},"amp_enabled":true,"_links":{"self":[{"href":"https:\/\/www.notibras.com\/site\/wp-json\/wp\/v2\/posts\/374084","targetHints":{"allow":["GET"]}}],"collection":[{"href":"https:\/\/www.notibras.com\/site\/wp-json\/wp\/v2\/posts"}],"about":[{"href":"https:\/\/www.notibras.com\/site\/wp-json\/wp\/v2\/types\/post"}],"author":[{"embeddable":true,"href":"https:\/\/www.notibras.com\/site\/wp-json\/wp\/v2\/users\/2"}],"replies":[{"embeddable":true,"href":"https:\/\/www.notibras.com\/site\/wp-json\/wp\/v2\/comments?post=374084"}],"version-history":[{"count":1,"href":"https:\/\/www.notibras.com\/site\/wp-json\/wp\/v2\/posts\/374084\/revisions"}],"predecessor-version":[{"id":374086,"href":"https:\/\/www.notibras.com\/site\/wp-json\/wp\/v2\/posts\/374084\/revisions\/374086"}],"wp:featuredmedia":[{"embeddable":true,"href":"https:\/\/www.notibras.com\/site\/wp-json\/wp\/v2\/media\/374085"}],"wp:attachment":[{"href":"https:\/\/www.notibras.com\/site\/wp-json\/wp\/v2\/media?parent=374084"}],"wp:term":[{"taxonomy":"category","embeddable":true,"href":"https:\/\/www.notibras.com\/site\/wp-json\/wp\/v2\/categories?post=374084"},{"taxonomy":"post_tag","embeddable":true,"href":"https:\/\/www.notibras.com\/site\/wp-json\/wp\/v2\/tags?post=374084"}],"curies":[{"name":"wp","href":"https:\/\/api.w.org\/{rel}","templated":true}]}}