{"id":374099,"date":"2025-12-09T08:09:19","date_gmt":"2025-12-09T11:09:19","guid":{"rendered":"https:\/\/www.notibras.com\/site\/?p=374099"},"modified":"2025-12-09T08:09:19","modified_gmt":"2025-12-09T11:09:19","slug":"ode-ao-orgulho-que-o-nordestino-carrega","status":"publish","type":"post","link":"https:\/\/www.notibras.com\/site\/ode-ao-orgulho-que-o-nordestino-carrega\/","title":{"rendered":"Ode ao orgulho que o nordestino carrega"},"content":{"rendered":"<p>Esse orgulho que carrego, eu jamais vou dividir \u2014<br \/>\nn\u00e3o por ego\u00edsmo, mas porque nasceu comigo,<br \/>\nveio grudado na pele, feito poeira de estrada<br \/>\nque o vento do sert\u00e3o n\u00e3o leva embora.<\/p>\n<p>A seca me deixou cego na maior dor que senti,<br \/>\nmas tamb\u00e9m me ensinou a enxergar por dentro:<br \/>\na medir o mundo pela coragem,<br \/>\na pesar a vida pelo tanto de f\u00e9,<br \/>\na reconhecer grandeza at\u00e9 no ch\u00e3o rachado.<\/p>\n<p>\u00c9 duro, mas n\u00e3o entrego.<br \/>\nE se o destino aperta, eu aperto junto,<br \/>\nporque nordestino n\u00e3o se curva:<br \/>\narriado, s\u00f3 o jumento;<br \/>\ngente daqui \u00e9 de coluna inteira,<br \/>\nmesmo quando o dia pesa mais que o sol.<br \/>\nE uma coisa que n\u00e3o nego<br \/>\n\u2014 nem quero, nem posso \u2014<br \/>\n\u00e9 a terra onde eu nasci.<\/p>\n<p>Terra de espinhos que viram flor,<br \/>\nde chuva que quando vem \u00e9 festa,<br \/>\nde gente que faz da luta um of\u00edcio<br \/>\ne da esperan\u00e7a um costume antigo.<br \/>\nNo Nordeste, o orgulho n\u00e3o \u00e9 escolha:<br \/>\n\u00e9 raiz.<\/p>\n<p>\u00c9 bandeira que se carrega no peito<br \/>\nmesmo quando falta quase tudo.<\/p>\n<p>\u00c9 a certeza teimosa<br \/>\nde que quem nasce aqui<br \/>\naprende cedo a ser forte<br \/>\npara nunca deixar de ser grande.<\/p>\n","protected":false},"excerpt":{"rendered":"<p>Esse orgulho que carrego, eu jamais vou dividir \u2014 n\u00e3o por ego\u00edsmo, mas porque nasceu comigo, veio grudado na pele, feito poeira de estrada que o vento do sert\u00e3o n\u00e3o leva embora. A seca me deixou cego na maior dor que senti, mas tamb\u00e9m me ensinou a enxergar por dentro: a medir o mundo pela [&hellip;]<\/p>\n","protected":false},"author":2,"featured_media":374100,"comment_status":"closed","ping_status":"closed","sticky":false,"template":"","format":"standard","meta":{"_acf_changed":false,"footnotes":""},"categories":[165],"tags":[],"class_list":["post-374099","post","type-post","status-publish","format-standard","has-post-thumbnail","hentry","category-nordeste"],"acf":[],"_links":{"self":[{"href":"https:\/\/www.notibras.com\/site\/wp-json\/wp\/v2\/posts\/374099","targetHints":{"allow":["GET"]}}],"collection":[{"href":"https:\/\/www.notibras.com\/site\/wp-json\/wp\/v2\/posts"}],"about":[{"href":"https:\/\/www.notibras.com\/site\/wp-json\/wp\/v2\/types\/post"}],"author":[{"embeddable":true,"href":"https:\/\/www.notibras.com\/site\/wp-json\/wp\/v2\/users\/2"}],"replies":[{"embeddable":true,"href":"https:\/\/www.notibras.com\/site\/wp-json\/wp\/v2\/comments?post=374099"}],"version-history":[{"count":1,"href":"https:\/\/www.notibras.com\/site\/wp-json\/wp\/v2\/posts\/374099\/revisions"}],"predecessor-version":[{"id":374101,"href":"https:\/\/www.notibras.com\/site\/wp-json\/wp\/v2\/posts\/374099\/revisions\/374101"}],"wp:featuredmedia":[{"embeddable":true,"href":"https:\/\/www.notibras.com\/site\/wp-json\/wp\/v2\/media\/374100"}],"wp:attachment":[{"href":"https:\/\/www.notibras.com\/site\/wp-json\/wp\/v2\/media?parent=374099"}],"wp:term":[{"taxonomy":"category","embeddable":true,"href":"https:\/\/www.notibras.com\/site\/wp-json\/wp\/v2\/categories?post=374099"},{"taxonomy":"post_tag","embeddable":true,"href":"https:\/\/www.notibras.com\/site\/wp-json\/wp\/v2\/tags?post=374099"}],"curies":[{"name":"wp","href":"https:\/\/api.w.org\/{rel}","templated":true}]}}