{"id":374106,"date":"2025-12-09T13:26:45","date_gmt":"2025-12-09T16:26:45","guid":{"rendered":"https:\/\/www.notibras.com\/site\/?p=374106"},"modified":"2025-12-09T13:31:33","modified_gmt":"2025-12-09T16:31:33","slug":"melhor-presente-de-natal-a-brasileiros-seria-livrar-pais-dos-tiranos","status":"publish","type":"post","link":"https:\/\/www.notibras.com\/site\/melhor-presente-de-natal-a-brasileiros-seria-livrar-pais-dos-tiranos\/","title":{"rendered":"Melhor presente de Natal a brasileiros seria livrar pa\u00eds dos tiranos"},"content":{"rendered":"<p>A cartinha que enviei nesta ter\u00e7a (9) a Papai Noel tem exatamente uma lauda antiga de jornal, isto \u00e9, 30 linhas. S\u00e3o cerca de 2.100 toques, tamb\u00e9m conhecidos por caracteres. Sou antigo, mas ainda acredito no lend\u00e1rio simbolismo de Santa Claus. N\u00e3o pedi nada pessoal ao bom velhinho, mas, aproveitando o Natal, per\u00edodo de paz e solidariedade entre os povos, achei que era hora de reivindicar um Brasil melhor para todos os verdadeiros patriotas.<\/p>\n<p>Meu pedido \u00e9 abrangente. Entretanto, na converg\u00eancia, ele tem o mesmo objetivo. Como todo bom brasileiro, vou colocar minha botina na janela e rezar para ser atendido. N\u00e3o quero nada por agora. Tudo que pedi \u00e9 para 2026, mais precisamente para outubro do ano que vem. Al\u00e9m da perenidade democr\u00e1tica, tor\u00e7o para que sejam eleitos deputados e senadores menos bandidos e mais preocupados com as mazelas da popula\u00e7\u00e3o e, principalmente, para que o pr\u00f3ximo governante nos fa\u00e7a esquecer definitivamente daqueles que um dia tentaram nos for\u00e7ar a tirania.<\/p>\n<p>Meu caro Papai Noel, se tiver tempo, cobre dos ministros dos tribunais superiores menos vaidade, mais respeito \u00e0 liturgia do cargo e votos capazes de atender exclusivamente aos anseios da sociedade e n\u00e3o de grupos que eventualmente lhes tragam benef\u00edcios informais, pessoais, festivos ou financeiros. Por fim, Santa Claus, \u00e9 de bom alvitre o senhor ter um embargo auricular espiritual com cada um dos cerca de 160 milh\u00f5es de eleitores. Diga a eles que o voto mais importante \u00e9 o voto consciente, pois ele reflete sua liberdade de pensar.<\/p>\n<p>Nesse apelo natalino, sugiro, caso haja necessidade, que o eleitorado nacional, inclusive o missivista, seja informado que a mudan\u00e7a pol\u00edtica s\u00f3 ocorrer\u00e1 se n\u00f3s tivermos consci\u00eancia de que nosso voto faz a diferen\u00e7a, que ele \u00e9 a principal arma para elegermos pol\u00edticos honestos. Na pr\u00e1tica, o clique final na urna eletr\u00f4nica significar\u00e1 a senten\u00e7a para um pol\u00edtico corrupto. Seu lembrete deve ser estendido aos homens p\u00fablicos dos Tr\u00eas Poderes.<\/p>\n<p>Papai Noel, apenas para tergiversar, penso que passou o tempo da politicagem interesseira e de decis\u00f5es judiciais personalizadas. Hoje, o compromisso de quem se elegeu presidente da Rep\u00fablica, governador, senador, deputado federal, estadual e distrital \u00e9 com o combate ao crime organizado, infelizmente instalado e enraizado em todos os setores da vida p\u00fablica. Dois fatos recent\u00edssimos motivaram meus apelos a Santa Claus. O principal deles foi o corporativismo da Assembleia Legislativa do Rio de Janeiro.<\/p>\n<p>Por maioria absoluta de votos, os deputados locais revogaram a pris\u00e3o do presidente da Casa, Rodrigo Bacellar, suspeito de ter vazado informa\u00e7\u00f5es sigilosas de uma opera\u00e7\u00e3o contra a fac\u00e7\u00e3o Comando Vermelho para proteger o ent\u00e3o deputado TH J\u00f3ias, preso por sua liga\u00e7\u00e3o com o CV. \u00c9 o banditismo votando a favor da bandidagem. A frustrada PEC da Blindagem teria o mesmo objetivo alcan\u00e7ado pelo PL Antifac\u00e7\u00e3o, relatado pelo Capit\u00e3o Derrite, a pedido pessoal do governador de S\u00e3o Paulo, Tarc\u00edsio de Freitas. Tudo em nome do liberou geral.<\/p>\n<p>Tamb\u00e9m me causou estranheza o fato de o ministro Dias Toffoli ter levado para seu gabinete um inqu\u00e9rito de fraudes de R$ 12 bilh\u00f5es do Banco Master. Seria normal, n\u00e3o fosse a anormalidade da participa\u00e7\u00e3o do ministro em um evento jur\u00eddico patrocinado pelo banco em Londres e da viagem em jato privado \u00e0 Lima, onde o magistrado assistiu \u00e0 final da Libertadores ao lado de um advogado do Master. \u00c9 aquela velha hist\u00f3ria de que, ao contr\u00e1rio dos ju\u00edzes que se acham deuses, os ministros do STF t\u00eam certeza de que s\u00e3o. Papai Noel, pelo amor de todos os santos, diga a esse tipo de Deus que, deuses ou n\u00e3o, n\u00f3s, os mantenedores das divindades ocultas, merecemos respeito. Santa Claus, nos livre desses mo\u00e7os que querem tomar conta do Brasil.<\/p>\n<p>&#8230;&#8230;&#8230;..<\/p>\n<p><strong>Misael Igreja \u00e9 analista de Notibras para assuntos pol\u00edticos, econ\u00f4micos e sociais<\/strong><\/p>\n","protected":false},"excerpt":{"rendered":"<p>A cartinha que enviei nesta ter\u00e7a (9) a Papai Noel tem exatamente uma lauda antiga de jornal, isto \u00e9, 30 linhas. S\u00e3o cerca de 2.100 toques, tamb\u00e9m conhecidos por caracteres. Sou antigo, mas ainda acredito no lend\u00e1rio simbolismo de Santa Claus. N\u00e3o pedi nada pessoal ao bom velhinho, mas, aproveitando o Natal, per\u00edodo de paz [&hellip;]<\/p>\n","protected":false},"author":2,"featured_media":374107,"comment_status":"closed","ping_status":"closed","sticky":false,"template":"","format":"standard","meta":{"_acf_changed":false,"footnotes":""},"categories":[16],"tags":[95],"class_list":["post-374106","post","type-post","status-publish","format-standard","has-post-thumbnail","hentry","category-brasil","tag-capa"],"acf":[],"_links":{"self":[{"href":"https:\/\/www.notibras.com\/site\/wp-json\/wp\/v2\/posts\/374106","targetHints":{"allow":["GET"]}}],"collection":[{"href":"https:\/\/www.notibras.com\/site\/wp-json\/wp\/v2\/posts"}],"about":[{"href":"https:\/\/www.notibras.com\/site\/wp-json\/wp\/v2\/types\/post"}],"author":[{"embeddable":true,"href":"https:\/\/www.notibras.com\/site\/wp-json\/wp\/v2\/users\/2"}],"replies":[{"embeddable":true,"href":"https:\/\/www.notibras.com\/site\/wp-json\/wp\/v2\/comments?post=374106"}],"version-history":[{"count":6,"href":"https:\/\/www.notibras.com\/site\/wp-json\/wp\/v2\/posts\/374106\/revisions"}],"predecessor-version":[{"id":374113,"href":"https:\/\/www.notibras.com\/site\/wp-json\/wp\/v2\/posts\/374106\/revisions\/374113"}],"wp:featuredmedia":[{"embeddable":true,"href":"https:\/\/www.notibras.com\/site\/wp-json\/wp\/v2\/media\/374107"}],"wp:attachment":[{"href":"https:\/\/www.notibras.com\/site\/wp-json\/wp\/v2\/media?parent=374106"}],"wp:term":[{"taxonomy":"category","embeddable":true,"href":"https:\/\/www.notibras.com\/site\/wp-json\/wp\/v2\/categories?post=374106"},{"taxonomy":"post_tag","embeddable":true,"href":"https:\/\/www.notibras.com\/site\/wp-json\/wp\/v2\/tags?post=374106"}],"curies":[{"name":"wp","href":"https:\/\/api.w.org\/{rel}","templated":true}]}}