{"id":374158,"date":"2025-12-10T00:15:18","date_gmt":"2025-12-10T03:15:18","guid":{"rendered":"https:\/\/www.notibras.com\/site\/?p=374158"},"modified":"2025-12-09T21:33:18","modified_gmt":"2025-12-10T00:33:18","slug":"pavimentacao-da-avenida-zumbi-dos-palmares-melhora-mobilidade","status":"publish","type":"post","link":"https:\/\/www.notibras.com\/site\/pavimentacao-da-avenida-zumbi-dos-palmares-melhora-mobilidade\/","title":{"rendered":"Pavimenta\u00e7\u00e3o da Avenida Zumbi dos Palmares melhora mobilidade"},"content":{"rendered":"<p>O administrador de S\u00e3o Sebasti\u00e3o, Roberto Medeiros, explicou a relev\u00e2ncia da pavimenta\u00e7\u00e3o para a expans\u00e3o do bairro e para a circula\u00e7\u00e3o de servi\u00e7os essenciais. \u201cAl\u00e9m do bairro ter crescido muito, essa avenida principal est\u00e1 tendo v\u00e1rias constru\u00e7\u00f5es de galp\u00f5es e novos com\u00e9rcios. A popula\u00e7\u00e3o est\u00e1 empreendendo muito por aqui.\u201d O gestor tamb\u00e9m apontou a avenida como uma das principais vias da cidade: \u201cEla come\u00e7a na liga\u00e7\u00e3o com a DF-473, atravessa toda avenida e liga na avenida que desce para o Morro da Cruz, na curva conhecida por Curva do Bast\u00e3o. At\u00e9 l\u00e1 j\u00e1 est\u00e1 asfaltada, falta esse trecho de que estamos trabalhando\u201d, explica.<\/p>\n<p>O novo trecho asfaltado beneficiar\u00e1 mais de 10 mil moradores, al\u00e9m de impactar diretamente o fluxo do transporte escolar e das linhas circulares que integram o bairro ao sistema rodovi\u00e1rio \u2014 incluindo Zebrinhas. \u201cEssa obra \u00e9 essencial para a linha do transporte escolar. Quando chovia, era muita lama e na \u00e9poca da poeira as crian\u00e7as ficavam em abrigos esperando. O benef\u00edcio da pavimenta\u00e7\u00e3o com massa asf\u00e1ltica \u00e9 grande para toda a comunidade, \u00e9 mais conforto\u201d, acrescentou o administrador.<\/p>\n<p><strong>Voz da comunidade<\/strong><\/p>\n<p>A pavimenta\u00e7\u00e3o j\u00e1 come\u00e7a a transformar a rotina local. A feirante Izabel Dourado Silva Leite, de 57 anos, relatou impacto direto no seu dia a dia: \u201cVai fazer muita diferen\u00e7a. Os Zebrinhas e transportes escolares passando melhor, s\u00f3 de sair dessa lama \u00e9 uma b\u00ean\u00e7\u00e3o. Na \u00e9poca da poeira \u00e9 dif\u00edcil demais, ent\u00e3o essa obra \u00e9 muito importante, n\u00e3o tem como falar que n\u00e3o \u00e9.\u201d<\/p>\n<p>A dona de casa Raquel Costa, de 40 anos, tamb\u00e9m descreveu a expectativa de mudan\u00e7a para a sa\u00fade e a organiza\u00e7\u00e3o da casa: \u201cA poeira aqui era imensa, crian\u00e7as com problemas respirat\u00f3rios n\u00e3o paravam saud\u00e1veis. Esse asfalto \u00e9 uma mudan\u00e7a total na nossa vida. A gente pode manter os m\u00f3veis mais limpos, \u00e9 s\u00f3 felicidade\u201d, comemora a moradora da regi\u00e3o.<\/p>\n","protected":false},"excerpt":{"rendered":"<p>O administrador de S\u00e3o Sebasti\u00e3o, Roberto Medeiros, explicou a relev\u00e2ncia da pavimenta\u00e7\u00e3o para a expans\u00e3o do bairro e para a circula\u00e7\u00e3o de servi\u00e7os essenciais. \u201cAl\u00e9m do bairro ter crescido muito, essa avenida principal est\u00e1 tendo v\u00e1rias constru\u00e7\u00f5es de galp\u00f5es e novos com\u00e9rcios. A popula\u00e7\u00e3o est\u00e1 empreendendo muito por aqui.\u201d O gestor tamb\u00e9m apontou a avenida [&hellip;]<\/p>\n","protected":false},"author":21,"featured_media":374159,"comment_status":"closed","ping_status":"closed","sticky":false,"template":"","format":"standard","meta":{"_acf_changed":false,"footnotes":""},"categories":[161],"tags":[],"class_list":["post-374158","post","type-post","status-publish","format-standard","has-post-thumbnail","hentry","category-quadradinho-em-foco"],"acf":[],"_links":{"self":[{"href":"https:\/\/www.notibras.com\/site\/wp-json\/wp\/v2\/posts\/374158","targetHints":{"allow":["GET"]}}],"collection":[{"href":"https:\/\/www.notibras.com\/site\/wp-json\/wp\/v2\/posts"}],"about":[{"href":"https:\/\/www.notibras.com\/site\/wp-json\/wp\/v2\/types\/post"}],"author":[{"embeddable":true,"href":"https:\/\/www.notibras.com\/site\/wp-json\/wp\/v2\/users\/21"}],"replies":[{"embeddable":true,"href":"https:\/\/www.notibras.com\/site\/wp-json\/wp\/v2\/comments?post=374158"}],"version-history":[{"count":4,"href":"https:\/\/www.notibras.com\/site\/wp-json\/wp\/v2\/posts\/374158\/revisions"}],"predecessor-version":[{"id":374163,"href":"https:\/\/www.notibras.com\/site\/wp-json\/wp\/v2\/posts\/374158\/revisions\/374163"}],"wp:featuredmedia":[{"embeddable":true,"href":"https:\/\/www.notibras.com\/site\/wp-json\/wp\/v2\/media\/374159"}],"wp:attachment":[{"href":"https:\/\/www.notibras.com\/site\/wp-json\/wp\/v2\/media?parent=374158"}],"wp:term":[{"taxonomy":"category","embeddable":true,"href":"https:\/\/www.notibras.com\/site\/wp-json\/wp\/v2\/categories?post=374158"},{"taxonomy":"post_tag","embeddable":true,"href":"https:\/\/www.notibras.com\/site\/wp-json\/wp\/v2\/tags?post=374158"}],"curies":[{"name":"wp","href":"https:\/\/api.w.org\/{rel}","templated":true}]}}