{"id":374164,"date":"2025-12-10T00:30:59","date_gmt":"2025-12-10T03:30:59","guid":{"rendered":"https:\/\/www.notibras.com\/site\/?p=374164"},"modified":"2025-12-09T21:37:55","modified_gmt":"2025-12-10T00:37:55","slug":"praca-do-buriti-ficara-sem-energia-eletrica-nesta-quarta-10","status":"publish","type":"post","link":"https:\/\/www.notibras.com\/site\/praca-do-buriti-ficara-sem-energia-eletrica-nesta-quarta-10\/","title":{"rendered":"Pra\u00e7a do Buriti ficar\u00e1 sem energia el\u00e9trica nesta quarta (10)"},"content":{"rendered":"<p>A companhia Neoenergia far\u00e1 uma benfeitoria na rede el\u00e9trica, nesta quarta-feira (10), na Pra\u00e7a do Buriti, em frente ao Memorial JK. Os servi\u00e7os v\u00e3o causar a interrup\u00e7\u00e3o de energia, entre as 9h e as 15h, para a seguran\u00e7a das equipes que fazem os trabalhos.<\/p>\n<p>Caso o trabalho termine antes do previsto, a rede voltar\u00e1 a ser energizada sem aviso pr\u00e9vio. Al\u00e9m dos desligamentos programados, pode ocorrer de acabar a energia em alguma regi\u00e3o, sem comunica\u00e7\u00e3o pr\u00e9via. Nesses casos, a popula\u00e7\u00e3o pode registrar a ocorr\u00eancia pelo telefone 116. Clientes com defici\u00eancia auditiva e de fala podem acessar o atendimento pelo 0800 701 01 55, desde que utilizem aparelho adaptado.<\/p>\n","protected":false},"excerpt":{"rendered":"<p>A companhia Neoenergia far\u00e1 uma benfeitoria na rede el\u00e9trica, nesta quarta-feira (10), na Pra\u00e7a do Buriti, em frente ao Memorial JK. Os servi\u00e7os v\u00e3o causar a interrup\u00e7\u00e3o de energia, entre as 9h e as 15h, para a seguran\u00e7a das equipes que fazem os trabalhos. Caso o trabalho termine antes do previsto, a rede voltar\u00e1 a [&hellip;]<\/p>\n","protected":false},"author":21,"featured_media":374166,"comment_status":"closed","ping_status":"closed","sticky":false,"template":"","format":"standard","meta":{"_acf_changed":false,"footnotes":""},"categories":[161],"tags":[],"class_list":["post-374164","post","type-post","status-publish","format-standard","has-post-thumbnail","hentry","category-quadradinho-em-foco"],"acf":[],"_links":{"self":[{"href":"https:\/\/www.notibras.com\/site\/wp-json\/wp\/v2\/posts\/374164","targetHints":{"allow":["GET"]}}],"collection":[{"href":"https:\/\/www.notibras.com\/site\/wp-json\/wp\/v2\/posts"}],"about":[{"href":"https:\/\/www.notibras.com\/site\/wp-json\/wp\/v2\/types\/post"}],"author":[{"embeddable":true,"href":"https:\/\/www.notibras.com\/site\/wp-json\/wp\/v2\/users\/21"}],"replies":[{"embeddable":true,"href":"https:\/\/www.notibras.com\/site\/wp-json\/wp\/v2\/comments?post=374164"}],"version-history":[{"count":3,"href":"https:\/\/www.notibras.com\/site\/wp-json\/wp\/v2\/posts\/374164\/revisions"}],"predecessor-version":[{"id":374168,"href":"https:\/\/www.notibras.com\/site\/wp-json\/wp\/v2\/posts\/374164\/revisions\/374168"}],"wp:featuredmedia":[{"embeddable":true,"href":"https:\/\/www.notibras.com\/site\/wp-json\/wp\/v2\/media\/374166"}],"wp:attachment":[{"href":"https:\/\/www.notibras.com\/site\/wp-json\/wp\/v2\/media?parent=374164"}],"wp:term":[{"taxonomy":"category","embeddable":true,"href":"https:\/\/www.notibras.com\/site\/wp-json\/wp\/v2\/categories?post=374164"},{"taxonomy":"post_tag","embeddable":true,"href":"https:\/\/www.notibras.com\/site\/wp-json\/wp\/v2\/tags?post=374164"}],"curies":[{"name":"wp","href":"https:\/\/api.w.org\/{rel}","templated":true}]}}