{"id":374169,"date":"2025-12-10T00:45:17","date_gmt":"2025-12-10T03:45:17","guid":{"rendered":"https:\/\/www.notibras.com\/site\/?p=374169"},"modified":"2025-12-09T21:46:12","modified_gmt":"2025-12-10T00:46:12","slug":"hran-ira-receber-forca-tarefa-para-diagnostico-de-cancer-de-pele","status":"publish","type":"post","link":"https:\/\/www.notibras.com\/site\/hran-ira-receber-forca-tarefa-para-diagnostico-de-cancer-de-pele\/","title":{"rendered":"Hran ir\u00e1 receber For\u00e7a-tarefa para diagn\u00f3stico de c\u00e2ncer de pele"},"content":{"rendered":"<p>O Hospital Regional da Asa Norte (Hran) recebe, neste s\u00e1bado (13), uma a\u00e7\u00e3o da campanha Dezembro Laranja, m\u00eas de conscientiza\u00e7\u00e3o sobre o c\u00e2ncer de pele. A for\u00e7a-tarefa busca diagnosticar e orientar a respeito da doen\u00e7a, de cuidados preventivos e de tratamentos. O ambulat\u00f3rio da unidade vai atender das 9h \u00e0s 15h. Haver\u00e1 distribui\u00e7\u00e3o de senhas, de acordo com a ordem de chegada.<\/p>\n<p>A iniciativa \u00e9 da Sociedade Brasileira de Dermatologia (SBD), que articula assist\u00eancia gratuita em diversas capitais do pa\u00eds. No Distrito Federal, ser\u00e3o feitos cerca de 600 atendimentos, realizados por m\u00e9dicos dermatologistas volunt\u00e1rios e associados \u00e0 SBD.<\/p>\n<p>Os pacientes com suspeita diagn\u00f3stica de c\u00e2ncer de pele poder\u00e3o ser submetidos \u00e0 cirurgia no mesmo dia, mediante disponibilidade de material e da equipe de profissionais. Aqueles com diagn\u00f3stico positivo para a doen\u00e7a e que n\u00e3o forem operados no mesmo dia ter\u00e3o os procedimentos agendados pela equipe da dermatologia do Hran e do Hospital Universit\u00e1rio de Bras\u00edlia (HUB).<\/p>\n<p><strong>Dezembro Laranja<\/strong><\/p>\n<p>A campanha Dezembro Laranja alerta para a realiza\u00e7\u00e3o de exames anuais com um m\u00e9dico dermatologista, a fim de identificar precocemente les\u00f5es provocadas pelo c\u00e2ncer de pele. A campanha ocorre no m\u00eas de in\u00edcio do ver\u00e3o, quando a exposi\u00e7\u00e3o ao sol aumenta.<\/p>\n<p>Entre os sintomas de alerta para o c\u00e2ncer de pele est\u00e3o: manchas que co\u00e7am, ardem, descamam ou sangram; sinais ou pintas que mudam de tamanho, forma ou cor; e feridas dif\u00edceis de cicatrizar.<\/p>\n<p>O c\u00e2ncer de pele \u00e9 o mais frequente tipo de c\u00e2ncer no Brasil e no mundo. A doen\u00e7a provoca um crescimento anormal e descontrolado das c\u00e9lulas e representa 30% de todos os diagn\u00f3sticos que acometem a pele. Segundo o Instituto Nacional de C\u00e2ncer (Inca), a estimativa nacional para o tri\u00eanio de 2023 a 2025 aponta para 704 mil casos novos.<\/p>\n<p>O uso de protetor contra as radia\u00e7\u00f5es UVA e UVB e fator de prote\u00e7\u00e3o solar (FPS) m\u00ednimo de 30 \u00e9 uma das principais medidas preventivas. Al\u00e9m disso, roupas com prote\u00e7\u00e3o UV e chap\u00e9us de abas largas podem ser grandes aliados.<\/p>\n<p><strong>Servi\u00e7o<\/strong><\/p>\n<p>For\u00e7a-tarefa para diagn\u00f3stico de c\u00e2ncer de pele no Hran<\/p>\n<p>Data: s\u00e1bado (13)<\/p>\n<p>Local: ambulat\u00f3rio do Hospital Regional da Asa Norte (Hran)<\/p>\n<p>Hor\u00e1rio: 9h \u00e0s 15h (atendimento por ordem de chegada)<\/p>\n","protected":false},"excerpt":{"rendered":"<p>O Hospital Regional da Asa Norte (Hran) recebe, neste s\u00e1bado (13), uma a\u00e7\u00e3o da campanha Dezembro Laranja, m\u00eas de conscientiza\u00e7\u00e3o sobre o c\u00e2ncer de pele. A for\u00e7a-tarefa busca diagnosticar e orientar a respeito da doen\u00e7a, de cuidados preventivos e de tratamentos. O ambulat\u00f3rio da unidade vai atender das 9h \u00e0s 15h. Haver\u00e1 distribui\u00e7\u00e3o de senhas, [&hellip;]<\/p>\n","protected":false},"author":21,"featured_media":374170,"comment_status":"closed","ping_status":"closed","sticky":false,"template":"","format":"standard","meta":{"_acf_changed":false,"footnotes":""},"categories":[161],"tags":[],"class_list":["post-374169","post","type-post","status-publish","format-standard","has-post-thumbnail","hentry","category-quadradinho-em-foco"],"acf":[],"yoast_head":"<!-- This site is optimized with the Yoast SEO plugin v27.5 - https:\/\/yoast.com\/product\/yoast-seo-wordpress\/ -->\n<title>Hran ir\u00e1 receber For\u00e7a-tarefa para diagn\u00f3stico de c\u00e2ncer de pele - Notibras<\/title>\n<meta name=\"robots\" content=\"index, follow, max-snippet:-1, max-image-preview:large, max-video-preview:-1\" \/>\n<link rel=\"canonical\" href=\"https:\/\/www.notibras.com\/site\/hran-ira-receber-forca-tarefa-para-diagnostico-de-cancer-de-pele\/\" \/>\n<meta property=\"og:locale\" content=\"pt_BR\" \/>\n<meta property=\"og:type\" content=\"article\" \/>\n<meta property=\"og:title\" content=\"Hran ir\u00e1 receber For\u00e7a-tarefa para diagn\u00f3stico de c\u00e2ncer de pele - Notibras\" \/>\n<meta property=\"og:description\" content=\"O Hospital Regional da Asa Norte (Hran) recebe, neste s\u00e1bado (13), uma a\u00e7\u00e3o da campanha Dezembro Laranja, m\u00eas de conscientiza\u00e7\u00e3o sobre o c\u00e2ncer de pele. A for\u00e7a-tarefa busca diagnosticar e orientar a respeito da doen\u00e7a, de cuidados preventivos e de tratamentos. O ambulat\u00f3rio da unidade vai atender das 9h \u00e0s 15h. Haver\u00e1 distribui\u00e7\u00e3o de senhas, [&hellip;]\" \/>\n<meta property=\"og:url\" content=\"https:\/\/www.notibras.com\/site\/hran-ira-receber-forca-tarefa-para-diagnostico-de-cancer-de-pele\/\" \/>\n<meta property=\"og:site_name\" content=\"Notibras\" \/>\n<meta property=\"article:publisher\" content=\"https:\/\/www.facebook.com\/notibras\/\" \/>\n<meta property=\"article:published_time\" content=\"2025-12-10T03:45:17+00:00\" \/>\n<meta property=\"og:image\" content=\"https:\/\/www.notibras.com\/site\/wp-content\/uploads\/2025\/12\/Fachada_HRAN_FOTO_SANDRO_ARAUJO-1.jpg\" \/>\n\t<meta property=\"og:image:width\" content=\"1920\" \/>\n\t<meta property=\"og:image:height\" content=\"1280\" \/>\n\t<meta property=\"og:image:type\" content=\"image\/jpeg\" \/>\n<meta name=\"author\" content=\"Eduardo Mart\u00ednez\" \/>\n<meta name=\"twitter:card\" content=\"summary_large_image\" \/>\n<meta name=\"twitter:creator\" content=\"@Notibras\" \/>\n<meta name=\"twitter:site\" content=\"@Notibras\" \/>\n<meta name=\"twitter:label1\" content=\"Escrito por\" \/>\n\t<meta name=\"twitter:data1\" content=\"Eduardo Mart\u00ednez\" \/>\n\t<meta name=\"twitter:label2\" content=\"Est. tempo de leitura\" \/>\n\t<meta name=\"twitter:data2\" content=\"3 minutos\" \/>\n<script type=\"application\/ld+json\" class=\"yoast-schema-graph\">{\"@context\":\"https:\\\/\\\/schema.org\",\"@graph\":[{\"@type\":\"Article\",\"@id\":\"https:\\\/\\\/www.notibras.com\\\/site\\\/hran-ira-receber-forca-tarefa-para-diagnostico-de-cancer-de-pele\\\/#article\",\"isPartOf\":{\"@id\":\"https:\\\/\\\/www.notibras.com\\\/site\\\/hran-ira-receber-forca-tarefa-para-diagnostico-de-cancer-de-pele\\\/\"},\"author\":{\"name\":\"Eduardo Mart\u00ednez\",\"@id\":\"https:\\\/\\\/www.notibras.com\\\/site\\\/#\\\/schema\\\/person\\\/5b7fabf2aedc3ada2105f03b22b4d3dd\"},\"headline\":\"Hran ir\u00e1 receber For\u00e7a-tarefa para diagn\u00f3stico de c\u00e2ncer de pele\",\"datePublished\":\"2025-12-10T03:45:17+00:00\",\"mainEntityOfPage\":{\"@id\":\"https:\\\/\\\/www.notibras.com\\\/site\\\/hran-ira-receber-forca-tarefa-para-diagnostico-de-cancer-de-pele\\\/\"},\"wordCount\":418,\"publisher\":{\"@id\":\"https:\\\/\\\/www.notibras.com\\\/site\\\/#organization\"},\"image\":{\"@id\":\"https:\\\/\\\/www.notibras.com\\\/site\\\/hran-ira-receber-forca-tarefa-para-diagnostico-de-cancer-de-pele\\\/#primaryimage\"},\"thumbnailUrl\":\"https:\\\/\\\/www.notibras.com\\\/site\\\/wp-content\\\/uploads\\\/2025\\\/12\\\/Fachada_HRAN_FOTO_SANDRO_ARAUJO-1.jpg\",\"articleSection\":[\"Quadradinho em Foco\"],\"inLanguage\":\"pt-BR\"},{\"@type\":\"WebPage\",\"@id\":\"https:\\\/\\\/www.notibras.com\\\/site\\\/hran-ira-receber-forca-tarefa-para-diagnostico-de-cancer-de-pele\\\/\",\"url\":\"https:\\\/\\\/www.notibras.com\\\/site\\\/hran-ira-receber-forca-tarefa-para-diagnostico-de-cancer-de-pele\\\/\",\"name\":\"Hran ir\u00e1 receber For\u00e7a-tarefa para diagn\u00f3stico de c\u00e2ncer de pele - Notibras\",\"isPartOf\":{\"@id\":\"https:\\\/\\\/www.notibras.com\\\/site\\\/#website\"},\"primaryImageOfPage\":{\"@id\":\"https:\\\/\\\/www.notibras.com\\\/site\\\/hran-ira-receber-forca-tarefa-para-diagnostico-de-cancer-de-pele\\\/#primaryimage\"},\"image\":{\"@id\":\"https:\\\/\\\/www.notibras.com\\\/site\\\/hran-ira-receber-forca-tarefa-para-diagnostico-de-cancer-de-pele\\\/#primaryimage\"},\"thumbnailUrl\":\"https:\\\/\\\/www.notibras.com\\\/site\\\/wp-content\\\/uploads\\\/2025\\\/12\\\/Fachada_HRAN_FOTO_SANDRO_ARAUJO-1.jpg\",\"datePublished\":\"2025-12-10T03:45:17+00:00\",\"breadcrumb\":{\"@id\":\"https:\\\/\\\/www.notibras.com\\\/site\\\/hran-ira-receber-forca-tarefa-para-diagnostico-de-cancer-de-pele\\\/#breadcrumb\"},\"inLanguage\":\"pt-BR\",\"potentialAction\":[{\"@type\":\"ReadAction\",\"target\":[\"https:\\\/\\\/www.notibras.com\\\/site\\\/hran-ira-receber-forca-tarefa-para-diagnostico-de-cancer-de-pele\\\/\"]}]},{\"@type\":\"ImageObject\",\"inLanguage\":\"pt-BR\",\"@id\":\"https:\\\/\\\/www.notibras.com\\\/site\\\/hran-ira-receber-forca-tarefa-para-diagnostico-de-cancer-de-pele\\\/#primaryimage\",\"url\":\"https:\\\/\\\/www.notibras.com\\\/site\\\/wp-content\\\/uploads\\\/2025\\\/12\\\/Fachada_HRAN_FOTO_SANDRO_ARAUJO-1.jpg\",\"contentUrl\":\"https:\\\/\\\/www.notibras.com\\\/site\\\/wp-content\\\/uploads\\\/2025\\\/12\\\/Fachada_HRAN_FOTO_SANDRO_ARAUJO-1.jpg\",\"width\":1920,\"height\":1280},{\"@type\":\"BreadcrumbList\",\"@id\":\"https:\\\/\\\/www.notibras.com\\\/site\\\/hran-ira-receber-forca-tarefa-para-diagnostico-de-cancer-de-pele\\\/#breadcrumb\",\"itemListElement\":[{\"@type\":\"ListItem\",\"position\":1,\"name\":\"In\u00edcio\",\"item\":\"https:\\\/\\\/www.notibras.com\\\/site\\\/\"},{\"@type\":\"ListItem\",\"position\":2,\"name\":\"Hran ir\u00e1 receber For\u00e7a-tarefa para diagn\u00f3stico de c\u00e2ncer de pele\"}]},{\"@type\":\"WebSite\",\"@id\":\"https:\\\/\\\/www.notibras.com\\\/site\\\/#website\",\"url\":\"https:\\\/\\\/www.notibras.com\\\/site\\\/\",\"name\":\"Notibras\",\"description\":\"Not\u00edcias de Bras\u00edlia, do Brasil e do Mundo\",\"publisher\":{\"@id\":\"https:\\\/\\\/www.notibras.com\\\/site\\\/#organization\"},\"potentialAction\":[{\"@type\":\"SearchAction\",\"target\":{\"@type\":\"EntryPoint\",\"urlTemplate\":\"https:\\\/\\\/www.notibras.com\\\/site\\\/?s={search_term_string}\"},\"query-input\":{\"@type\":\"PropertyValueSpecification\",\"valueRequired\":true,\"valueName\":\"search_term_string\"}}],\"inLanguage\":\"pt-BR\"},{\"@type\":\"Organization\",\"@id\":\"https:\\\/\\\/www.notibras.com\\\/site\\\/#organization\",\"name\":\"Grupo Notibras de Comunica\u00e7\u00e3o\",\"url\":\"https:\\\/\\\/www.notibras.com\\\/site\\\/\",\"logo\":{\"@type\":\"ImageObject\",\"inLanguage\":\"pt-BR\",\"@id\":\"https:\\\/\\\/www.notibras.com\\\/site\\\/#\\\/schema\\\/logo\\\/image\\\/\",\"url\":\"https:\\\/\\\/www.notibras.com\\\/site\\\/wp-content\\\/uploads\\\/2023\\\/01\\\/notibras23.png\",\"contentUrl\":\"https:\\\/\\\/www.notibras.com\\\/site\\\/wp-content\\\/uploads\\\/2023\\\/01\\\/notibras23.png\",\"width\":350,\"height\":87,\"caption\":\"Grupo Notibras de Comunica\u00e7\u00e3o\"},\"image\":{\"@id\":\"https:\\\/\\\/www.notibras.com\\\/site\\\/#\\\/schema\\\/logo\\\/image\\\/\"},\"sameAs\":[\"https:\\\/\\\/www.facebook.com\\\/notibras\\\/\",\"https:\\\/\\\/x.com\\\/Notibras\",\"https:\\\/\\\/www.instagram.com\\\/notibras\\\/\"]},{\"@type\":\"Person\",\"@id\":\"https:\\\/\\\/www.notibras.com\\\/site\\\/#\\\/schema\\\/person\\\/5b7fabf2aedc3ada2105f03b22b4d3dd\",\"name\":\"Eduardo Mart\u00ednez\",\"image\":{\"@type\":\"ImageObject\",\"inLanguage\":\"pt-BR\",\"@id\":\"https:\\\/\\\/secure.gravatar.com\\\/avatar\\\/7902f906289926289cbcda644b5197c796b893c6ffd7b9a536a42d290f7704a0?s=96&d=mm&r=g\",\"url\":\"https:\\\/\\\/secure.gravatar.com\\\/avatar\\\/7902f906289926289cbcda644b5197c796b893c6ffd7b9a536a42d290f7704a0?s=96&d=mm&r=g\",\"contentUrl\":\"https:\\\/\\\/secure.gravatar.com\\\/avatar\\\/7902f906289926289cbcda644b5197c796b893c6ffd7b9a536a42d290f7704a0?s=96&d=mm&r=g\",\"caption\":\"Eduardo Mart\u00ednez\"}}]}<\/script>\n<!-- \/ Yoast SEO plugin. -->","yoast_head_json":{"title":"Hran ir\u00e1 receber For\u00e7a-tarefa para diagn\u00f3stico de c\u00e2ncer de pele - Notibras","robots":{"index":"index","follow":"follow","max-snippet":"max-snippet:-1","max-image-preview":"max-image-preview:large","max-video-preview":"max-video-preview:-1"},"canonical":"https:\/\/www.notibras.com\/site\/hran-ira-receber-forca-tarefa-para-diagnostico-de-cancer-de-pele\/","og_locale":"pt_BR","og_type":"article","og_title":"Hran ir\u00e1 receber For\u00e7a-tarefa para diagn\u00f3stico de c\u00e2ncer de pele - Notibras","og_description":"O Hospital Regional da Asa Norte (Hran) recebe, neste s\u00e1bado (13), uma a\u00e7\u00e3o da campanha Dezembro Laranja, m\u00eas de conscientiza\u00e7\u00e3o sobre o c\u00e2ncer de pele. A for\u00e7a-tarefa busca diagnosticar e orientar a respeito da doen\u00e7a, de cuidados preventivos e de tratamentos. O ambulat\u00f3rio da unidade vai atender das 9h \u00e0s 15h. Haver\u00e1 distribui\u00e7\u00e3o de senhas, [&hellip;]","og_url":"https:\/\/www.notibras.com\/site\/hran-ira-receber-forca-tarefa-para-diagnostico-de-cancer-de-pele\/","og_site_name":"Notibras","article_publisher":"https:\/\/www.facebook.com\/notibras\/","article_published_time":"2025-12-10T03:45:17+00:00","og_image":[{"width":1920,"height":1280,"url":"https:\/\/www.notibras.com\/site\/wp-content\/uploads\/2025\/12\/Fachada_HRAN_FOTO_SANDRO_ARAUJO-1.jpg","type":"image\/jpeg"}],"author":"Eduardo Mart\u00ednez","twitter_card":"summary_large_image","twitter_creator":"@Notibras","twitter_site":"@Notibras","twitter_misc":{"Escrito por":"Eduardo Mart\u00ednez","Est. tempo de leitura":"3 minutos"},"schema":{"@context":"https:\/\/schema.org","@graph":[{"@type":"Article","@id":"https:\/\/www.notibras.com\/site\/hran-ira-receber-forca-tarefa-para-diagnostico-de-cancer-de-pele\/#article","isPartOf":{"@id":"https:\/\/www.notibras.com\/site\/hran-ira-receber-forca-tarefa-para-diagnostico-de-cancer-de-pele\/"},"author":{"name":"Eduardo Mart\u00ednez","@id":"https:\/\/www.notibras.com\/site\/#\/schema\/person\/5b7fabf2aedc3ada2105f03b22b4d3dd"},"headline":"Hran ir\u00e1 receber For\u00e7a-tarefa para diagn\u00f3stico de c\u00e2ncer de pele","datePublished":"2025-12-10T03:45:17+00:00","mainEntityOfPage":{"@id":"https:\/\/www.notibras.com\/site\/hran-ira-receber-forca-tarefa-para-diagnostico-de-cancer-de-pele\/"},"wordCount":418,"publisher":{"@id":"https:\/\/www.notibras.com\/site\/#organization"},"image":{"@id":"https:\/\/www.notibras.com\/site\/hran-ira-receber-forca-tarefa-para-diagnostico-de-cancer-de-pele\/#primaryimage"},"thumbnailUrl":"https:\/\/www.notibras.com\/site\/wp-content\/uploads\/2025\/12\/Fachada_HRAN_FOTO_SANDRO_ARAUJO-1.jpg","articleSection":["Quadradinho em Foco"],"inLanguage":"pt-BR"},{"@type":"WebPage","@id":"https:\/\/www.notibras.com\/site\/hran-ira-receber-forca-tarefa-para-diagnostico-de-cancer-de-pele\/","url":"https:\/\/www.notibras.com\/site\/hran-ira-receber-forca-tarefa-para-diagnostico-de-cancer-de-pele\/","name":"Hran ir\u00e1 receber For\u00e7a-tarefa para diagn\u00f3stico de c\u00e2ncer de pele - Notibras","isPartOf":{"@id":"https:\/\/www.notibras.com\/site\/#website"},"primaryImageOfPage":{"@id":"https:\/\/www.notibras.com\/site\/hran-ira-receber-forca-tarefa-para-diagnostico-de-cancer-de-pele\/#primaryimage"},"image":{"@id":"https:\/\/www.notibras.com\/site\/hran-ira-receber-forca-tarefa-para-diagnostico-de-cancer-de-pele\/#primaryimage"},"thumbnailUrl":"https:\/\/www.notibras.com\/site\/wp-content\/uploads\/2025\/12\/Fachada_HRAN_FOTO_SANDRO_ARAUJO-1.jpg","datePublished":"2025-12-10T03:45:17+00:00","breadcrumb":{"@id":"https:\/\/www.notibras.com\/site\/hran-ira-receber-forca-tarefa-para-diagnostico-de-cancer-de-pele\/#breadcrumb"},"inLanguage":"pt-BR","potentialAction":[{"@type":"ReadAction","target":["https:\/\/www.notibras.com\/site\/hran-ira-receber-forca-tarefa-para-diagnostico-de-cancer-de-pele\/"]}]},{"@type":"ImageObject","inLanguage":"pt-BR","@id":"https:\/\/www.notibras.com\/site\/hran-ira-receber-forca-tarefa-para-diagnostico-de-cancer-de-pele\/#primaryimage","url":"https:\/\/www.notibras.com\/site\/wp-content\/uploads\/2025\/12\/Fachada_HRAN_FOTO_SANDRO_ARAUJO-1.jpg","contentUrl":"https:\/\/www.notibras.com\/site\/wp-content\/uploads\/2025\/12\/Fachada_HRAN_FOTO_SANDRO_ARAUJO-1.jpg","width":1920,"height":1280},{"@type":"BreadcrumbList","@id":"https:\/\/www.notibras.com\/site\/hran-ira-receber-forca-tarefa-para-diagnostico-de-cancer-de-pele\/#breadcrumb","itemListElement":[{"@type":"ListItem","position":1,"name":"In\u00edcio","item":"https:\/\/www.notibras.com\/site\/"},{"@type":"ListItem","position":2,"name":"Hran ir\u00e1 receber For\u00e7a-tarefa para diagn\u00f3stico de c\u00e2ncer de pele"}]},{"@type":"WebSite","@id":"https:\/\/www.notibras.com\/site\/#website","url":"https:\/\/www.notibras.com\/site\/","name":"Notibras","description":"Not\u00edcias de Bras\u00edlia, do Brasil e do Mundo","publisher":{"@id":"https:\/\/www.notibras.com\/site\/#organization"},"potentialAction":[{"@type":"SearchAction","target":{"@type":"EntryPoint","urlTemplate":"https:\/\/www.notibras.com\/site\/?s={search_term_string}"},"query-input":{"@type":"PropertyValueSpecification","valueRequired":true,"valueName":"search_term_string"}}],"inLanguage":"pt-BR"},{"@type":"Organization","@id":"https:\/\/www.notibras.com\/site\/#organization","name":"Grupo Notibras de Comunica\u00e7\u00e3o","url":"https:\/\/www.notibras.com\/site\/","logo":{"@type":"ImageObject","inLanguage":"pt-BR","@id":"https:\/\/www.notibras.com\/site\/#\/schema\/logo\/image\/","url":"https:\/\/www.notibras.com\/site\/wp-content\/uploads\/2023\/01\/notibras23.png","contentUrl":"https:\/\/www.notibras.com\/site\/wp-content\/uploads\/2023\/01\/notibras23.png","width":350,"height":87,"caption":"Grupo Notibras de Comunica\u00e7\u00e3o"},"image":{"@id":"https:\/\/www.notibras.com\/site\/#\/schema\/logo\/image\/"},"sameAs":["https:\/\/www.facebook.com\/notibras\/","https:\/\/x.com\/Notibras","https:\/\/www.instagram.com\/notibras\/"]},{"@type":"Person","@id":"https:\/\/www.notibras.com\/site\/#\/schema\/person\/5b7fabf2aedc3ada2105f03b22b4d3dd","name":"Eduardo Mart\u00ednez","image":{"@type":"ImageObject","inLanguage":"pt-BR","@id":"https:\/\/secure.gravatar.com\/avatar\/7902f906289926289cbcda644b5197c796b893c6ffd7b9a536a42d290f7704a0?s=96&d=mm&r=g","url":"https:\/\/secure.gravatar.com\/avatar\/7902f906289926289cbcda644b5197c796b893c6ffd7b9a536a42d290f7704a0?s=96&d=mm&r=g","contentUrl":"https:\/\/secure.gravatar.com\/avatar\/7902f906289926289cbcda644b5197c796b893c6ffd7b9a536a42d290f7704a0?s=96&d=mm&r=g","caption":"Eduardo Mart\u00ednez"}}]}},"amp_enabled":true,"_links":{"self":[{"href":"https:\/\/www.notibras.com\/site\/wp-json\/wp\/v2\/posts\/374169","targetHints":{"allow":["GET"]}}],"collection":[{"href":"https:\/\/www.notibras.com\/site\/wp-json\/wp\/v2\/posts"}],"about":[{"href":"https:\/\/www.notibras.com\/site\/wp-json\/wp\/v2\/types\/post"}],"author":[{"embeddable":true,"href":"https:\/\/www.notibras.com\/site\/wp-json\/wp\/v2\/users\/21"}],"replies":[{"embeddable":true,"href":"https:\/\/www.notibras.com\/site\/wp-json\/wp\/v2\/comments?post=374169"}],"version-history":[{"count":4,"href":"https:\/\/www.notibras.com\/site\/wp-json\/wp\/v2\/posts\/374169\/revisions"}],"predecessor-version":[{"id":374174,"href":"https:\/\/www.notibras.com\/site\/wp-json\/wp\/v2\/posts\/374169\/revisions\/374174"}],"wp:featuredmedia":[{"embeddable":true,"href":"https:\/\/www.notibras.com\/site\/wp-json\/wp\/v2\/media\/374170"}],"wp:attachment":[{"href":"https:\/\/www.notibras.com\/site\/wp-json\/wp\/v2\/media?parent=374169"}],"wp:term":[{"taxonomy":"category","embeddable":true,"href":"https:\/\/www.notibras.com\/site\/wp-json\/wp\/v2\/categories?post=374169"},{"taxonomy":"post_tag","embeddable":true,"href":"https:\/\/www.notibras.com\/site\/wp-json\/wp\/v2\/tags?post=374169"}],"curies":[{"name":"wp","href":"https:\/\/api.w.org\/{rel}","templated":true}]}}