{"id":374225,"date":"2025-12-10T00:00:47","date_gmt":"2025-12-10T03:00:47","guid":{"rendered":"https:\/\/www.notibras.com\/site\/?p=374225"},"modified":"2025-12-10T07:29:26","modified_gmt":"2025-12-10T10:29:26","slug":"governo-comeca-a-liberar-vale-gas-com-nis-de-final-1","status":"publish","type":"post","link":"https:\/\/www.notibras.com\/site\/governo-comeca-a-liberar-vale-gas-com-nis-de-final-1\/","title":{"rendered":"Governo come\u00e7a a liberar vale g\u00e1s com NIS de final 1"},"content":{"rendered":"<p>Benefici\u00e1rios inscritos no Cadastro \u00danico para Programas Sociais do Governo Federal (Cad\u00danico) com N\u00famero de Inscri\u00e7\u00e3o Social (NIS) de final 1 recebem nesta quarta-feira (10) o Aux\u00edlio G\u00e1s de dezembro, no valor de R$ 110.<\/p>\n<p>Com dura\u00e7\u00e3o prevista at\u00e9 o fim de 2026, o programa beneficia 4,4 milh\u00f5es de fam\u00edlias neste m\u00eas. Com a aprova\u00e7\u00e3o da Emenda Constitucional da Transi\u00e7\u00e3o, no fim de 2022, o benef\u00edcio foi mantido em 100% do pre\u00e7o m\u00e9dio do botij\u00e3o de 13 kg.<\/p>\n<p>O benef\u00edcio \u00e9 pago a cada 2 meses e segue o calend\u00e1rio do Bolsa Fam\u00edlia, com pagamentos at\u00e9 23 de dezembro, para benefici\u00e1rios com NIS final 0.<\/p>\n<p>S\u00f3 pode receber o Aux\u00edlio G\u00e1s quem est\u00e1 inclu\u00eddo no Cad\u00danico e tenha pelo menos um membro da fam\u00edlia que receba o Benef\u00edcio de Presta\u00e7\u00e3o Continuada (BPC).<\/p>\n<p>A lei que criou o programa definiu que a mulher respons\u00e1vel pela fam\u00edlia ter\u00e1 prefer\u00eancia, assim como mulheres v\u00edtimas de viol\u00eancia dom\u00e9stica.<\/p>\n","protected":false},"excerpt":{"rendered":"<p>Benefici\u00e1rios inscritos no Cadastro \u00danico para Programas Sociais do Governo Federal (Cad\u00danico) com N\u00famero de Inscri\u00e7\u00e3o Social (NIS) de final 1 recebem nesta quarta-feira (10) o Aux\u00edlio G\u00e1s de dezembro, no valor de R$ 110. Com dura\u00e7\u00e3o prevista at\u00e9 o fim de 2026, o programa beneficia 4,4 milh\u00f5es de fam\u00edlias neste m\u00eas. Com a aprova\u00e7\u00e3o [&hellip;]<\/p>\n","protected":false},"author":2,"featured_media":335762,"comment_status":"closed","ping_status":"closed","sticky":false,"template":"","format":"standard","meta":{"_acf_changed":false,"footnotes":""},"categories":[165],"tags":[],"class_list":["post-374225","post","type-post","status-publish","format-standard","has-post-thumbnail","hentry","category-nordeste"],"acf":[],"_links":{"self":[{"href":"https:\/\/www.notibras.com\/site\/wp-json\/wp\/v2\/posts\/374225","targetHints":{"allow":["GET"]}}],"collection":[{"href":"https:\/\/www.notibras.com\/site\/wp-json\/wp\/v2\/posts"}],"about":[{"href":"https:\/\/www.notibras.com\/site\/wp-json\/wp\/v2\/types\/post"}],"author":[{"embeddable":true,"href":"https:\/\/www.notibras.com\/site\/wp-json\/wp\/v2\/users\/2"}],"replies":[{"embeddable":true,"href":"https:\/\/www.notibras.com\/site\/wp-json\/wp\/v2\/comments?post=374225"}],"version-history":[{"count":1,"href":"https:\/\/www.notibras.com\/site\/wp-json\/wp\/v2\/posts\/374225\/revisions"}],"predecessor-version":[{"id":374226,"href":"https:\/\/www.notibras.com\/site\/wp-json\/wp\/v2\/posts\/374225\/revisions\/374226"}],"wp:featuredmedia":[{"embeddable":true,"href":"https:\/\/www.notibras.com\/site\/wp-json\/wp\/v2\/media\/335762"}],"wp:attachment":[{"href":"https:\/\/www.notibras.com\/site\/wp-json\/wp\/v2\/media?parent=374225"}],"wp:term":[{"taxonomy":"category","embeddable":true,"href":"https:\/\/www.notibras.com\/site\/wp-json\/wp\/v2\/categories?post=374225"},{"taxonomy":"post_tag","embeddable":true,"href":"https:\/\/www.notibras.com\/site\/wp-json\/wp\/v2\/tags?post=374225"}],"curies":[{"name":"wp","href":"https:\/\/api.w.org\/{rel}","templated":true}]}}