{"id":374234,"date":"2025-12-10T09:04:40","date_gmt":"2025-12-10T12:04:40","guid":{"rendered":"https:\/\/www.notibras.com\/site\/?p=374234"},"modified":"2025-12-10T09:04:40","modified_gmt":"2025-12-10T12:04:40","slug":"quando-o-espirito-caminha-antes-do-homem","status":"publish","type":"post","link":"https:\/\/www.notibras.com\/site\/quando-o-espirito-caminha-antes-do-homem\/","title":{"rendered":"Quando o Esp\u00edrito caminha antes do homem"},"content":{"rendered":"<p data-start=\"371\" data-end=\"827\">Entre os povos nativos da Am\u00e9rica do Norte, poucos cultivaram uma rela\u00e7\u00e3o t\u00e3o intensa com o invis\u00edvel quanto os Apache. Para eles, o mundo material n\u00e3o \u00e9 uma morada fixa, mas um breve acampamento numa vasta plan\u00edcie espiritual onde os ventos carregam mem\u00f3rias, sinais e press\u00e1gios. O Apache vive entre dois mundos: o vis\u00edvel, onde se caminha com os p\u00e9s, e o sagrado, onde se caminha com o esp\u00edrito \u2014 e sempre, segundo sua cren\u00e7a, o esp\u00edrito chega primeiro.<\/p>\n<p data-start=\"875\" data-end=\"1223\">A cosmologia Apache \u00e9 tecida em torno do conceito do <em data-start=\"928\" data-end=\"945\">Grande Mist\u00e9rio<\/em>, for\u00e7a primordial que n\u00e3o se revela em palavras, mas em presen\u00e7as: na dire\u00e7\u00e3o do vento, no sil\u00eancio da madrugada, no olhar dos animais. O mundo n\u00e3o \u00e9 explic\u00e1vel \u2014 \u00e9 interpret\u00e1vel. Por isso, a espiritualidade Apache funciona como b\u00fassola: n\u00e3o dita dogmas, mas orienta os passos.<\/p>\n<p data-start=\"1225\" data-end=\"1485\">A vida, para eles, \u00e9 uma trilha. E cada pessoa nasce acompanhada de um Guardi\u00e3o, uma energia espiritual que observa, alerta e inspira. \u00c9 comum, entre anci\u00f5es Apache, a ideia de que o homem perde o rumo quando deixa de ouvir o guardi\u00e3o que caminha \u00e0 sua frente.<\/p>\n<p data-start=\"1538\" data-end=\"1826\">Entre os Apache, o sonho \u00e9 territ\u00f3rio de revela\u00e7\u00f5es. N\u00e3o se trata de fantasia noturna, mas de comunica\u00e7\u00e3o oficial do mundo espiritual. Um jovem que sonha com o trov\u00e3o pode ter recebido um chamado para a coragem; quem sonha com o cervo pode estar sendo preparado para uma decis\u00e3o delicada.<\/p>\n<p data-start=\"1828\" data-end=\"2133\">As vis\u00f5es \u2014 buscadas atrav\u00e9s de retiros, jejuns e longas caminhadas solit\u00e1rias \u2014 n\u00e3o s\u00e3o del\u00edrios, mas encontros. O animal que aparece numa vis\u00e3o n\u00e3o \u00e9 apenas s\u00edmbolo: \u00e9 mestre, conselheiro, \u00e0s vezes at\u00e9 parente espiritual. A \u00e1guia ensina o olhar alto; o coiote, a esperteza; o cavalo, a for\u00e7a silenciosa.<\/p>\n<p data-start=\"2170\" data-end=\"2446\">A no\u00e7\u00e3o de <em data-start=\"2181\" data-end=\"2188\">totem<\/em> n\u00e3o \u00e9 exatamente igual \u00e0 de outras tribos, mas carrega afinidades. O animal-guia Apache \u00e9 uma s\u00edntese espiritual do destino de algu\u00e9m. N\u00e3o \u00e9 escolhido: \u00e9 revelado. Ao entend\u00ea-lo, a pessoa compreende seus impulsos, suas aptid\u00f5es, e at\u00e9 seus perigos internos.<\/p>\n<p data-start=\"2448\" data-end=\"2551\">Para eles, ningu\u00e9m caminha sozinho. Cada homem e cada mulher \u00e9 uma pequena aldeia de for\u00e7as invis\u00edveis.<\/p>\n<p data-start=\"2611\" data-end=\"2819\">Os Apache acreditam que palavras n\u00e3o descrevem o mundo \u2014 criam o mundo. Um canto bem entoado pode chamar a chuva, afastar o medo, curar o enfermo. A dan\u00e7a, circular como o tempo, liga os vivos aos ancestrais.<\/p>\n<p data-start=\"2821\" data-end=\"2896\">Quando o tambor ecoa, diz um prov\u00e9rbio Apache, \u201ca terra acorda para ouvir\u201d.<\/p>\n<p data-start=\"2954\" data-end=\"3252\">Na vis\u00e3o esot\u00e9rica Apache, morte n\u00e3o \u00e9 encerramento, mas continuidade. O esp\u00edrito retorna \u00e0 trilha invis\u00edvel, caminhando para reencontrar o Grande Mist\u00e9rio. Por isso, mais do que prantear, os Apache pedem que se honre o morto vivendo com retid\u00e3o \u2014 pois o esp\u00edrito dele continua caminhando no vento.<\/p>\n<p data-start=\"3288\" data-end=\"3568\">A espiritualidade Apache n\u00e3o busca decifrar o universo, mas conviver com ele. N\u00e3o exige submiss\u00e3o, mas aten\u00e7\u00e3o. E ensina, sobretudo, que o mundo \u00e9 feito de portas invis\u00edveis: cada \u00e1rvore, cada montanha, cada coruja que canta \u00e0 noite guarda um sinal, uma advert\u00eancia, uma hist\u00f3ria.<\/p>\n<p data-start=\"3570\" data-end=\"3664\">\u00c9 uma filosofia de humildade diante do cosmos \u2014 e de profunda confian\u00e7a naquilo que n\u00e3o se v\u00ea.<\/p>\n","protected":false},"excerpt":{"rendered":"<p>Entre os povos nativos da Am\u00e9rica do Norte, poucos cultivaram uma rela\u00e7\u00e3o t\u00e3o intensa com o invis\u00edvel quanto os Apache. Para eles, o mundo material n\u00e3o \u00e9 uma morada fixa, mas um breve acampamento numa vasta plan\u00edcie espiritual onde os ventos carregam mem\u00f3rias, sinais e press\u00e1gios. O Apache vive entre dois mundos: o vis\u00edvel, onde [&hellip;]<\/p>\n","protected":false},"author":2,"featured_media":374235,"comment_status":"closed","ping_status":"closed","sticky":false,"template":"","format":"standard","meta":{"_acf_changed":false,"footnotes":""},"categories":[237],"tags":[],"class_list":["post-374234","post","type-post","status-publish","format-standard","has-post-thumbnail","hentry","category-oraculos"],"acf":[],"yoast_head":"<!-- This site is optimized with the Yoast SEO plugin v27.2 - https:\/\/yoast.com\/product\/yoast-seo-wordpress\/ -->\n<title>Quando o Esp\u00edrito caminha antes do homem - Notibras<\/title>\n<meta name=\"robots\" content=\"index, follow, max-snippet:-1, max-image-preview:large, max-video-preview:-1\" \/>\n<link rel=\"canonical\" href=\"https:\/\/www.notibras.com\/site\/quando-o-espirito-caminha-antes-do-homem\/\" \/>\n<meta property=\"og:locale\" content=\"pt_BR\" \/>\n<meta property=\"og:type\" content=\"article\" \/>\n<meta property=\"og:title\" content=\"Quando o Esp\u00edrito caminha antes do homem - Notibras\" \/>\n<meta property=\"og:description\" content=\"Entre os povos nativos da Am\u00e9rica do Norte, poucos cultivaram uma rela\u00e7\u00e3o t\u00e3o intensa com o invis\u00edvel quanto os Apache. Para eles, o mundo material n\u00e3o \u00e9 uma morada fixa, mas um breve acampamento numa vasta plan\u00edcie espiritual onde os ventos carregam mem\u00f3rias, sinais e press\u00e1gios. O Apache vive entre dois mundos: o vis\u00edvel, onde [&hellip;]\" \/>\n<meta property=\"og:url\" content=\"https:\/\/www.notibras.com\/site\/quando-o-espirito-caminha-antes-do-homem\/\" \/>\n<meta property=\"og:site_name\" content=\"Notibras\" \/>\n<meta property=\"article:publisher\" content=\"https:\/\/www.facebook.com\/notibras\/\" \/>\n<meta property=\"article:published_time\" content=\"2025-12-10T12:04:40+00:00\" \/>\n<meta property=\"og:image\" content=\"https:\/\/www.notibras.com\/site\/wp-content\/uploads\/2025\/12\/849a7ffa-0eb7-43e2-b80a-7d048f09993a-683x1024.png\" \/>\n\t<meta property=\"og:image:width\" content=\"683\" \/>\n\t<meta property=\"og:image:height\" content=\"1024\" \/>\n\t<meta property=\"og:image:type\" content=\"image\/png\" \/>\n<meta name=\"author\" content=\"Reda\u00e7\u00e3o\" \/>\n<meta name=\"twitter:card\" content=\"summary_large_image\" \/>\n<meta name=\"twitter:creator\" content=\"@Notibras\" \/>\n<meta name=\"twitter:site\" content=\"@Notibras\" \/>\n<meta name=\"twitter:label1\" content=\"Escrito por\" \/>\n\t<meta name=\"twitter:data1\" content=\"Reda\u00e7\u00e3o\" \/>\n\t<meta name=\"twitter:label2\" content=\"Est. tempo de leitura\" \/>\n\t<meta name=\"twitter:data2\" content=\"4 minutos\" \/>\n<script type=\"application\/ld+json\" class=\"yoast-schema-graph\">{\"@context\":\"https:\/\/schema.org\",\"@graph\":[{\"@type\":\"Article\",\"@id\":\"https:\/\/www.notibras.com\/site\/quando-o-espirito-caminha-antes-do-homem\/#article\",\"isPartOf\":{\"@id\":\"https:\/\/www.notibras.com\/site\/quando-o-espirito-caminha-antes-do-homem\/\"},\"author\":{\"name\":\"Reda\u00e7\u00e3o\",\"@id\":\"https:\/\/www.notibras.com\/site\/#\/schema\/person\/36ab0979449956132d3e5b517ea76ac8\"},\"headline\":\"Quando o Esp\u00edrito caminha antes do homem\",\"datePublished\":\"2025-12-10T12:04:40+00:00\",\"mainEntityOfPage\":{\"@id\":\"https:\/\/www.notibras.com\/site\/quando-o-espirito-caminha-antes-do-homem\/\"},\"wordCount\":563,\"publisher\":{\"@id\":\"https:\/\/www.notibras.com\/site\/#organization\"},\"image\":{\"@id\":\"https:\/\/www.notibras.com\/site\/quando-o-espirito-caminha-antes-do-homem\/#primaryimage\"},\"thumbnailUrl\":\"https:\/\/www.notibras.com\/site\/wp-content\/uploads\/2025\/12\/849a7ffa-0eb7-43e2-b80a-7d048f09993a.png\",\"articleSection\":[\"Or\u00e1culos\"],\"inLanguage\":\"pt-BR\"},{\"@type\":\"WebPage\",\"@id\":\"https:\/\/www.notibras.com\/site\/quando-o-espirito-caminha-antes-do-homem\/\",\"url\":\"https:\/\/www.notibras.com\/site\/quando-o-espirito-caminha-antes-do-homem\/\",\"name\":\"Quando o Esp\u00edrito caminha antes do homem - Notibras\",\"isPartOf\":{\"@id\":\"https:\/\/www.notibras.com\/site\/#website\"},\"primaryImageOfPage\":{\"@id\":\"https:\/\/www.notibras.com\/site\/quando-o-espirito-caminha-antes-do-homem\/#primaryimage\"},\"image\":{\"@id\":\"https:\/\/www.notibras.com\/site\/quando-o-espirito-caminha-antes-do-homem\/#primaryimage\"},\"thumbnailUrl\":\"https:\/\/www.notibras.com\/site\/wp-content\/uploads\/2025\/12\/849a7ffa-0eb7-43e2-b80a-7d048f09993a.png\",\"datePublished\":\"2025-12-10T12:04:40+00:00\",\"breadcrumb\":{\"@id\":\"https:\/\/www.notibras.com\/site\/quando-o-espirito-caminha-antes-do-homem\/#breadcrumb\"},\"inLanguage\":\"pt-BR\",\"potentialAction\":[{\"@type\":\"ReadAction\",\"target\":[\"https:\/\/www.notibras.com\/site\/quando-o-espirito-caminha-antes-do-homem\/\"]}]},{\"@type\":\"ImageObject\",\"inLanguage\":\"pt-BR\",\"@id\":\"https:\/\/www.notibras.com\/site\/quando-o-espirito-caminha-antes-do-homem\/#primaryimage\",\"url\":\"https:\/\/www.notibras.com\/site\/wp-content\/uploads\/2025\/12\/849a7ffa-0eb7-43e2-b80a-7d048f09993a.png\",\"contentUrl\":\"https:\/\/www.notibras.com\/site\/wp-content\/uploads\/2025\/12\/849a7ffa-0eb7-43e2-b80a-7d048f09993a.png\",\"width\":1024,\"height\":1536},{\"@type\":\"BreadcrumbList\",\"@id\":\"https:\/\/www.notibras.com\/site\/quando-o-espirito-caminha-antes-do-homem\/#breadcrumb\",\"itemListElement\":[{\"@type\":\"ListItem\",\"position\":1,\"name\":\"In\u00edcio\",\"item\":\"https:\/\/www.notibras.com\/site\/\"},{\"@type\":\"ListItem\",\"position\":2,\"name\":\"Quando o Esp\u00edrito caminha antes do homem\"}]},{\"@type\":\"WebSite\",\"@id\":\"https:\/\/www.notibras.com\/site\/#website\",\"url\":\"https:\/\/www.notibras.com\/site\/\",\"name\":\"Notibras\",\"description\":\"Not\u00edcias de Bras\u00edlia, do Brasil e do Mundo\",\"publisher\":{\"@id\":\"https:\/\/www.notibras.com\/site\/#organization\"},\"potentialAction\":[{\"@type\":\"SearchAction\",\"target\":{\"@type\":\"EntryPoint\",\"urlTemplate\":\"https:\/\/www.notibras.com\/site\/?s={search_term_string}\"},\"query-input\":{\"@type\":\"PropertyValueSpecification\",\"valueRequired\":true,\"valueName\":\"search_term_string\"}}],\"inLanguage\":\"pt-BR\"},{\"@type\":\"Organization\",\"@id\":\"https:\/\/www.notibras.com\/site\/#organization\",\"name\":\"Grupo Notibras de Comunica\u00e7\u00e3o\",\"url\":\"https:\/\/www.notibras.com\/site\/\",\"logo\":{\"@type\":\"ImageObject\",\"inLanguage\":\"pt-BR\",\"@id\":\"https:\/\/www.notibras.com\/site\/#\/schema\/logo\/image\/\",\"url\":\"https:\/\/www.notibras.com\/site\/wp-content\/uploads\/2023\/01\/notibras23.png\",\"contentUrl\":\"https:\/\/www.notibras.com\/site\/wp-content\/uploads\/2023\/01\/notibras23.png\",\"width\":350,\"height\":87,\"caption\":\"Grupo Notibras de Comunica\u00e7\u00e3o\"},\"image\":{\"@id\":\"https:\/\/www.notibras.com\/site\/#\/schema\/logo\/image\/\"},\"sameAs\":[\"https:\/\/www.facebook.com\/notibras\/\",\"https:\/\/x.com\/Notibras\",\"https:\/\/www.instagram.com\/notibras\/\"]},{\"@type\":\"Person\",\"@id\":\"https:\/\/www.notibras.com\/site\/#\/schema\/person\/36ab0979449956132d3e5b517ea76ac8\",\"name\":\"Reda\u00e7\u00e3o\",\"image\":{\"@type\":\"ImageObject\",\"inLanguage\":\"pt-BR\",\"@id\":\"https:\/\/secure.gravatar.com\/avatar\/e0a867bdedb85fd243eadf09663511f96fc81e0720a4a42581f334ad4303aa6b?s=96&d=mm&r=g\",\"url\":\"https:\/\/secure.gravatar.com\/avatar\/e0a867bdedb85fd243eadf09663511f96fc81e0720a4a42581f334ad4303aa6b?s=96&d=mm&r=g\",\"contentUrl\":\"https:\/\/secure.gravatar.com\/avatar\/e0a867bdedb85fd243eadf09663511f96fc81e0720a4a42581f334ad4303aa6b?s=96&d=mm&r=g\",\"caption\":\"Reda\u00e7\u00e3o\"}}]}<\/script>\n<!-- \/ Yoast SEO plugin. -->","yoast_head_json":{"title":"Quando o Esp\u00edrito caminha antes do homem - Notibras","robots":{"index":"index","follow":"follow","max-snippet":"max-snippet:-1","max-image-preview":"max-image-preview:large","max-video-preview":"max-video-preview:-1"},"canonical":"https:\/\/www.notibras.com\/site\/quando-o-espirito-caminha-antes-do-homem\/","og_locale":"pt_BR","og_type":"article","og_title":"Quando o Esp\u00edrito caminha antes do homem - Notibras","og_description":"Entre os povos nativos da Am\u00e9rica do Norte, poucos cultivaram uma rela\u00e7\u00e3o t\u00e3o intensa com o invis\u00edvel quanto os Apache. Para eles, o mundo material n\u00e3o \u00e9 uma morada fixa, mas um breve acampamento numa vasta plan\u00edcie espiritual onde os ventos carregam mem\u00f3rias, sinais e press\u00e1gios. O Apache vive entre dois mundos: o vis\u00edvel, onde [&hellip;]","og_url":"https:\/\/www.notibras.com\/site\/quando-o-espirito-caminha-antes-do-homem\/","og_site_name":"Notibras","article_publisher":"https:\/\/www.facebook.com\/notibras\/","article_published_time":"2025-12-10T12:04:40+00:00","og_image":[{"width":683,"height":1024,"url":"https:\/\/www.notibras.com\/site\/wp-content\/uploads\/2025\/12\/849a7ffa-0eb7-43e2-b80a-7d048f09993a-683x1024.png","type":"image\/png"}],"author":"Reda\u00e7\u00e3o","twitter_card":"summary_large_image","twitter_creator":"@Notibras","twitter_site":"@Notibras","twitter_misc":{"Escrito por":"Reda\u00e7\u00e3o","Est. tempo de leitura":"4 minutos"},"schema":{"@context":"https:\/\/schema.org","@graph":[{"@type":"Article","@id":"https:\/\/www.notibras.com\/site\/quando-o-espirito-caminha-antes-do-homem\/#article","isPartOf":{"@id":"https:\/\/www.notibras.com\/site\/quando-o-espirito-caminha-antes-do-homem\/"},"author":{"name":"Reda\u00e7\u00e3o","@id":"https:\/\/www.notibras.com\/site\/#\/schema\/person\/36ab0979449956132d3e5b517ea76ac8"},"headline":"Quando o Esp\u00edrito caminha antes do homem","datePublished":"2025-12-10T12:04:40+00:00","mainEntityOfPage":{"@id":"https:\/\/www.notibras.com\/site\/quando-o-espirito-caminha-antes-do-homem\/"},"wordCount":563,"publisher":{"@id":"https:\/\/www.notibras.com\/site\/#organization"},"image":{"@id":"https:\/\/www.notibras.com\/site\/quando-o-espirito-caminha-antes-do-homem\/#primaryimage"},"thumbnailUrl":"https:\/\/www.notibras.com\/site\/wp-content\/uploads\/2025\/12\/849a7ffa-0eb7-43e2-b80a-7d048f09993a.png","articleSection":["Or\u00e1culos"],"inLanguage":"pt-BR"},{"@type":"WebPage","@id":"https:\/\/www.notibras.com\/site\/quando-o-espirito-caminha-antes-do-homem\/","url":"https:\/\/www.notibras.com\/site\/quando-o-espirito-caminha-antes-do-homem\/","name":"Quando o Esp\u00edrito caminha antes do homem - Notibras","isPartOf":{"@id":"https:\/\/www.notibras.com\/site\/#website"},"primaryImageOfPage":{"@id":"https:\/\/www.notibras.com\/site\/quando-o-espirito-caminha-antes-do-homem\/#primaryimage"},"image":{"@id":"https:\/\/www.notibras.com\/site\/quando-o-espirito-caminha-antes-do-homem\/#primaryimage"},"thumbnailUrl":"https:\/\/www.notibras.com\/site\/wp-content\/uploads\/2025\/12\/849a7ffa-0eb7-43e2-b80a-7d048f09993a.png","datePublished":"2025-12-10T12:04:40+00:00","breadcrumb":{"@id":"https:\/\/www.notibras.com\/site\/quando-o-espirito-caminha-antes-do-homem\/#breadcrumb"},"inLanguage":"pt-BR","potentialAction":[{"@type":"ReadAction","target":["https:\/\/www.notibras.com\/site\/quando-o-espirito-caminha-antes-do-homem\/"]}]},{"@type":"ImageObject","inLanguage":"pt-BR","@id":"https:\/\/www.notibras.com\/site\/quando-o-espirito-caminha-antes-do-homem\/#primaryimage","url":"https:\/\/www.notibras.com\/site\/wp-content\/uploads\/2025\/12\/849a7ffa-0eb7-43e2-b80a-7d048f09993a.png","contentUrl":"https:\/\/www.notibras.com\/site\/wp-content\/uploads\/2025\/12\/849a7ffa-0eb7-43e2-b80a-7d048f09993a.png","width":1024,"height":1536},{"@type":"BreadcrumbList","@id":"https:\/\/www.notibras.com\/site\/quando-o-espirito-caminha-antes-do-homem\/#breadcrumb","itemListElement":[{"@type":"ListItem","position":1,"name":"In\u00edcio","item":"https:\/\/www.notibras.com\/site\/"},{"@type":"ListItem","position":2,"name":"Quando o Esp\u00edrito caminha antes do homem"}]},{"@type":"WebSite","@id":"https:\/\/www.notibras.com\/site\/#website","url":"https:\/\/www.notibras.com\/site\/","name":"Notibras","description":"Not\u00edcias de Bras\u00edlia, do Brasil e do Mundo","publisher":{"@id":"https:\/\/www.notibras.com\/site\/#organization"},"potentialAction":[{"@type":"SearchAction","target":{"@type":"EntryPoint","urlTemplate":"https:\/\/www.notibras.com\/site\/?s={search_term_string}"},"query-input":{"@type":"PropertyValueSpecification","valueRequired":true,"valueName":"search_term_string"}}],"inLanguage":"pt-BR"},{"@type":"Organization","@id":"https:\/\/www.notibras.com\/site\/#organization","name":"Grupo Notibras de Comunica\u00e7\u00e3o","url":"https:\/\/www.notibras.com\/site\/","logo":{"@type":"ImageObject","inLanguage":"pt-BR","@id":"https:\/\/www.notibras.com\/site\/#\/schema\/logo\/image\/","url":"https:\/\/www.notibras.com\/site\/wp-content\/uploads\/2023\/01\/notibras23.png","contentUrl":"https:\/\/www.notibras.com\/site\/wp-content\/uploads\/2023\/01\/notibras23.png","width":350,"height":87,"caption":"Grupo Notibras de Comunica\u00e7\u00e3o"},"image":{"@id":"https:\/\/www.notibras.com\/site\/#\/schema\/logo\/image\/"},"sameAs":["https:\/\/www.facebook.com\/notibras\/","https:\/\/x.com\/Notibras","https:\/\/www.instagram.com\/notibras\/"]},{"@type":"Person","@id":"https:\/\/www.notibras.com\/site\/#\/schema\/person\/36ab0979449956132d3e5b517ea76ac8","name":"Reda\u00e7\u00e3o","image":{"@type":"ImageObject","inLanguage":"pt-BR","@id":"https:\/\/secure.gravatar.com\/avatar\/e0a867bdedb85fd243eadf09663511f96fc81e0720a4a42581f334ad4303aa6b?s=96&d=mm&r=g","url":"https:\/\/secure.gravatar.com\/avatar\/e0a867bdedb85fd243eadf09663511f96fc81e0720a4a42581f334ad4303aa6b?s=96&d=mm&r=g","contentUrl":"https:\/\/secure.gravatar.com\/avatar\/e0a867bdedb85fd243eadf09663511f96fc81e0720a4a42581f334ad4303aa6b?s=96&d=mm&r=g","caption":"Reda\u00e7\u00e3o"}}]}},"amp_enabled":true,"_links":{"self":[{"href":"https:\/\/www.notibras.com\/site\/wp-json\/wp\/v2\/posts\/374234","targetHints":{"allow":["GET"]}}],"collection":[{"href":"https:\/\/www.notibras.com\/site\/wp-json\/wp\/v2\/posts"}],"about":[{"href":"https:\/\/www.notibras.com\/site\/wp-json\/wp\/v2\/types\/post"}],"author":[{"embeddable":true,"href":"https:\/\/www.notibras.com\/site\/wp-json\/wp\/v2\/users\/2"}],"replies":[{"embeddable":true,"href":"https:\/\/www.notibras.com\/site\/wp-json\/wp\/v2\/comments?post=374234"}],"version-history":[{"count":1,"href":"https:\/\/www.notibras.com\/site\/wp-json\/wp\/v2\/posts\/374234\/revisions"}],"predecessor-version":[{"id":374236,"href":"https:\/\/www.notibras.com\/site\/wp-json\/wp\/v2\/posts\/374234\/revisions\/374236"}],"wp:featuredmedia":[{"embeddable":true,"href":"https:\/\/www.notibras.com\/site\/wp-json\/wp\/v2\/media\/374235"}],"wp:attachment":[{"href":"https:\/\/www.notibras.com\/site\/wp-json\/wp\/v2\/media?parent=374234"}],"wp:term":[{"taxonomy":"category","embeddable":true,"href":"https:\/\/www.notibras.com\/site\/wp-json\/wp\/v2\/categories?post=374234"},{"taxonomy":"post_tag","embeddable":true,"href":"https:\/\/www.notibras.com\/site\/wp-json\/wp\/v2\/tags?post=374234"}],"curies":[{"name":"wp","href":"https:\/\/api.w.org\/{rel}","templated":true}]}}