{"id":374245,"date":"2025-12-10T11:17:18","date_gmt":"2025-12-10T14:17:18","guid":{"rendered":"https:\/\/www.notibras.com\/site\/?p=374245"},"modified":"2025-12-10T11:17:18","modified_gmt":"2025-12-10T14:17:18","slug":"eleitor-rejeita-lula-aprova-ibaneis-rocha-e-fortalece-celina-leao","status":"publish","type":"post","link":"https:\/\/www.notibras.com\/site\/eleitor-rejeita-lula-aprova-ibaneis-rocha-e-fortalece-celina-leao\/","title":{"rendered":"Eleitor rejeita Lula, aprova Ibaneis Rocha e fortalece Celina Le\u00e3o"},"content":{"rendered":"<p>Duas pesquisas que circularam nas \u00faltimas 24 horas acenderam o sinal vermelho para o PT, o PSD, o PSB e o PSDB em Bras\u00edlia. O cen\u00e1rio, que j\u00e1 vinha se mostrando desfavor\u00e1vel para esses partidos, tornou-se ainda mais cr\u00edtico \u00e0 medida em que os dados indicam um avan\u00e7o expressivo da vice-governadora Celina Le\u00e3o (PP) e uma consolida\u00e7\u00e3o da for\u00e7a pol\u00edtica de Ibaneis Rocha (MDB).<\/p>\n<p>A avalia\u00e7\u00e3o do eleitor brasiliense, neste momento, aponta para apenas uma legenda em franca ascens\u00e3o: o Progressistas, de Celina, que \u00e9 conduzida pelas m\u00e3os do governador para a sucess\u00e3o no Pal\u00e1cio do Buriti.<\/p>\n<p>De acordo com levantamento do Instituto Realtime\/BigData, Celina Le\u00e3o lidera a corrida eleitoral com 40% das inten\u00e7\u00f5es de voto. Em segundo lugar, mas muito atr\u00e1s, aparece Jos\u00e9 Roberto Arruda (sem partido, a caminho do PSD), com 21%.<\/p>\n<p>A seguir v\u00eam Leandro Grass (PT) com 13%, Ricardo Cappelli (PSB) com 6%, e Paula Belmonte (PSDB), tamb\u00e9m com 6%. Eleitores dispostos a votar em branco ou nulo somam 9%, um n\u00famero que refor\u00e7a o desalento de parte do eleitorado, mas n\u00e3o chega a alterar significativamente o quadro favor\u00e1vel ao grupo governista.<\/p>\n<p>Os n\u00fameros mostram que a oposi\u00e7\u00e3o ao Buriti, hoje fragmentada, sem narrativa e com dificuldades para dialogar com o eleitor, segue distante de apresentar qualquer movimento capaz de amea\u00e7ar a eventual candidatura da vice-governadora.<\/p>\n<p>Se o cen\u00e1rio local j\u00e1 era dif\u00edcil para PT e aliados, outro levantamento &#8211; o da ABCDados\/Amangolin &#8211; transformou preocupa\u00e7\u00e3o em alerta m\u00e1ximo. Segundo a pesquisa, 66% dos eleitores de Bras\u00edlia rejeitam o presidente Lula, enquanto apenas 31% aprovam sua gest\u00e3o. Outros 3% preferiram n\u00e3o opinar.<\/p>\n<p>Em uma capital historicamente cr\u00edtica ao PT e sens\u00edvel a discursos anticorrup\u00e7\u00e3o e de gest\u00e3o fiscal, a rejei\u00e7\u00e3o massiva ao presidente tende a contaminar palanques locais, especialmente o de Leandro Grass, j\u00e1 fragilizado, e o de Ricardo Cappelli, que n\u00e3o conseguiu traduzir sua visibilidade nacional em for\u00e7a eleitoral no Distrito Federal.<\/p>\n<p>O resultado, na pr\u00e1tica, cria um ambiente adverso para toda a esquerda brasiliense e amplia a vantagem das pr\u00e9-candidaturas alinhadas ao Buriti. Isso porque, se para Lula o levantamento da ABCDados \u00e9 amargo, para Ibaneis Rocha o cen\u00e1rio \u00e9 de conforto pol\u00edtico. A pesquisa atribui ao governador 60% de aprova\u00e7\u00e3o, contra 36% de rejei\u00e7\u00e3o e 4% que n\u00e3o souberam opinar.<\/p>\n<p>Com n\u00fameros s\u00f3lidos, Ibaneis se firma como o maior cabo eleitoral da capital da Rep\u00fablica na atualidade. E \u00e9 justamente essa for\u00e7a que sustenta a r\u00e1pida ascens\u00e3o de Celina Le\u00e3o. A estrat\u00e9gia \u00e9 conhecida: apresentar a vice como continuidade natural do atual governo, transferindo a ela o capital pol\u00edtico constru\u00eddo ao longo de dois mandatos.<\/p>\n<p>At\u00e9 o momento, a opera\u00e7\u00e3o est\u00e1 funcionando. Os n\u00fameros mostram que Celina n\u00e3o apenas herdou a musculatura pol\u00edtica do governador, como se consolidou como candidata competitiva e favorita.<\/p>\n<p>Com forte rejei\u00e7\u00e3o ao presidente Lula e aprova\u00e7\u00e3o robusta ao governador Ibaneis, o quadro pol\u00edtico de Bras\u00edlia segue inclinando com for\u00e7a para o campo governista. Celina Le\u00e3o surge como protagonista inequ\u00edvoca dessa constru\u00e7\u00e3o, enquanto PT, PSD, PSB e PSDB enfrentam o desafio de reverter uma mar\u00e9 eleitoral que, at\u00e9 agora, corre contra todos eles.<\/p>\n<p>Se o cen\u00e1rio n\u00e3o mudar, 2026 poder\u00e1 registrar uma das disputas mais desequilibradas da hist\u00f3ria recente do Distrito Federal. \u00c9 que, com a estrada pavimentada por Ibaneis, Celina Le\u00e3o caminha a passos firmes para o Pal\u00e1cio do Buriti.<\/p>\n<p>&#8230;&#8230;&#8230;..<\/p>\n<p><strong>Marta Nobre \u00e9 Editora Executiva de Notibras<\/strong><\/p>\n","protected":false},"excerpt":{"rendered":"<p>Duas pesquisas que circularam nas \u00faltimas 24 horas acenderam o sinal vermelho para o PT, o PSD, o PSB e o PSDB em Bras\u00edlia. O cen\u00e1rio, que j\u00e1 vinha se mostrando desfavor\u00e1vel para esses partidos, tornou-se ainda mais cr\u00edtico \u00e0 medida em que os dados indicam um avan\u00e7o expressivo da vice-governadora Celina Le\u00e3o (PP) e [&hellip;]<\/p>\n","protected":false},"author":2,"featured_media":374246,"comment_status":"closed","ping_status":"closed","sticky":false,"template":"","format":"standard","meta":{"_acf_changed":false,"footnotes":""},"categories":[161],"tags":[95],"class_list":["post-374245","post","type-post","status-publish","format-standard","has-post-thumbnail","hentry","category-quadradinho-em-foco","tag-capa"],"acf":[],"yoast_head":"<!-- This site is optimized with the Yoast SEO plugin v27.5 - https:\/\/yoast.com\/product\/yoast-seo-wordpress\/ -->\n<title>Eleitor rejeita Lula, aprova Ibaneis Rocha e fortalece Celina Le\u00e3o - Notibras<\/title>\n<meta name=\"robots\" content=\"index, follow, max-snippet:-1, max-image-preview:large, max-video-preview:-1\" \/>\n<link rel=\"canonical\" href=\"https:\/\/www.notibras.com\/site\/eleitor-rejeita-lula-aprova-ibaneis-rocha-e-fortalece-celina-leao\/\" \/>\n<meta property=\"og:locale\" content=\"pt_BR\" \/>\n<meta property=\"og:type\" content=\"article\" \/>\n<meta property=\"og:title\" content=\"Eleitor rejeita Lula, aprova Ibaneis Rocha e fortalece Celina Le\u00e3o - Notibras\" \/>\n<meta property=\"og:description\" content=\"Duas pesquisas que circularam nas \u00faltimas 24 horas acenderam o sinal vermelho para o PT, o PSD, o PSB e o PSDB em Bras\u00edlia. O cen\u00e1rio, que j\u00e1 vinha se mostrando desfavor\u00e1vel para esses partidos, tornou-se ainda mais cr\u00edtico \u00e0 medida em que os dados indicam um avan\u00e7o expressivo da vice-governadora Celina Le\u00e3o (PP) e [&hellip;]\" \/>\n<meta property=\"og:url\" content=\"https:\/\/www.notibras.com\/site\/eleitor-rejeita-lula-aprova-ibaneis-rocha-e-fortalece-celina-leao\/\" \/>\n<meta property=\"og:site_name\" content=\"Notibras\" \/>\n<meta property=\"article:publisher\" content=\"https:\/\/www.facebook.com\/notibras\/\" \/>\n<meta property=\"article:published_time\" content=\"2025-12-10T14:17:18+00:00\" \/>\n<meta property=\"og:image\" content=\"https:\/\/www.notibras.com\/site\/wp-content\/uploads\/2025\/12\/lula-programa-seguranca_mcamgo_abr_21072023-2.jpg\" \/>\n\t<meta property=\"og:image:width\" content=\"770\" \/>\n\t<meta property=\"og:image:height\" content=\"512\" \/>\n\t<meta property=\"og:image:type\" content=\"image\/jpeg\" \/>\n<meta name=\"author\" content=\"Reda\u00e7\u00e3o\" \/>\n<meta name=\"twitter:card\" content=\"summary_large_image\" \/>\n<meta name=\"twitter:creator\" content=\"@Notibras\" \/>\n<meta name=\"twitter:site\" content=\"@Notibras\" \/>\n<meta name=\"twitter:label1\" content=\"Escrito por\" \/>\n\t<meta name=\"twitter:data1\" content=\"Reda\u00e7\u00e3o\" \/>\n\t<meta name=\"twitter:label2\" content=\"Est. tempo de leitura\" \/>\n\t<meta name=\"twitter:data2\" content=\"4 minutos\" \/>\n<script type=\"application\/ld+json\" class=\"yoast-schema-graph\">{\"@context\":\"https:\\\/\\\/schema.org\",\"@graph\":[{\"@type\":\"Article\",\"@id\":\"https:\\\/\\\/www.notibras.com\\\/site\\\/eleitor-rejeita-lula-aprova-ibaneis-rocha-e-fortalece-celina-leao\\\/#article\",\"isPartOf\":{\"@id\":\"https:\\\/\\\/www.notibras.com\\\/site\\\/eleitor-rejeita-lula-aprova-ibaneis-rocha-e-fortalece-celina-leao\\\/\"},\"author\":{\"name\":\"Reda\u00e7\u00e3o\",\"@id\":\"https:\\\/\\\/www.notibras.com\\\/site\\\/#\\\/schema\\\/person\\\/36ab0979449956132d3e5b517ea76ac8\"},\"headline\":\"Eleitor rejeita Lula, aprova Ibaneis Rocha e fortalece Celina Le\u00e3o\",\"datePublished\":\"2025-12-10T14:17:18+00:00\",\"mainEntityOfPage\":{\"@id\":\"https:\\\/\\\/www.notibras.com\\\/site\\\/eleitor-rejeita-lula-aprova-ibaneis-rocha-e-fortalece-celina-leao\\\/\"},\"wordCount\":624,\"publisher\":{\"@id\":\"https:\\\/\\\/www.notibras.com\\\/site\\\/#organization\"},\"image\":{\"@id\":\"https:\\\/\\\/www.notibras.com\\\/site\\\/eleitor-rejeita-lula-aprova-ibaneis-rocha-e-fortalece-celina-leao\\\/#primaryimage\"},\"thumbnailUrl\":\"https:\\\/\\\/www.notibras.com\\\/site\\\/wp-content\\\/uploads\\\/2025\\\/12\\\/lula-programa-seguranca_mcamgo_abr_21072023-2.jpg\",\"keywords\":[\"capa\"],\"articleSection\":[\"Quadradinho em Foco\"],\"inLanguage\":\"pt-BR\"},{\"@type\":\"WebPage\",\"@id\":\"https:\\\/\\\/www.notibras.com\\\/site\\\/eleitor-rejeita-lula-aprova-ibaneis-rocha-e-fortalece-celina-leao\\\/\",\"url\":\"https:\\\/\\\/www.notibras.com\\\/site\\\/eleitor-rejeita-lula-aprova-ibaneis-rocha-e-fortalece-celina-leao\\\/\",\"name\":\"Eleitor rejeita Lula, aprova Ibaneis Rocha e fortalece Celina Le\u00e3o - Notibras\",\"isPartOf\":{\"@id\":\"https:\\\/\\\/www.notibras.com\\\/site\\\/#website\"},\"primaryImageOfPage\":{\"@id\":\"https:\\\/\\\/www.notibras.com\\\/site\\\/eleitor-rejeita-lula-aprova-ibaneis-rocha-e-fortalece-celina-leao\\\/#primaryimage\"},\"image\":{\"@id\":\"https:\\\/\\\/www.notibras.com\\\/site\\\/eleitor-rejeita-lula-aprova-ibaneis-rocha-e-fortalece-celina-leao\\\/#primaryimage\"},\"thumbnailUrl\":\"https:\\\/\\\/www.notibras.com\\\/site\\\/wp-content\\\/uploads\\\/2025\\\/12\\\/lula-programa-seguranca_mcamgo_abr_21072023-2.jpg\",\"datePublished\":\"2025-12-10T14:17:18+00:00\",\"breadcrumb\":{\"@id\":\"https:\\\/\\\/www.notibras.com\\\/site\\\/eleitor-rejeita-lula-aprova-ibaneis-rocha-e-fortalece-celina-leao\\\/#breadcrumb\"},\"inLanguage\":\"pt-BR\",\"potentialAction\":[{\"@type\":\"ReadAction\",\"target\":[\"https:\\\/\\\/www.notibras.com\\\/site\\\/eleitor-rejeita-lula-aprova-ibaneis-rocha-e-fortalece-celina-leao\\\/\"]}]},{\"@type\":\"ImageObject\",\"inLanguage\":\"pt-BR\",\"@id\":\"https:\\\/\\\/www.notibras.com\\\/site\\\/eleitor-rejeita-lula-aprova-ibaneis-rocha-e-fortalece-celina-leao\\\/#primaryimage\",\"url\":\"https:\\\/\\\/www.notibras.com\\\/site\\\/wp-content\\\/uploads\\\/2025\\\/12\\\/lula-programa-seguranca_mcamgo_abr_21072023-2.jpg\",\"contentUrl\":\"https:\\\/\\\/www.notibras.com\\\/site\\\/wp-content\\\/uploads\\\/2025\\\/12\\\/lula-programa-seguranca_mcamgo_abr_21072023-2.jpg\",\"width\":770,\"height\":512},{\"@type\":\"BreadcrumbList\",\"@id\":\"https:\\\/\\\/www.notibras.com\\\/site\\\/eleitor-rejeita-lula-aprova-ibaneis-rocha-e-fortalece-celina-leao\\\/#breadcrumb\",\"itemListElement\":[{\"@type\":\"ListItem\",\"position\":1,\"name\":\"In\u00edcio\",\"item\":\"https:\\\/\\\/www.notibras.com\\\/site\\\/\"},{\"@type\":\"ListItem\",\"position\":2,\"name\":\"Eleitor rejeita Lula, aprova Ibaneis Rocha e fortalece Celina Le\u00e3o\"}]},{\"@type\":\"WebSite\",\"@id\":\"https:\\\/\\\/www.notibras.com\\\/site\\\/#website\",\"url\":\"https:\\\/\\\/www.notibras.com\\\/site\\\/\",\"name\":\"Notibras\",\"description\":\"Not\u00edcias de Bras\u00edlia, do Brasil e do Mundo\",\"publisher\":{\"@id\":\"https:\\\/\\\/www.notibras.com\\\/site\\\/#organization\"},\"potentialAction\":[{\"@type\":\"SearchAction\",\"target\":{\"@type\":\"EntryPoint\",\"urlTemplate\":\"https:\\\/\\\/www.notibras.com\\\/site\\\/?s={search_term_string}\"},\"query-input\":{\"@type\":\"PropertyValueSpecification\",\"valueRequired\":true,\"valueName\":\"search_term_string\"}}],\"inLanguage\":\"pt-BR\"},{\"@type\":\"Organization\",\"@id\":\"https:\\\/\\\/www.notibras.com\\\/site\\\/#organization\",\"name\":\"Grupo Notibras de Comunica\u00e7\u00e3o\",\"url\":\"https:\\\/\\\/www.notibras.com\\\/site\\\/\",\"logo\":{\"@type\":\"ImageObject\",\"inLanguage\":\"pt-BR\",\"@id\":\"https:\\\/\\\/www.notibras.com\\\/site\\\/#\\\/schema\\\/logo\\\/image\\\/\",\"url\":\"https:\\\/\\\/www.notibras.com\\\/site\\\/wp-content\\\/uploads\\\/2023\\\/01\\\/notibras23.png\",\"contentUrl\":\"https:\\\/\\\/www.notibras.com\\\/site\\\/wp-content\\\/uploads\\\/2023\\\/01\\\/notibras23.png\",\"width\":350,\"height\":87,\"caption\":\"Grupo Notibras de Comunica\u00e7\u00e3o\"},\"image\":{\"@id\":\"https:\\\/\\\/www.notibras.com\\\/site\\\/#\\\/schema\\\/logo\\\/image\\\/\"},\"sameAs\":[\"https:\\\/\\\/www.facebook.com\\\/notibras\\\/\",\"https:\\\/\\\/x.com\\\/Notibras\",\"https:\\\/\\\/www.instagram.com\\\/notibras\\\/\"]},{\"@type\":\"Person\",\"@id\":\"https:\\\/\\\/www.notibras.com\\\/site\\\/#\\\/schema\\\/person\\\/36ab0979449956132d3e5b517ea76ac8\",\"name\":\"Reda\u00e7\u00e3o\",\"image\":{\"@type\":\"ImageObject\",\"inLanguage\":\"pt-BR\",\"@id\":\"https:\\\/\\\/secure.gravatar.com\\\/avatar\\\/e0a867bdedb85fd243eadf09663511f96fc81e0720a4a42581f334ad4303aa6b?s=96&d=mm&r=g\",\"url\":\"https:\\\/\\\/secure.gravatar.com\\\/avatar\\\/e0a867bdedb85fd243eadf09663511f96fc81e0720a4a42581f334ad4303aa6b?s=96&d=mm&r=g\",\"contentUrl\":\"https:\\\/\\\/secure.gravatar.com\\\/avatar\\\/e0a867bdedb85fd243eadf09663511f96fc81e0720a4a42581f334ad4303aa6b?s=96&d=mm&r=g\",\"caption\":\"Reda\u00e7\u00e3o\"}}]}<\/script>\n<!-- \/ Yoast SEO plugin. -->","yoast_head_json":{"title":"Eleitor rejeita Lula, aprova Ibaneis Rocha e fortalece Celina Le\u00e3o - Notibras","robots":{"index":"index","follow":"follow","max-snippet":"max-snippet:-1","max-image-preview":"max-image-preview:large","max-video-preview":"max-video-preview:-1"},"canonical":"https:\/\/www.notibras.com\/site\/eleitor-rejeita-lula-aprova-ibaneis-rocha-e-fortalece-celina-leao\/","og_locale":"pt_BR","og_type":"article","og_title":"Eleitor rejeita Lula, aprova Ibaneis Rocha e fortalece Celina Le\u00e3o - Notibras","og_description":"Duas pesquisas que circularam nas \u00faltimas 24 horas acenderam o sinal vermelho para o PT, o PSD, o PSB e o PSDB em Bras\u00edlia. O cen\u00e1rio, que j\u00e1 vinha se mostrando desfavor\u00e1vel para esses partidos, tornou-se ainda mais cr\u00edtico \u00e0 medida em que os dados indicam um avan\u00e7o expressivo da vice-governadora Celina Le\u00e3o (PP) e [&hellip;]","og_url":"https:\/\/www.notibras.com\/site\/eleitor-rejeita-lula-aprova-ibaneis-rocha-e-fortalece-celina-leao\/","og_site_name":"Notibras","article_publisher":"https:\/\/www.facebook.com\/notibras\/","article_published_time":"2025-12-10T14:17:18+00:00","og_image":[{"width":770,"height":512,"url":"https:\/\/www.notibras.com\/site\/wp-content\/uploads\/2025\/12\/lula-programa-seguranca_mcamgo_abr_21072023-2.jpg","type":"image\/jpeg"}],"author":"Reda\u00e7\u00e3o","twitter_card":"summary_large_image","twitter_creator":"@Notibras","twitter_site":"@Notibras","twitter_misc":{"Escrito por":"Reda\u00e7\u00e3o","Est. tempo de leitura":"4 minutos"},"schema":{"@context":"https:\/\/schema.org","@graph":[{"@type":"Article","@id":"https:\/\/www.notibras.com\/site\/eleitor-rejeita-lula-aprova-ibaneis-rocha-e-fortalece-celina-leao\/#article","isPartOf":{"@id":"https:\/\/www.notibras.com\/site\/eleitor-rejeita-lula-aprova-ibaneis-rocha-e-fortalece-celina-leao\/"},"author":{"name":"Reda\u00e7\u00e3o","@id":"https:\/\/www.notibras.com\/site\/#\/schema\/person\/36ab0979449956132d3e5b517ea76ac8"},"headline":"Eleitor rejeita Lula, aprova Ibaneis Rocha e fortalece Celina Le\u00e3o","datePublished":"2025-12-10T14:17:18+00:00","mainEntityOfPage":{"@id":"https:\/\/www.notibras.com\/site\/eleitor-rejeita-lula-aprova-ibaneis-rocha-e-fortalece-celina-leao\/"},"wordCount":624,"publisher":{"@id":"https:\/\/www.notibras.com\/site\/#organization"},"image":{"@id":"https:\/\/www.notibras.com\/site\/eleitor-rejeita-lula-aprova-ibaneis-rocha-e-fortalece-celina-leao\/#primaryimage"},"thumbnailUrl":"https:\/\/www.notibras.com\/site\/wp-content\/uploads\/2025\/12\/lula-programa-seguranca_mcamgo_abr_21072023-2.jpg","keywords":["capa"],"articleSection":["Quadradinho em Foco"],"inLanguage":"pt-BR"},{"@type":"WebPage","@id":"https:\/\/www.notibras.com\/site\/eleitor-rejeita-lula-aprova-ibaneis-rocha-e-fortalece-celina-leao\/","url":"https:\/\/www.notibras.com\/site\/eleitor-rejeita-lula-aprova-ibaneis-rocha-e-fortalece-celina-leao\/","name":"Eleitor rejeita Lula, aprova Ibaneis Rocha e fortalece Celina Le\u00e3o - Notibras","isPartOf":{"@id":"https:\/\/www.notibras.com\/site\/#website"},"primaryImageOfPage":{"@id":"https:\/\/www.notibras.com\/site\/eleitor-rejeita-lula-aprova-ibaneis-rocha-e-fortalece-celina-leao\/#primaryimage"},"image":{"@id":"https:\/\/www.notibras.com\/site\/eleitor-rejeita-lula-aprova-ibaneis-rocha-e-fortalece-celina-leao\/#primaryimage"},"thumbnailUrl":"https:\/\/www.notibras.com\/site\/wp-content\/uploads\/2025\/12\/lula-programa-seguranca_mcamgo_abr_21072023-2.jpg","datePublished":"2025-12-10T14:17:18+00:00","breadcrumb":{"@id":"https:\/\/www.notibras.com\/site\/eleitor-rejeita-lula-aprova-ibaneis-rocha-e-fortalece-celina-leao\/#breadcrumb"},"inLanguage":"pt-BR","potentialAction":[{"@type":"ReadAction","target":["https:\/\/www.notibras.com\/site\/eleitor-rejeita-lula-aprova-ibaneis-rocha-e-fortalece-celina-leao\/"]}]},{"@type":"ImageObject","inLanguage":"pt-BR","@id":"https:\/\/www.notibras.com\/site\/eleitor-rejeita-lula-aprova-ibaneis-rocha-e-fortalece-celina-leao\/#primaryimage","url":"https:\/\/www.notibras.com\/site\/wp-content\/uploads\/2025\/12\/lula-programa-seguranca_mcamgo_abr_21072023-2.jpg","contentUrl":"https:\/\/www.notibras.com\/site\/wp-content\/uploads\/2025\/12\/lula-programa-seguranca_mcamgo_abr_21072023-2.jpg","width":770,"height":512},{"@type":"BreadcrumbList","@id":"https:\/\/www.notibras.com\/site\/eleitor-rejeita-lula-aprova-ibaneis-rocha-e-fortalece-celina-leao\/#breadcrumb","itemListElement":[{"@type":"ListItem","position":1,"name":"In\u00edcio","item":"https:\/\/www.notibras.com\/site\/"},{"@type":"ListItem","position":2,"name":"Eleitor rejeita Lula, aprova Ibaneis Rocha e fortalece Celina Le\u00e3o"}]},{"@type":"WebSite","@id":"https:\/\/www.notibras.com\/site\/#website","url":"https:\/\/www.notibras.com\/site\/","name":"Notibras","description":"Not\u00edcias de Bras\u00edlia, do Brasil e do Mundo","publisher":{"@id":"https:\/\/www.notibras.com\/site\/#organization"},"potentialAction":[{"@type":"SearchAction","target":{"@type":"EntryPoint","urlTemplate":"https:\/\/www.notibras.com\/site\/?s={search_term_string}"},"query-input":{"@type":"PropertyValueSpecification","valueRequired":true,"valueName":"search_term_string"}}],"inLanguage":"pt-BR"},{"@type":"Organization","@id":"https:\/\/www.notibras.com\/site\/#organization","name":"Grupo Notibras de Comunica\u00e7\u00e3o","url":"https:\/\/www.notibras.com\/site\/","logo":{"@type":"ImageObject","inLanguage":"pt-BR","@id":"https:\/\/www.notibras.com\/site\/#\/schema\/logo\/image\/","url":"https:\/\/www.notibras.com\/site\/wp-content\/uploads\/2023\/01\/notibras23.png","contentUrl":"https:\/\/www.notibras.com\/site\/wp-content\/uploads\/2023\/01\/notibras23.png","width":350,"height":87,"caption":"Grupo Notibras de Comunica\u00e7\u00e3o"},"image":{"@id":"https:\/\/www.notibras.com\/site\/#\/schema\/logo\/image\/"},"sameAs":["https:\/\/www.facebook.com\/notibras\/","https:\/\/x.com\/Notibras","https:\/\/www.instagram.com\/notibras\/"]},{"@type":"Person","@id":"https:\/\/www.notibras.com\/site\/#\/schema\/person\/36ab0979449956132d3e5b517ea76ac8","name":"Reda\u00e7\u00e3o","image":{"@type":"ImageObject","inLanguage":"pt-BR","@id":"https:\/\/secure.gravatar.com\/avatar\/e0a867bdedb85fd243eadf09663511f96fc81e0720a4a42581f334ad4303aa6b?s=96&d=mm&r=g","url":"https:\/\/secure.gravatar.com\/avatar\/e0a867bdedb85fd243eadf09663511f96fc81e0720a4a42581f334ad4303aa6b?s=96&d=mm&r=g","contentUrl":"https:\/\/secure.gravatar.com\/avatar\/e0a867bdedb85fd243eadf09663511f96fc81e0720a4a42581f334ad4303aa6b?s=96&d=mm&r=g","caption":"Reda\u00e7\u00e3o"}}]}},"amp_enabled":true,"_links":{"self":[{"href":"https:\/\/www.notibras.com\/site\/wp-json\/wp\/v2\/posts\/374245","targetHints":{"allow":["GET"]}}],"collection":[{"href":"https:\/\/www.notibras.com\/site\/wp-json\/wp\/v2\/posts"}],"about":[{"href":"https:\/\/www.notibras.com\/site\/wp-json\/wp\/v2\/types\/post"}],"author":[{"embeddable":true,"href":"https:\/\/www.notibras.com\/site\/wp-json\/wp\/v2\/users\/2"}],"replies":[{"embeddable":true,"href":"https:\/\/www.notibras.com\/site\/wp-json\/wp\/v2\/comments?post=374245"}],"version-history":[{"count":1,"href":"https:\/\/www.notibras.com\/site\/wp-json\/wp\/v2\/posts\/374245\/revisions"}],"predecessor-version":[{"id":374247,"href":"https:\/\/www.notibras.com\/site\/wp-json\/wp\/v2\/posts\/374245\/revisions\/374247"}],"wp:featuredmedia":[{"embeddable":true,"href":"https:\/\/www.notibras.com\/site\/wp-json\/wp\/v2\/media\/374246"}],"wp:attachment":[{"href":"https:\/\/www.notibras.com\/site\/wp-json\/wp\/v2\/media?parent=374245"}],"wp:term":[{"taxonomy":"category","embeddable":true,"href":"https:\/\/www.notibras.com\/site\/wp-json\/wp\/v2\/categories?post=374245"},{"taxonomy":"post_tag","embeddable":true,"href":"https:\/\/www.notibras.com\/site\/wp-json\/wp\/v2\/tags?post=374245"}],"curies":[{"name":"wp","href":"https:\/\/api.w.org\/{rel}","templated":true}]}}