{"id":374272,"date":"2025-12-11T02:30:14","date_gmt":"2025-12-11T05:30:14","guid":{"rendered":"https:\/\/www.notibras.com\/site\/?p=374272"},"modified":"2025-12-10T16:16:33","modified_gmt":"2025-12-10T19:16:33","slug":"nascentes-a-ultima-voz-das-aguas","status":"publish","type":"post","link":"https:\/\/www.notibras.com\/site\/nascentes-a-ultima-voz-das-aguas\/","title":{"rendered":"Nascentes, a \u00faltima voz das \u00c1guas"},"content":{"rendered":"<p>Muitas delas, como as do Rio Piracanjuba, foram destru\u00eddas pelo avan\u00e7o urbano e pelo desmatamento.<\/p>\n<p>Em setembro de 2010, escrevi no Blog Multivias que &#8220;milhares e milhares de nascentes de nossos rios pedem socorro&#8221;.<\/p>\n<p>Algumas, dizia eu, encontram fadas-madrinhas, como Helena Bernardes, que ent\u00e3o lutava pelas nascentes do Rio Piracanjuba com uma coragem que parecia maior do que a pr\u00f3pria geografia do Cerrado.<\/p>\n<p>Quinze anos depois, percebo que, se naquela \u00e9poca as \u00e1guas sussurravam, hoje elas gritam.<\/p>\n<p>Onde nasce o Piracanjuba<\/p>\n<p>O Rio Piracanjuba brota na Serra do Alicrim, entre Silv\u00e2nia e Bela Vista de Goi\u00e1s, solo sagrado do Cerrado, onde as ra\u00edzes profundas armazenam \u00e1gua por baixo da terra como quem guarda hist\u00f3rias. Suas primeiras fontes descem discretas pelas encostas e seguem viagem rumo a cidades que carregam seu nome: Bela Vista, Piracanjuba, Morrinhos, at\u00e9 desaguar no Rio Corumb\u00e1.<\/p>\n<p>\u00c9 um rio essencial. Abastece fam\u00edlias, irriga planta\u00e7\u00f5es, sustenta a pecu\u00e1ria, movimenta culturas tradicionais.<\/p>\n<p>Mas est\u00e1 doente.<\/p>\n<p>O rio que perde sua pr\u00f3pria origem<\/p>\n<p>A destrui\u00e7\u00e3o come\u00e7a sempre onde a vida come\u00e7a: nas nascentes. Elas sofrem com:<\/p>\n<p>\u2022 desmatamento,<\/p>\n<p>\u2022 avan\u00e7o urbano,<\/p>\n<p>\u2022 cercas que engolem olhos d&#8217;\u00e1gua,<\/p>\n<p>\u2022 propriedades privadas que transformam nascentes em funda\u00e7\u00f5es de muro,<\/p>\n<p>\u2022 eros\u00e3o acelerada pelo solo exposto,<\/p>\n<p>\u2022 contamina\u00e7\u00e3o difusa por agrot\u00f3xicos e esgoto mal tratado.<\/p>\n<p>A geografia n\u00e3o mudou. A dor, sim.<\/p>\n<p>Helena Bernardes, que acompanhei com tanto respeito em 2010, hoje encontra nascentes destru\u00eddas, soterradas ou capturadas como se fossem mat\u00e9ria descart\u00e1vel.<\/p>\n<p>E o que se destr\u00f3i na origem, o rio carrega em sil\u00eancio.<\/p>\n<p>O peixe que leva o nome do rio e que tamb\u00e9m desaparece<\/p>\n<p>Existe um peixe chamado piracanjuba.<\/p>\n<p>Elegante, forte, migrat\u00f3rio, capaz de alcan\u00e7ar 80 cent\u00edmetros, e cada vez mais raro.<\/p>\n<p>Seu nome cient\u00edfico, Brycon orbignyanus, lembra a bacia do Rio da Prata.<\/p>\n<p>Seu nome popular lembra Goi\u00e1s.<\/p>\n<p>E seu destino, infelizmente, lembra o do pr\u00f3prio rio: est\u00e1 amea\u00e7ado de extin\u00e7\u00e3o.<\/p>\n<p>A piracanjuba precisa de rios limpos, de correnteza forte, de caminhos migrat\u00f3rios livres. Mas encontra:<\/p>\n<p>\u2022 \u00e1gua turva,<\/p>\n<p>\u2022 pesticidas,<\/p>\n<p>\u2022 esgoto,<\/p>\n<p>\u2022 represas que interrompem o percurso,<\/p>\n<p>\u2022 perda de mata ciliar,<\/p>\n<p>\u2022 destrui\u00e7\u00e3o dos locais de reprodu\u00e7\u00e3o.<\/p>\n<p>\u00c9 um s\u00edmbolo perfeito &#8211; e doloroso, do que estamos perdendo.<\/p>\n<p>Se o peixe que leva o nome do rio some, \u00e9 o rio que est\u00e1 desaparecendo por dentro.<\/p>\n<p>A polui\u00e7\u00e3o recente: quando o alerta deixa de ser met\u00e1fora<\/p>\n<p>Em 2025, um relat\u00f3rio da Semad e do projeto AquaCerrado, conduzido por pesquisadores da UFG e UFJ, confirmou o que moradores j\u00e1 percebiam pela cor e pelo cheiro: o C\u00f3rrego Sussuapara, em Bela Vista de Goi\u00e1s, afluente do Piracanjuba, foi contaminado (Ver Refer\u00eancias). Encontraram:<\/p>\n<p>\u2022 bact\u00e9rias patog\u00eanicas,<\/p>\n<p>\u2022 res\u00edduos de pesticidas,<\/p>\n<p>\u2022 falhas no tratamento de esgoto,<\/p>\n<p>\u2022 e, sobretudo, acrilamida, um componente qu\u00edmico considerado potencialmente cancer\u00edgeno pela IARC (Leia nas Refer\u00eancias).<\/p>\n<p>O c\u00f3rrego nasce onde nasceu a pr\u00f3pria cidade de Bela Vista.<\/p>\n<p>E agora carrega doen\u00e7as. Carrega risco. Carrega urg\u00eancia.<\/p>\n<p>O Piracanjuba, que recebe essa \u00e1gua, tamb\u00e9m recebe essa heran\u00e7a de descaso.<\/p>\n<p>A COP30 j\u00e1 ficou para tr\u00e1s, mas o problema ficou aqui<\/p>\n<p>Passamos meses discutindo o futuro do planeta, assinando pactos, proclamando metas.<\/p>\n<p>Mas nenhum acordo internacional resiste se um rio de Goi\u00e1s, pequeno no mapa, mas imenso em significado, continuar morrendo na fonte.<\/p>\n<p>O p\u00f3s-COP30 nos obriga a olhar para o ch\u00e3o onde pisamos. Para a nascente que vira muro. Para o c\u00f3rrego que vira esgoto. Para o peixe que some da pr\u00f3pria hist\u00f3ria.<\/p>\n<p>A Terra n\u00e3o mente. E o Cerrado, muito menos.<\/p>\n<p>Onde a \u00e1gua recua, a vida retrocede.<\/p>\n<p>Onde a nascente desaparece, desaparece tamb\u00e9m o futuro que prometemos construir.<\/p>\n<p>O que fazemos agora?<\/p>\n<p>Retorno ao texto de 2010, ao final da minha cr\u00f4nica:<\/p>\n<p>&#8220;E voc\u00ea, como est\u00e1 cuidando de cada gotinha de vida que chega at\u00e9 sua casa?&#8221;<\/p>\n<p>Hoje, a pergunta \u00e9 ainda maior:<\/p>\n<p>Como estamos cuidando do rio que d\u00e1 nome \u00e0 nossa pr\u00f3pria identidade?<\/p>\n<p>Como estamos protegendo as nascentes que garantem abastecimento, biodiversidade, cultura e perman\u00eancia?<\/p>\n<p>O Piracanjuba, rio e peixe, nos pede socorro em duas vozes.<\/p>\n<p>Uma corre pela superf\u00edcie, outra nada por baixo da \u00e1gua.<\/p>\n<p>As duas dizem a mesma coisa:<\/p>\n<p>Ainda h\u00e1 tempo. Mas j\u00e1 n\u00e3o h\u00e1 tempo a perder.<\/p>\n<p><strong>&#8230;&#8230;&#8230;&#8230;&#8230;&#8230;&#8230;&#8230;&#8230;&#8230;&#8230;&#8230;&#8230;&#8230;..<\/strong><\/p>\n<p><strong>Refer\u00eancias: Confira no Blog Multivias. <\/strong><br \/>\n<strong>@luisanogueiraautora<\/strong><\/p>\n","protected":false},"excerpt":{"rendered":"<p>Muitas delas, como as do Rio Piracanjuba, foram destru\u00eddas pelo avan\u00e7o urbano e pelo desmatamento. Em setembro de 2010, escrevi no Blog Multivias que &#8220;milhares e milhares de nascentes de nossos rios pedem socorro&#8221;. Algumas, dizia eu, encontram fadas-madrinhas, como Helena Bernardes, que ent\u00e3o lutava pelas nascentes do Rio Piracanjuba com uma coragem que parecia [&hellip;]<\/p>\n","protected":false},"author":21,"featured_media":374274,"comment_status":"closed","ping_status":"closed","sticky":false,"template":"","format":"standard","meta":{"_acf_changed":false,"footnotes":""},"categories":[236],"tags":[],"class_list":["post-374272","post","type-post","status-publish","format-standard","has-post-thumbnail","hentry","category-ponto-de-vista"],"acf":[],"yoast_head":"<!-- This site is optimized with the Yoast SEO plugin v27.2 - https:\/\/yoast.com\/product\/yoast-seo-wordpress\/ -->\n<title>Nascentes, a \u00faltima voz das \u00c1guas - Notibras<\/title>\n<meta name=\"robots\" content=\"index, follow, max-snippet:-1, max-image-preview:large, max-video-preview:-1\" \/>\n<link rel=\"canonical\" href=\"https:\/\/www.notibras.com\/site\/nascentes-a-ultima-voz-das-aguas\/\" \/>\n<meta property=\"og:locale\" content=\"pt_BR\" \/>\n<meta property=\"og:type\" content=\"article\" \/>\n<meta property=\"og:title\" content=\"Nascentes, a \u00faltima voz das \u00c1guas - Notibras\" \/>\n<meta property=\"og:description\" content=\"Muitas delas, como as do Rio Piracanjuba, foram destru\u00eddas pelo avan\u00e7o urbano e pelo desmatamento. Em setembro de 2010, escrevi no Blog Multivias que &#8220;milhares e milhares de nascentes de nossos rios pedem socorro&#8221;. Algumas, dizia eu, encontram fadas-madrinhas, como Helena Bernardes, que ent\u00e3o lutava pelas nascentes do Rio Piracanjuba com uma coragem que parecia [&hellip;]\" \/>\n<meta property=\"og:url\" content=\"https:\/\/www.notibras.com\/site\/nascentes-a-ultima-voz-das-aguas\/\" \/>\n<meta property=\"og:site_name\" content=\"Notibras\" \/>\n<meta property=\"article:publisher\" content=\"https:\/\/www.facebook.com\/notibras\/\" \/>\n<meta property=\"article:published_time\" content=\"2025-12-11T05:30:14+00:00\" \/>\n<meta property=\"og:image\" content=\"https:\/\/www.notibras.com\/site\/wp-content\/uploads\/2025\/12\/img_0025.webp\" \/>\n\t<meta property=\"og:image:width\" content=\"600\" \/>\n\t<meta property=\"og:image:height\" content=\"450\" \/>\n\t<meta property=\"og:image:type\" content=\"image\/webp\" \/>\n<meta name=\"author\" content=\"Eduardo Mart\u00ednez\" \/>\n<meta name=\"twitter:card\" content=\"summary_large_image\" \/>\n<meta name=\"twitter:creator\" content=\"@Notibras\" \/>\n<meta name=\"twitter:site\" content=\"@Notibras\" \/>\n<meta name=\"twitter:label1\" content=\"Escrito por\" \/>\n\t<meta name=\"twitter:data1\" content=\"Eduardo Mart\u00ednez\" \/>\n\t<meta name=\"twitter:label2\" content=\"Est. tempo de leitura\" \/>\n\t<meta name=\"twitter:data2\" content=\"5 minutos\" \/>\n<script type=\"application\/ld+json\" class=\"yoast-schema-graph\">{\"@context\":\"https:\/\/schema.org\",\"@graph\":[{\"@type\":\"Article\",\"@id\":\"https:\/\/www.notibras.com\/site\/nascentes-a-ultima-voz-das-aguas\/#article\",\"isPartOf\":{\"@id\":\"https:\/\/www.notibras.com\/site\/nascentes-a-ultima-voz-das-aguas\/\"},\"author\":{\"name\":\"Eduardo Mart\u00ednez\",\"@id\":\"https:\/\/www.notibras.com\/site\/#\/schema\/person\/5b7fabf2aedc3ada2105f03b22b4d3dd\"},\"headline\":\"Nascentes, a \u00faltima voz das \u00c1guas\",\"datePublished\":\"2025-12-11T05:30:14+00:00\",\"mainEntityOfPage\":{\"@id\":\"https:\/\/www.notibras.com\/site\/nascentes-a-ultima-voz-das-aguas\/\"},\"wordCount\":750,\"publisher\":{\"@id\":\"https:\/\/www.notibras.com\/site\/#organization\"},\"image\":{\"@id\":\"https:\/\/www.notibras.com\/site\/nascentes-a-ultima-voz-das-aguas\/#primaryimage\"},\"thumbnailUrl\":\"https:\/\/www.notibras.com\/site\/wp-content\/uploads\/2025\/12\/img_0025.webp\",\"articleSection\":[\"Ponto de Vista\"],\"inLanguage\":\"pt-BR\"},{\"@type\":\"WebPage\",\"@id\":\"https:\/\/www.notibras.com\/site\/nascentes-a-ultima-voz-das-aguas\/\",\"url\":\"https:\/\/www.notibras.com\/site\/nascentes-a-ultima-voz-das-aguas\/\",\"name\":\"Nascentes, a \u00faltima voz das \u00c1guas - Notibras\",\"isPartOf\":{\"@id\":\"https:\/\/www.notibras.com\/site\/#website\"},\"primaryImageOfPage\":{\"@id\":\"https:\/\/www.notibras.com\/site\/nascentes-a-ultima-voz-das-aguas\/#primaryimage\"},\"image\":{\"@id\":\"https:\/\/www.notibras.com\/site\/nascentes-a-ultima-voz-das-aguas\/#primaryimage\"},\"thumbnailUrl\":\"https:\/\/www.notibras.com\/site\/wp-content\/uploads\/2025\/12\/img_0025.webp\",\"datePublished\":\"2025-12-11T05:30:14+00:00\",\"breadcrumb\":{\"@id\":\"https:\/\/www.notibras.com\/site\/nascentes-a-ultima-voz-das-aguas\/#breadcrumb\"},\"inLanguage\":\"pt-BR\",\"potentialAction\":[{\"@type\":\"ReadAction\",\"target\":[\"https:\/\/www.notibras.com\/site\/nascentes-a-ultima-voz-das-aguas\/\"]}]},{\"@type\":\"ImageObject\",\"inLanguage\":\"pt-BR\",\"@id\":\"https:\/\/www.notibras.com\/site\/nascentes-a-ultima-voz-das-aguas\/#primaryimage\",\"url\":\"https:\/\/www.notibras.com\/site\/wp-content\/uploads\/2025\/12\/img_0025.webp\",\"contentUrl\":\"https:\/\/www.notibras.com\/site\/wp-content\/uploads\/2025\/12\/img_0025.webp\",\"width\":600,\"height\":450},{\"@type\":\"BreadcrumbList\",\"@id\":\"https:\/\/www.notibras.com\/site\/nascentes-a-ultima-voz-das-aguas\/#breadcrumb\",\"itemListElement\":[{\"@type\":\"ListItem\",\"position\":1,\"name\":\"In\u00edcio\",\"item\":\"https:\/\/www.notibras.com\/site\/\"},{\"@type\":\"ListItem\",\"position\":2,\"name\":\"Nascentes, a \u00faltima voz das \u00c1guas\"}]},{\"@type\":\"WebSite\",\"@id\":\"https:\/\/www.notibras.com\/site\/#website\",\"url\":\"https:\/\/www.notibras.com\/site\/\",\"name\":\"Notibras\",\"description\":\"Not\u00edcias de Bras\u00edlia, do Brasil e do Mundo\",\"publisher\":{\"@id\":\"https:\/\/www.notibras.com\/site\/#organization\"},\"potentialAction\":[{\"@type\":\"SearchAction\",\"target\":{\"@type\":\"EntryPoint\",\"urlTemplate\":\"https:\/\/www.notibras.com\/site\/?s={search_term_string}\"},\"query-input\":{\"@type\":\"PropertyValueSpecification\",\"valueRequired\":true,\"valueName\":\"search_term_string\"}}],\"inLanguage\":\"pt-BR\"},{\"@type\":\"Organization\",\"@id\":\"https:\/\/www.notibras.com\/site\/#organization\",\"name\":\"Grupo Notibras de Comunica\u00e7\u00e3o\",\"url\":\"https:\/\/www.notibras.com\/site\/\",\"logo\":{\"@type\":\"ImageObject\",\"inLanguage\":\"pt-BR\",\"@id\":\"https:\/\/www.notibras.com\/site\/#\/schema\/logo\/image\/\",\"url\":\"https:\/\/www.notibras.com\/site\/wp-content\/uploads\/2023\/01\/notibras23.png\",\"contentUrl\":\"https:\/\/www.notibras.com\/site\/wp-content\/uploads\/2023\/01\/notibras23.png\",\"width\":350,\"height\":87,\"caption\":\"Grupo Notibras de Comunica\u00e7\u00e3o\"},\"image\":{\"@id\":\"https:\/\/www.notibras.com\/site\/#\/schema\/logo\/image\/\"},\"sameAs\":[\"https:\/\/www.facebook.com\/notibras\/\",\"https:\/\/x.com\/Notibras\",\"https:\/\/www.instagram.com\/notibras\/\"]},{\"@type\":\"Person\",\"@id\":\"https:\/\/www.notibras.com\/site\/#\/schema\/person\/5b7fabf2aedc3ada2105f03b22b4d3dd\",\"name\":\"Eduardo Mart\u00ednez\",\"image\":{\"@type\":\"ImageObject\",\"inLanguage\":\"pt-BR\",\"@id\":\"https:\/\/secure.gravatar.com\/avatar\/7902f906289926289cbcda644b5197c796b893c6ffd7b9a536a42d290f7704a0?s=96&d=mm&r=g\",\"url\":\"https:\/\/secure.gravatar.com\/avatar\/7902f906289926289cbcda644b5197c796b893c6ffd7b9a536a42d290f7704a0?s=96&d=mm&r=g\",\"contentUrl\":\"https:\/\/secure.gravatar.com\/avatar\/7902f906289926289cbcda644b5197c796b893c6ffd7b9a536a42d290f7704a0?s=96&d=mm&r=g\",\"caption\":\"Eduardo Mart\u00ednez\"}}]}<\/script>\n<!-- \/ Yoast SEO plugin. -->","yoast_head_json":{"title":"Nascentes, a \u00faltima voz das \u00c1guas - Notibras","robots":{"index":"index","follow":"follow","max-snippet":"max-snippet:-1","max-image-preview":"max-image-preview:large","max-video-preview":"max-video-preview:-1"},"canonical":"https:\/\/www.notibras.com\/site\/nascentes-a-ultima-voz-das-aguas\/","og_locale":"pt_BR","og_type":"article","og_title":"Nascentes, a \u00faltima voz das \u00c1guas - Notibras","og_description":"Muitas delas, como as do Rio Piracanjuba, foram destru\u00eddas pelo avan\u00e7o urbano e pelo desmatamento. Em setembro de 2010, escrevi no Blog Multivias que &#8220;milhares e milhares de nascentes de nossos rios pedem socorro&#8221;. Algumas, dizia eu, encontram fadas-madrinhas, como Helena Bernardes, que ent\u00e3o lutava pelas nascentes do Rio Piracanjuba com uma coragem que parecia [&hellip;]","og_url":"https:\/\/www.notibras.com\/site\/nascentes-a-ultima-voz-das-aguas\/","og_site_name":"Notibras","article_publisher":"https:\/\/www.facebook.com\/notibras\/","article_published_time":"2025-12-11T05:30:14+00:00","og_image":[{"width":600,"height":450,"url":"https:\/\/www.notibras.com\/site\/wp-content\/uploads\/2025\/12\/img_0025.webp","type":"image\/webp"}],"author":"Eduardo Mart\u00ednez","twitter_card":"summary_large_image","twitter_creator":"@Notibras","twitter_site":"@Notibras","twitter_misc":{"Escrito por":"Eduardo Mart\u00ednez","Est. tempo de leitura":"5 minutos"},"schema":{"@context":"https:\/\/schema.org","@graph":[{"@type":"Article","@id":"https:\/\/www.notibras.com\/site\/nascentes-a-ultima-voz-das-aguas\/#article","isPartOf":{"@id":"https:\/\/www.notibras.com\/site\/nascentes-a-ultima-voz-das-aguas\/"},"author":{"name":"Eduardo Mart\u00ednez","@id":"https:\/\/www.notibras.com\/site\/#\/schema\/person\/5b7fabf2aedc3ada2105f03b22b4d3dd"},"headline":"Nascentes, a \u00faltima voz das \u00c1guas","datePublished":"2025-12-11T05:30:14+00:00","mainEntityOfPage":{"@id":"https:\/\/www.notibras.com\/site\/nascentes-a-ultima-voz-das-aguas\/"},"wordCount":750,"publisher":{"@id":"https:\/\/www.notibras.com\/site\/#organization"},"image":{"@id":"https:\/\/www.notibras.com\/site\/nascentes-a-ultima-voz-das-aguas\/#primaryimage"},"thumbnailUrl":"https:\/\/www.notibras.com\/site\/wp-content\/uploads\/2025\/12\/img_0025.webp","articleSection":["Ponto de Vista"],"inLanguage":"pt-BR"},{"@type":"WebPage","@id":"https:\/\/www.notibras.com\/site\/nascentes-a-ultima-voz-das-aguas\/","url":"https:\/\/www.notibras.com\/site\/nascentes-a-ultima-voz-das-aguas\/","name":"Nascentes, a \u00faltima voz das \u00c1guas - Notibras","isPartOf":{"@id":"https:\/\/www.notibras.com\/site\/#website"},"primaryImageOfPage":{"@id":"https:\/\/www.notibras.com\/site\/nascentes-a-ultima-voz-das-aguas\/#primaryimage"},"image":{"@id":"https:\/\/www.notibras.com\/site\/nascentes-a-ultima-voz-das-aguas\/#primaryimage"},"thumbnailUrl":"https:\/\/www.notibras.com\/site\/wp-content\/uploads\/2025\/12\/img_0025.webp","datePublished":"2025-12-11T05:30:14+00:00","breadcrumb":{"@id":"https:\/\/www.notibras.com\/site\/nascentes-a-ultima-voz-das-aguas\/#breadcrumb"},"inLanguage":"pt-BR","potentialAction":[{"@type":"ReadAction","target":["https:\/\/www.notibras.com\/site\/nascentes-a-ultima-voz-das-aguas\/"]}]},{"@type":"ImageObject","inLanguage":"pt-BR","@id":"https:\/\/www.notibras.com\/site\/nascentes-a-ultima-voz-das-aguas\/#primaryimage","url":"https:\/\/www.notibras.com\/site\/wp-content\/uploads\/2025\/12\/img_0025.webp","contentUrl":"https:\/\/www.notibras.com\/site\/wp-content\/uploads\/2025\/12\/img_0025.webp","width":600,"height":450},{"@type":"BreadcrumbList","@id":"https:\/\/www.notibras.com\/site\/nascentes-a-ultima-voz-das-aguas\/#breadcrumb","itemListElement":[{"@type":"ListItem","position":1,"name":"In\u00edcio","item":"https:\/\/www.notibras.com\/site\/"},{"@type":"ListItem","position":2,"name":"Nascentes, a \u00faltima voz das \u00c1guas"}]},{"@type":"WebSite","@id":"https:\/\/www.notibras.com\/site\/#website","url":"https:\/\/www.notibras.com\/site\/","name":"Notibras","description":"Not\u00edcias de Bras\u00edlia, do Brasil e do Mundo","publisher":{"@id":"https:\/\/www.notibras.com\/site\/#organization"},"potentialAction":[{"@type":"SearchAction","target":{"@type":"EntryPoint","urlTemplate":"https:\/\/www.notibras.com\/site\/?s={search_term_string}"},"query-input":{"@type":"PropertyValueSpecification","valueRequired":true,"valueName":"search_term_string"}}],"inLanguage":"pt-BR"},{"@type":"Organization","@id":"https:\/\/www.notibras.com\/site\/#organization","name":"Grupo Notibras de Comunica\u00e7\u00e3o","url":"https:\/\/www.notibras.com\/site\/","logo":{"@type":"ImageObject","inLanguage":"pt-BR","@id":"https:\/\/www.notibras.com\/site\/#\/schema\/logo\/image\/","url":"https:\/\/www.notibras.com\/site\/wp-content\/uploads\/2023\/01\/notibras23.png","contentUrl":"https:\/\/www.notibras.com\/site\/wp-content\/uploads\/2023\/01\/notibras23.png","width":350,"height":87,"caption":"Grupo Notibras de Comunica\u00e7\u00e3o"},"image":{"@id":"https:\/\/www.notibras.com\/site\/#\/schema\/logo\/image\/"},"sameAs":["https:\/\/www.facebook.com\/notibras\/","https:\/\/x.com\/Notibras","https:\/\/www.instagram.com\/notibras\/"]},{"@type":"Person","@id":"https:\/\/www.notibras.com\/site\/#\/schema\/person\/5b7fabf2aedc3ada2105f03b22b4d3dd","name":"Eduardo Mart\u00ednez","image":{"@type":"ImageObject","inLanguage":"pt-BR","@id":"https:\/\/secure.gravatar.com\/avatar\/7902f906289926289cbcda644b5197c796b893c6ffd7b9a536a42d290f7704a0?s=96&d=mm&r=g","url":"https:\/\/secure.gravatar.com\/avatar\/7902f906289926289cbcda644b5197c796b893c6ffd7b9a536a42d290f7704a0?s=96&d=mm&r=g","contentUrl":"https:\/\/secure.gravatar.com\/avatar\/7902f906289926289cbcda644b5197c796b893c6ffd7b9a536a42d290f7704a0?s=96&d=mm&r=g","caption":"Eduardo Mart\u00ednez"}}]}},"amp_enabled":true,"_links":{"self":[{"href":"https:\/\/www.notibras.com\/site\/wp-json\/wp\/v2\/posts\/374272","targetHints":{"allow":["GET"]}}],"collection":[{"href":"https:\/\/www.notibras.com\/site\/wp-json\/wp\/v2\/posts"}],"about":[{"href":"https:\/\/www.notibras.com\/site\/wp-json\/wp\/v2\/types\/post"}],"author":[{"embeddable":true,"href":"https:\/\/www.notibras.com\/site\/wp-json\/wp\/v2\/users\/21"}],"replies":[{"embeddable":true,"href":"https:\/\/www.notibras.com\/site\/wp-json\/wp\/v2\/comments?post=374272"}],"version-history":[{"count":4,"href":"https:\/\/www.notibras.com\/site\/wp-json\/wp\/v2\/posts\/374272\/revisions"}],"predecessor-version":[{"id":374278,"href":"https:\/\/www.notibras.com\/site\/wp-json\/wp\/v2\/posts\/374272\/revisions\/374278"}],"wp:featuredmedia":[{"embeddable":true,"href":"https:\/\/www.notibras.com\/site\/wp-json\/wp\/v2\/media\/374274"}],"wp:attachment":[{"href":"https:\/\/www.notibras.com\/site\/wp-json\/wp\/v2\/media?parent=374272"}],"wp:term":[{"taxonomy":"category","embeddable":true,"href":"https:\/\/www.notibras.com\/site\/wp-json\/wp\/v2\/categories?post=374272"},{"taxonomy":"post_tag","embeddable":true,"href":"https:\/\/www.notibras.com\/site\/wp-json\/wp\/v2\/tags?post=374272"}],"curies":[{"name":"wp","href":"https:\/\/api.w.org\/{rel}","templated":true}]}}