{"id":374399,"date":"2025-12-11T07:06:30","date_gmt":"2025-12-11T10:06:30","guid":{"rendered":"https:\/\/www.notibras.com\/site\/?p=374399"},"modified":"2025-12-11T07:06:30","modified_gmt":"2025-12-11T10:06:30","slug":"vacina-contra-bronquiolite-comeca-a-ser-aplicada-em-gestantes-saiba-onde","status":"publish","type":"post","link":"https:\/\/www.notibras.com\/site\/vacina-contra-bronquiolite-comeca-a-ser-aplicada-em-gestantes-saiba-onde\/","title":{"rendered":"Vacina contra bronquiolite come\u00e7a a ser aplicada em gestantes; saiba onde"},"content":{"rendered":"<div>A Prefeitura do Recife iniciou, nesta quarta-feira (10), a aplica\u00e7\u00e3o da vacina contra o V\u00edrus Sincicial Respirat\u00f3rio (VSR) em gestantes. O imunizante, que protege os rec\u00e9m-nascidos contra a bronquiolite e outras infec\u00e7\u00f5es respirat\u00f3rias graves nos primeiros meses de vida, passa a integrar o calend\u00e1rio municipal de vacina\u00e7\u00e3o e est\u00e1 dispon\u00edvel gratuitamente pelo Sistema \u00danico de Sa\u00fade (SUS).<\/div>\n<div><\/div>\n<div>A vacina\u00e7\u00e3o \u00e9 destinada a gestantes a partir da 28\u00aa semana de gravidez, sem limite m\u00e1ximo de idade gestacional. A dose \u00e9 \u00fanica e deve ser aplicada a cada nova gesta\u00e7\u00e3o. O objetivo \u00e9 garantir que os anticorpos produzidos pela m\u00e3e sejam transferidos para o beb\u00ea ainda no \u00fatero, oferecendo prote\u00e7\u00e3o logo ap\u00f3s o nascimento.<\/div>\n<div><\/div>\n<div>A bronquiolite, causada principalmente pelo VSR, \u00e9 uma das principais causas de interna\u00e7\u00f5es de crian\u00e7as menores de dois anos, especialmente durante o per\u00edodo de maior circula\u00e7\u00e3o do v\u00edrus.<\/div>\n<div><\/div>\n<div>A rede municipal disponibilizou 162 salas de vacina\u00e7\u00e3o, distribu\u00eddas em unidades b\u00e1sicas de sa\u00fade, policl\u00ednicas e centros de atendimento espalhados por toda a cidade. Para receber o imunizante, a gestante deve apresentar:<\/div>\n<div><\/div>\n<div>\u2022Documento de identifica\u00e7\u00e3o com foto<\/div>\n<div>\u2022Cart\u00e3o SUS ou CPF<\/div>\n<div>\u2022Cart\u00e3o de vacina<\/div>\n<div>\u2022Comprovante da idade gestacional (cart\u00e3o de pr\u00e9-natal, laudo ou ultrassom)<\/div>\n<div><\/div>\n<div>O atendimento segue o hor\u00e1rio habitual de funcionamento de cada unidade.<\/div>\n<div><\/div>\n<div>Especialistas alertam que os primeiros meses de vida s\u00e3o o per\u00edodo de maior vulnerabilidade do beb\u00ea \u00e0s complica\u00e7\u00f5es do VSR. A imuniza\u00e7\u00e3o na gesta\u00e7\u00e3o permite que o rec\u00e9m-nascido esteja protegido desde o nascimento, reduzindo o risco de quadros graves de bronquiolite e pneumonia.<\/div>\n<div><\/div>\n<div>A prefeitura pretende vacinar 80% das gestantes do munic\u00edpio. O Recife recebeu um lote inicial com pouco mais de quatro mil doses, parte do quantitativo enviado pelo Minist\u00e9rio da Sa\u00fade para Pernambuco.<\/div>\n<div><\/div>\n<div>A vacina n\u00e3o deve ser aplicada em mulheres com hist\u00f3rico de alergia a componentes da f\u00f3rmula. Em casos de febre moderada ou alta, \u00e9 recomendado adiar a vacina\u00e7\u00e3o at\u00e9 a melhora do quadro.<\/div>\n","protected":false},"excerpt":{"rendered":"<p>A Prefeitura do Recife iniciou, nesta quarta-feira (10), a aplica\u00e7\u00e3o da vacina contra o V\u00edrus Sincicial Respirat\u00f3rio (VSR) em gestantes. O imunizante, que protege os rec\u00e9m-nascidos contra a bronquiolite e outras infec\u00e7\u00f5es respirat\u00f3rias graves nos primeiros meses de vida, passa a integrar o calend\u00e1rio municipal de vacina\u00e7\u00e3o e est\u00e1 dispon\u00edvel gratuitamente pelo Sistema \u00danico de [&hellip;]<\/p>\n","protected":false},"author":2,"featured_media":374400,"comment_status":"closed","ping_status":"closed","sticky":false,"template":"","format":"standard","meta":{"_acf_changed":false,"footnotes":""},"categories":[165],"tags":[],"class_list":["post-374399","post","type-post","status-publish","format-standard","has-post-thumbnail","hentry","category-nordeste"],"acf":[],"_links":{"self":[{"href":"https:\/\/www.notibras.com\/site\/wp-json\/wp\/v2\/posts\/374399","targetHints":{"allow":["GET"]}}],"collection":[{"href":"https:\/\/www.notibras.com\/site\/wp-json\/wp\/v2\/posts"}],"about":[{"href":"https:\/\/www.notibras.com\/site\/wp-json\/wp\/v2\/types\/post"}],"author":[{"embeddable":true,"href":"https:\/\/www.notibras.com\/site\/wp-json\/wp\/v2\/users\/2"}],"replies":[{"embeddable":true,"href":"https:\/\/www.notibras.com\/site\/wp-json\/wp\/v2\/comments?post=374399"}],"version-history":[{"count":1,"href":"https:\/\/www.notibras.com\/site\/wp-json\/wp\/v2\/posts\/374399\/revisions"}],"predecessor-version":[{"id":374401,"href":"https:\/\/www.notibras.com\/site\/wp-json\/wp\/v2\/posts\/374399\/revisions\/374401"}],"wp:featuredmedia":[{"embeddable":true,"href":"https:\/\/www.notibras.com\/site\/wp-json\/wp\/v2\/media\/374400"}],"wp:attachment":[{"href":"https:\/\/www.notibras.com\/site\/wp-json\/wp\/v2\/media?parent=374399"}],"wp:term":[{"taxonomy":"category","embeddable":true,"href":"https:\/\/www.notibras.com\/site\/wp-json\/wp\/v2\/categories?post=374399"},{"taxonomy":"post_tag","embeddable":true,"href":"https:\/\/www.notibras.com\/site\/wp-json\/wp\/v2\/tags?post=374399"}],"curies":[{"name":"wp","href":"https:\/\/api.w.org\/{rel}","templated":true}]}}