{"id":374402,"date":"2025-12-11T00:11:03","date_gmt":"2025-12-11T03:11:03","guid":{"rendered":"https:\/\/www.notibras.com\/site\/?p=374402"},"modified":"2025-12-11T07:14:01","modified_gmt":"2025-12-11T10:14:01","slug":"projeto-impede-contratacao-de-atletas-e-artistas-condenados-por-violencia","status":"publish","type":"post","link":"https:\/\/www.notibras.com\/site\/projeto-impede-contratacao-de-atletas-e-artistas-condenados-por-violencia\/","title":{"rendered":"Projeto impede contrata\u00e7\u00e3o de atletas e artistas condenados por viol\u00eancia"},"content":{"rendered":"<div>A Assembleia Legislativa do Estado do Piau\u00ed (Alepi) acaba de aprovar em comiss\u00e3o um projeto de lei que, se confirmado, proibir\u00e1 o Estado do Piau\u00ed de contratar artistas, atletas ou profissionais do entretenimento condenados por crimes de viol\u00eancia dom\u00e9stica, familiar, contra crian\u00e7as, idosos ou pessoas com defici\u00eancia, para eventos ou programas p\u00fablicos.<\/div>\n<div><\/div>\n<div>O que prev\u00ea a proposta:<\/div>\n<div><\/div>\n<div>\u2022O texto pro\u00edbe que pessoas condenadas \u2014 com senten\u00e7a definitiva \u2014 por crimes de viol\u00eancia dom\u00e9stica ou correlatos recebam bolsas esportivas, patroc\u00ednios, pr\u00eamios, aux\u00edlios financeiros ou participem de programas de esporte, cultura e entretenimento financiados pelo Estado.<\/div>\n<div><\/div>\n<div>\u2022Tamb\u00e9m ficam vetadas contrata\u00e7\u00f5es diretas ou indiretas para cargos p\u00fablicos comissionados ligados ao esporte, cultura ou lazer, enquanto perdurar a condena\u00e7\u00e3o.<\/div>\n<div><\/div>\n<div>\u2022A proibi\u00e7\u00e3o se aplica a eventos culturais, esportivos, festivais, shows e quaisquer atividades custeadas total ou parcialmente com recursos p\u00fablicos estaduais.<\/div>\n<div><\/div>\n<div>Recentemente foi sancionada a Lei 8.824\/2025, que instituiu o Cadastro Estadual de Pessoas Condenadas por Crime de Viol\u00eancia Contra a Mulher no Piau\u00ed \u2014 uma base p\u00fablica com nome, foto e dados processuais de quem tem condena\u00e7\u00e3o definitiva por crimes de viol\u00eancia contra mulher.<\/div>\n<div><\/div>\n<div>Esse mecanismo de transpar\u00eancia \u00e9 tido como ferramenta de preven\u00e7\u00e3o \u2014 permitindo que cidad\u00e3os verifiquem se uma pessoa j\u00e1 foi condenada. A exist\u00eancia do cadastro pode facilitar a fiscaliza\u00e7\u00e3o da lei, caso a proposta de restri\u00e7\u00e3o \u00e0s contrata\u00e7\u00f5es seja aprovada definitivamente.<\/div>\n<div><\/div>\n<div>Os defensores da medida afirmam que o Estado n\u00e3o deve dar visibilidade \u2014 por meio de eventos p\u00fablicos ou patroc\u00ednios \u2014 a quem cometeu viol\u00eancia dom\u00e9stica ou crimes graves contra vulner\u00e1veis. A proposta busca evitar que recursos p\u00fablicos revitimizem ou promovam agressores, contribuindo para a responsabiliza\u00e7\u00e3o e a preven\u00e7\u00e3o da viol\u00eancia.<\/div>\n<div><\/div>\n<div>Al\u00e9m disso, ao unir o cadastro p\u00fablico de condenados com a proibi\u00e7\u00e3o de contrata\u00e7\u00f5es ou patroc\u00ednios, a iniciativa tenta dar celeridade \u00e0 fiscaliza\u00e7\u00e3o e tornar a lei efetiva, evitando que pessoas condenadas continuem participando de eventos p\u00fablicos.<\/div>\n<div><\/div>\n<div>At\u00e9 o momento, a proposta foi aprovada em comiss\u00e3o da Alepi. Para entrar em vigor, ela ainda precisa passar por vota\u00e7\u00e3o em plen\u00e1rio. Se aprovada, o texto deve ser sancionado pelo governo estadual para se tornar lei.<\/div>\n<div><\/div>\n<div>A medida pode provocar mudan\u00e7as profundas no mercado de cultura e esporte estaduais \u2014 artistas e atletas com condena\u00e7\u00e3o definitiva podem perder patroc\u00ednios, contratos e participa\u00e7\u00e3o em eventos p\u00fablicos. Por outro lado, organiza\u00e7\u00f5es de defesa dos direitos da mulher e especialistas em viol\u00eancia dom\u00e9stica apontam a proposta como uma vit\u00f3ria simb\u00f3lica e pr\u00e1tica no combate \u00e0 impunidade.<\/div>\n<div><\/div>\n<div>Contudo, h\u00e1 cr\u00edticas poss\u00edveis: defensores de direitos civis alertam para o risco de estigmatiza\u00e7\u00e3o, questionam como ser\u00e1 feita a verifica\u00e7\u00e3o das condena\u00e7\u00f5es e cobram garantias de que apenas pessoas com senten\u00e7a transitada em julgado ser\u00e3o punidas \u2014 evitando viola\u00e7\u00f5es de presun\u00e7\u00e3o de inoc\u00eancia.<\/div>\n","protected":false},"excerpt":{"rendered":"<p>A Assembleia Legislativa do Estado do Piau\u00ed (Alepi) acaba de aprovar em comiss\u00e3o um projeto de lei que, se confirmado, proibir\u00e1 o Estado do Piau\u00ed de contratar artistas, atletas ou profissionais do entretenimento condenados por crimes de viol\u00eancia dom\u00e9stica, familiar, contra crian\u00e7as, idosos ou pessoas com defici\u00eancia, para eventos ou programas p\u00fablicos. O que prev\u00ea [&hellip;]<\/p>\n","protected":false},"author":2,"featured_media":374403,"comment_status":"closed","ping_status":"closed","sticky":false,"template":"","format":"standard","meta":{"_acf_changed":false,"footnotes":""},"categories":[165],"tags":[],"class_list":["post-374402","post","type-post","status-publish","format-standard","has-post-thumbnail","hentry","category-nordeste"],"acf":[],"_links":{"self":[{"href":"https:\/\/www.notibras.com\/site\/wp-json\/wp\/v2\/posts\/374402","targetHints":{"allow":["GET"]}}],"collection":[{"href":"https:\/\/www.notibras.com\/site\/wp-json\/wp\/v2\/posts"}],"about":[{"href":"https:\/\/www.notibras.com\/site\/wp-json\/wp\/v2\/types\/post"}],"author":[{"embeddable":true,"href":"https:\/\/www.notibras.com\/site\/wp-json\/wp\/v2\/users\/2"}],"replies":[{"embeddable":true,"href":"https:\/\/www.notibras.com\/site\/wp-json\/wp\/v2\/comments?post=374402"}],"version-history":[{"count":3,"href":"https:\/\/www.notibras.com\/site\/wp-json\/wp\/v2\/posts\/374402\/revisions"}],"predecessor-version":[{"id":374406,"href":"https:\/\/www.notibras.com\/site\/wp-json\/wp\/v2\/posts\/374402\/revisions\/374406"}],"wp:featuredmedia":[{"embeddable":true,"href":"https:\/\/www.notibras.com\/site\/wp-json\/wp\/v2\/media\/374403"}],"wp:attachment":[{"href":"https:\/\/www.notibras.com\/site\/wp-json\/wp\/v2\/media?parent=374402"}],"wp:term":[{"taxonomy":"category","embeddable":true,"href":"https:\/\/www.notibras.com\/site\/wp-json\/wp\/v2\/categories?post=374402"},{"taxonomy":"post_tag","embeddable":true,"href":"https:\/\/www.notibras.com\/site\/wp-json\/wp\/v2\/tags?post=374402"}],"curies":[{"name":"wp","href":"https:\/\/api.w.org\/{rel}","templated":true}]}}