{"id":374418,"date":"2025-12-11T14:38:39","date_gmt":"2025-12-11T17:38:39","guid":{"rendered":"https:\/\/www.notibras.com\/site\/?p=374418"},"modified":"2025-12-11T15:51:30","modified_gmt":"2025-12-11T18:51:30","slug":"lula-avalia-vetar-anistia-a-bolsonaro-caso-a-lei-seja-aprovada-no-senado","status":"publish","type":"post","link":"https:\/\/www.notibras.com\/site\/lula-avalia-vetar-anistia-a-bolsonaro-caso-a-lei-seja-aprovada-no-senado\/","title":{"rendered":"Lula avalia vetar anistia a Bolsonaro caso a lei seja aprovada no Senado"},"content":{"rendered":"<p>O presidente Luiz In\u00e1cio Lula da Silva disse nesta quinta-feira (11) que s\u00f3 decidir\u00e1 se vai sancionar o chamado Projeto de Lei da Dosimetria quando o texto, aprovado pela C\u00e2mara dos Deputados, chegar ao Poder Executivo.<\/p>\n<p>O projeto de lei prev\u00ea a redu\u00e7\u00e3o de penas de condenados pelos atos antidemocr\u00e1ticos de 8 de janeiro de 2023 e pela tentativa de golpe de Estado e pode beneficiar pessoas envolvidas nos atos \u2013 inclusive o ex-presidente Jair Bolsonaro.<\/p>\n<p>\u201cN\u00e3o gosto de dar palpite numa coisa que n\u00e3o diz respeito ao Poder Executivo. \u00c9 uma coisa pertinente ao Poder Legislativo. Eles est\u00e3o discutindo. Tem gente que concorda, tem gente que n\u00e3o concorda\u201d, disse Lula.<\/p>\n<p>Em entrevista ao programa <em>EM Minas<\/em> em parceria com o jornal <em>Estado de Minas<\/em> e o <em>Portal Uai<\/em>, o presidente avaliou que Jair Bolsonaro foi condenado a 27 anos e tr\u00eas meses de pris\u00e3o \u201cporque tentou fazer uma coisa muito grave\u201d.<\/p>\n<p>\u201cEle n\u00e3o fez brincadeira. Ele tinha um plano arquitetado para matar a mim, matar o Alckmin, matar o Alexandre de Moraes. Ele tinha um plano para explodir um caminh\u00e3o no aeroporto de Bras\u00edlia. E ele tinha um plano de sequestrar o Poder, j\u00e1 que ele perdeu as elei\u00e7\u00f5es.\u201d<\/p>\n<p>Lula lembrou que, ap\u00f3s passar pela C\u00e2mara, o PL da Dosimetria agora segue para an\u00e1lise do Senado.<\/p>\n<p>\u201cVamos ver o que vai acontecer. Quando chegar \u00e0 minha mesa, eu tomarei a decis\u00e3o. Eu e Deus. Sentado na minha mesa, eu tomarei a decis\u00e3o\u201d.<\/p>\n<p>\u201cFarei aquilo que eu entender que deve ser feito. Porque ele [Bolsonaro] tem que pagar pela tentativa de golpe, pela tentativa de destruir a democracia que ele fez nesse pa\u00eds. Ele sabe disso. N\u00e3o adianta ficar choramingando agora\u201d, disse.<\/p>\n<p>\u201cSe ele tivesse a postura que eu tive quando perdi tr\u00eas elei\u00e7\u00f5es, se ele tivesse a postura que teve o PSDB quando perdeu tr\u00eas elei\u00e7\u00f5es, se ele tivesse a postura de todo mundo que \u00e9 democr\u00e1tico e que respeita as institui\u00e7\u00f5es, ele n\u00e3o estaria preso. Poderia estar concorrendo agora \u00e0s elei\u00e7\u00f5es,\u201d afirmou Lula.<\/p>\n<p>\u201cMas ele tentou encurtar o caminho. Tentou convencer alguns militares, que tamb\u00e9m est\u00e3o presos. E deu nisso que deu. Ent\u00e3o, agora, \u00e9 o seguinte: deixa o Poder Legislativo se manifestar. Quando chegar na mesa do Poder Executivo, eu vou tomar a minha decis\u00e3o\u201d, concluiu o presidente.<\/p>\n<p>&nbsp;<\/p>\n","protected":false},"excerpt":{"rendered":"<p>O presidente Luiz In\u00e1cio Lula da Silva disse nesta quinta-feira (11) que s\u00f3 decidir\u00e1 se vai sancionar o chamado Projeto de Lei da Dosimetria quando o texto, aprovado pela C\u00e2mara dos Deputados, chegar ao Poder Executivo. O projeto de lei prev\u00ea a redu\u00e7\u00e3o de penas de condenados pelos atos antidemocr\u00e1ticos de 8 de janeiro de [&hellip;]<\/p>\n","protected":false},"author":2,"featured_media":374419,"comment_status":"closed","ping_status":"closed","sticky":false,"template":"","format":"standard","meta":{"_acf_changed":false,"footnotes":""},"categories":[16],"tags":[95],"class_list":["post-374418","post","type-post","status-publish","format-standard","has-post-thumbnail","hentry","category-brasil","tag-capa"],"acf":[],"_links":{"self":[{"href":"https:\/\/www.notibras.com\/site\/wp-json\/wp\/v2\/posts\/374418","targetHints":{"allow":["GET"]}}],"collection":[{"href":"https:\/\/www.notibras.com\/site\/wp-json\/wp\/v2\/posts"}],"about":[{"href":"https:\/\/www.notibras.com\/site\/wp-json\/wp\/v2\/types\/post"}],"author":[{"embeddable":true,"href":"https:\/\/www.notibras.com\/site\/wp-json\/wp\/v2\/users\/2"}],"replies":[{"embeddable":true,"href":"https:\/\/www.notibras.com\/site\/wp-json\/wp\/v2\/comments?post=374418"}],"version-history":[{"count":1,"href":"https:\/\/www.notibras.com\/site\/wp-json\/wp\/v2\/posts\/374418\/revisions"}],"predecessor-version":[{"id":374420,"href":"https:\/\/www.notibras.com\/site\/wp-json\/wp\/v2\/posts\/374418\/revisions\/374420"}],"wp:featuredmedia":[{"embeddable":true,"href":"https:\/\/www.notibras.com\/site\/wp-json\/wp\/v2\/media\/374419"}],"wp:attachment":[{"href":"https:\/\/www.notibras.com\/site\/wp-json\/wp\/v2\/media?parent=374418"}],"wp:term":[{"taxonomy":"category","embeddable":true,"href":"https:\/\/www.notibras.com\/site\/wp-json\/wp\/v2\/categories?post=374418"},{"taxonomy":"post_tag","embeddable":true,"href":"https:\/\/www.notibras.com\/site\/wp-json\/wp\/v2\/tags?post=374418"}],"curies":[{"name":"wp","href":"https:\/\/api.w.org\/{rel}","templated":true}]}}