{"id":374509,"date":"2025-12-12T08:47:17","date_gmt":"2025-12-12T11:47:17","guid":{"rendered":"https:\/\/www.notibras.com\/site\/?p=374509"},"modified":"2025-12-12T08:48:02","modified_gmt":"2025-12-12T11:48:02","slug":"fronteira-entre-fe-sonho-e-geografia-impossivel","status":"publish","type":"post","link":"https:\/\/www.notibras.com\/site\/fronteira-entre-fe-sonho-e-geografia-impossivel\/","title":{"rendered":"Fronteira entre f\u00e9, sonho e geografia imposs\u00edvel"},"content":{"rendered":"<p data-start=\"241\" data-end=\"596\">Dizem que Shangri-La n\u00e3o \u00e9 um lugar: \u00e9 um chamado. Ecoa nos vales silenciosos do esp\u00edrito como um sino tibetano que nunca foi tocado por m\u00e3os humanas. Para alguns, \u00e9 apenas lenda. Para outros, \u00e9 a \u00faltima morada do que ainda resta de pureza no mundo. Mas, para os que caminham com o cora\u00e7\u00e3o desperto, Shangri-La \u00e9 uma promessa \u2014 uma p\u00e1tria secreta da alma.<\/p>\n<p data-start=\"635\" data-end=\"947\">As narrativas ancestrais contam que Shangri-La repousa entre montanhas eternas, onde o branco da neve n\u00e3o purifica apenas o ar, mas tamb\u00e9m os pensamentos. N\u00e3o se chega at\u00e9 l\u00e1 por caminhos de pedra, mapas, b\u00fassolas ou rotas de GPS \u2014 chega-se por merecimento. Por isso, tantos o procuram, e t\u00e3o poucos o encontram.<\/p>\n<p data-start=\"949\" data-end=\"1116\">O viajante que ousar cruzar seus portais n\u00e3o ver\u00e1 apenas um vale escondido. Ver\u00e1 o que restou da aurora do mundo. Ver\u00e1 a paisagem como foi sonhada antes de ser criada.<\/p>\n<p data-start=\"1118\" data-end=\"1238\">E, segundo as tradi\u00e7\u00f5es mais antigas, ao pisar ali, o tempo se ajoelha: deixa de correr, deixa de ferir, deixa de levar.<\/p>\n<p data-start=\"1274\" data-end=\"1508\">Em Shangri-La, dizem que anjos silenciosos caminham disfar\u00e7ados de monges. Eles n\u00e3o pregam, n\u00e3o proclamam, n\u00e3o convertem. Apenas cuidam. Vigiam a vibra\u00e7\u00e3o do lugar, como quem protege a \u00faltima chama acesa num planeta tomado pelo vento.<\/p>\n<p data-start=\"1510\" data-end=\"1728\">Os moradores \u2014 seres humanos ou n\u00e3o \u2014 carregam nos olhos uma serenidade que s\u00f3 pode nascer de quem vive em comunh\u00e3o com algo muito maior. Cada gesto \u00e9 uma ora\u00e7\u00e3o. Cada palavra, um sacramento. Cada sil\u00eancio, um c\u00e2ntico.<\/p>\n<p data-start=\"1730\" data-end=\"1899\">E ali ningu\u00e9m envelhece como nas cidades comuns. Porque a velhice, naquele vale sagrado, \u00e9 apenas outra forma de sabedoria, n\u00e3o uma perda. O tempo n\u00e3o consome \u2014 cultiva.<\/p>\n<p data-start=\"1945\" data-end=\"2083\">Em Shangri-La, n\u00e3o h\u00e1 templos erguidos. Porque o templo \u00e9 o pr\u00f3prio vale. A luz \u00e9 sacramental. O ar \u00e9 liturgia. O rio \u00e9 batismo constante.<\/p>\n<p data-start=\"2085\" data-end=\"2278\">A religi\u00e3o ali n\u00e3o est\u00e1 escrita em livros \u2014 est\u00e1 inscrita nas montanhas. \u00c9 uma f\u00e9 que se respira, n\u00e3o que se repete. Uma m\u00edstica que se vive com passos lentos e olhos que apreendem o invis\u00edvel.<\/p>\n<p data-start=\"2280\" data-end=\"2501\">Os monges do vale contam que todas as religi\u00f5es, todas as filosofias, todos os mist\u00e9rios antigos s\u00e3o apenas ecos dispersos da sabedoria original de Shangri-La. Um credo sem nome, mas com infinitas formas de se manifestar.<\/p>\n<p data-start=\"2541\" data-end=\"2847\">Talvez porque, num mundo cheio de ru\u00eddos, ainda ansiamos por ouvir o que \u00e9 eterno. Talvez porque pressentimos que existe algo maior do que as fronteiras, as guerras, as disputas e os rel\u00f3gios. Talvez porque, mesmo sem saber, ainda somos peregrinos \u2014 e todo peregrino carrega uma geografia secreta no peito.<\/p>\n<p data-start=\"2849\" data-end=\"3045\">Shangri-La \u00e9 o sonho que o ser humano tem de si mesmo. Um reflexo idealizado da paz que buscamos, mas que raramente oferecemos. Um espelho que nos devolve, n\u00e3o quem somos, mas quem poder\u00edamos ser.<\/p>\n<p data-start=\"3085\" data-end=\"3188\">Reza a lenda que Shangri-La n\u00e3o pode ser encontrado por quem apenas o deseja. Apenas por quem o merece. Mas os s\u00e1bios, sempre enigm\u00e1ticos, acrescentam uma revela\u00e7\u00e3o final:<\/p>\n<blockquote data-start=\"3259\" data-end=\"3371\">\n<p data-start=\"3261\" data-end=\"3371\"><strong>\u201cN\u00e3o se chega a Shangri-La para encontr\u00e1-lo. Encontra-se Shangri-La porque j\u00e1 o carreg\u00e1vamos por dentro.\u201d<\/strong><\/p>\n<\/blockquote>\n<p data-start=\"3373\" data-end=\"3615\">O vale oculto n\u00e3o est\u00e1 apenas nas montanhas inacess\u00edveis. Est\u00e1 na parte mais silenciosa de n\u00f3s, aquela que o mundo moderno insiste em sufocar. Para alcan\u00e7\u00e1-lo, basta uma combina\u00e7\u00e3o rara que poucos dominam: f\u00e9, pureza e coragem de desacelerar.<\/p>\n<p data-start=\"3617\" data-end=\"3761\">E, assim, cada um de n\u00f3s guarda um fragmento do para\u00edso. Basta abrirmos o cora\u00e7\u00e3o \u2014 e Shangri-La se erguer\u00e1, luminoso, no centro do pr\u00f3prio ser.<\/p>\n","protected":false},"excerpt":{"rendered":"<p>Dizem que Shangri-La n\u00e3o \u00e9 um lugar: \u00e9 um chamado. Ecoa nos vales silenciosos do esp\u00edrito como um sino tibetano que nunca foi tocado por m\u00e3os humanas. Para alguns, \u00e9 apenas lenda. Para outros, \u00e9 a \u00faltima morada do que ainda resta de pureza no mundo. Mas, para os que caminham com o cora\u00e7\u00e3o desperto, [&hellip;]<\/p>\n","protected":false},"author":2,"featured_media":374510,"comment_status":"closed","ping_status":"closed","sticky":false,"template":"","format":"standard","meta":{"_acf_changed":false,"footnotes":""},"categories":[237],"tags":[],"class_list":["post-374509","post","type-post","status-publish","format-standard","has-post-thumbnail","hentry","category-oraculos"],"acf":[],"yoast_head":"<!-- This site is optimized with the Yoast SEO plugin v27.2 - https:\/\/yoast.com\/product\/yoast-seo-wordpress\/ -->\n<title>Fronteira entre f\u00e9, sonho e geografia imposs\u00edvel - Notibras<\/title>\n<meta name=\"robots\" content=\"index, follow, max-snippet:-1, max-image-preview:large, max-video-preview:-1\" \/>\n<link rel=\"canonical\" href=\"https:\/\/www.notibras.com\/site\/fronteira-entre-fe-sonho-e-geografia-impossivel\/\" \/>\n<meta property=\"og:locale\" content=\"pt_BR\" \/>\n<meta property=\"og:type\" content=\"article\" \/>\n<meta property=\"og:title\" content=\"Fronteira entre f\u00e9, sonho e geografia imposs\u00edvel - Notibras\" \/>\n<meta property=\"og:description\" content=\"Dizem que Shangri-La n\u00e3o \u00e9 um lugar: \u00e9 um chamado. Ecoa nos vales silenciosos do esp\u00edrito como um sino tibetano que nunca foi tocado por m\u00e3os humanas. Para alguns, \u00e9 apenas lenda. Para outros, \u00e9 a \u00faltima morada do que ainda resta de pureza no mundo. Mas, para os que caminham com o cora\u00e7\u00e3o desperto, [&hellip;]\" \/>\n<meta property=\"og:url\" content=\"https:\/\/www.notibras.com\/site\/fronteira-entre-fe-sonho-e-geografia-impossivel\/\" \/>\n<meta property=\"og:site_name\" content=\"Notibras\" \/>\n<meta property=\"article:publisher\" content=\"https:\/\/www.facebook.com\/notibras\/\" \/>\n<meta property=\"article:published_time\" content=\"2025-12-12T11:47:17+00:00\" \/>\n<meta property=\"article:modified_time\" content=\"2025-12-12T11:48:02+00:00\" \/>\n<meta property=\"og:image\" content=\"https:\/\/www.notibras.com\/site\/wp-content\/uploads\/2025\/12\/7b0a06ec-b032-40b8-bb1d-8863b3fec5dc.jpg\" \/>\n\t<meta property=\"og:image:width\" content=\"810\" \/>\n\t<meta property=\"og:image:height\" content=\"1440\" \/>\n\t<meta property=\"og:image:type\" content=\"image\/jpeg\" \/>\n<meta name=\"author\" content=\"Reda\u00e7\u00e3o\" \/>\n<meta name=\"twitter:card\" content=\"summary_large_image\" \/>\n<meta name=\"twitter:creator\" content=\"@Notibras\" \/>\n<meta name=\"twitter:site\" content=\"@Notibras\" \/>\n<meta name=\"twitter:label1\" content=\"Escrito por\" \/>\n\t<meta name=\"twitter:data1\" content=\"Reda\u00e7\u00e3o\" \/>\n\t<meta name=\"twitter:label2\" content=\"Est. tempo de leitura\" \/>\n\t<meta name=\"twitter:data2\" content=\"4 minutos\" \/>\n<script type=\"application\/ld+json\" class=\"yoast-schema-graph\">{\"@context\":\"https:\/\/schema.org\",\"@graph\":[{\"@type\":\"Article\",\"@id\":\"https:\/\/www.notibras.com\/site\/fronteira-entre-fe-sonho-e-geografia-impossivel\/#article\",\"isPartOf\":{\"@id\":\"https:\/\/www.notibras.com\/site\/fronteira-entre-fe-sonho-e-geografia-impossivel\/\"},\"author\":{\"name\":\"Reda\u00e7\u00e3o\",\"@id\":\"https:\/\/www.notibras.com\/site\/#\/schema\/person\/36ab0979449956132d3e5b517ea76ac8\"},\"headline\":\"Fronteira entre f\u00e9, sonho e geografia imposs\u00edvel\",\"datePublished\":\"2025-12-12T11:47:17+00:00\",\"dateModified\":\"2025-12-12T11:48:02+00:00\",\"mainEntityOfPage\":{\"@id\":\"https:\/\/www.notibras.com\/site\/fronteira-entre-fe-sonho-e-geografia-impossivel\/\"},\"wordCount\":609,\"publisher\":{\"@id\":\"https:\/\/www.notibras.com\/site\/#organization\"},\"image\":{\"@id\":\"https:\/\/www.notibras.com\/site\/fronteira-entre-fe-sonho-e-geografia-impossivel\/#primaryimage\"},\"thumbnailUrl\":\"https:\/\/www.notibras.com\/site\/wp-content\/uploads\/2025\/12\/7b0a06ec-b032-40b8-bb1d-8863b3fec5dc.jpg\",\"articleSection\":[\"Or\u00e1culos\"],\"inLanguage\":\"pt-BR\"},{\"@type\":\"WebPage\",\"@id\":\"https:\/\/www.notibras.com\/site\/fronteira-entre-fe-sonho-e-geografia-impossivel\/\",\"url\":\"https:\/\/www.notibras.com\/site\/fronteira-entre-fe-sonho-e-geografia-impossivel\/\",\"name\":\"Fronteira entre f\u00e9, sonho e geografia imposs\u00edvel - Notibras\",\"isPartOf\":{\"@id\":\"https:\/\/www.notibras.com\/site\/#website\"},\"primaryImageOfPage\":{\"@id\":\"https:\/\/www.notibras.com\/site\/fronteira-entre-fe-sonho-e-geografia-impossivel\/#primaryimage\"},\"image\":{\"@id\":\"https:\/\/www.notibras.com\/site\/fronteira-entre-fe-sonho-e-geografia-impossivel\/#primaryimage\"},\"thumbnailUrl\":\"https:\/\/www.notibras.com\/site\/wp-content\/uploads\/2025\/12\/7b0a06ec-b032-40b8-bb1d-8863b3fec5dc.jpg\",\"datePublished\":\"2025-12-12T11:47:17+00:00\",\"dateModified\":\"2025-12-12T11:48:02+00:00\",\"breadcrumb\":{\"@id\":\"https:\/\/www.notibras.com\/site\/fronteira-entre-fe-sonho-e-geografia-impossivel\/#breadcrumb\"},\"inLanguage\":\"pt-BR\",\"potentialAction\":[{\"@type\":\"ReadAction\",\"target\":[\"https:\/\/www.notibras.com\/site\/fronteira-entre-fe-sonho-e-geografia-impossivel\/\"]}]},{\"@type\":\"ImageObject\",\"inLanguage\":\"pt-BR\",\"@id\":\"https:\/\/www.notibras.com\/site\/fronteira-entre-fe-sonho-e-geografia-impossivel\/#primaryimage\",\"url\":\"https:\/\/www.notibras.com\/site\/wp-content\/uploads\/2025\/12\/7b0a06ec-b032-40b8-bb1d-8863b3fec5dc.jpg\",\"contentUrl\":\"https:\/\/www.notibras.com\/site\/wp-content\/uploads\/2025\/12\/7b0a06ec-b032-40b8-bb1d-8863b3fec5dc.jpg\",\"width\":810,\"height\":1440},{\"@type\":\"BreadcrumbList\",\"@id\":\"https:\/\/www.notibras.com\/site\/fronteira-entre-fe-sonho-e-geografia-impossivel\/#breadcrumb\",\"itemListElement\":[{\"@type\":\"ListItem\",\"position\":1,\"name\":\"In\u00edcio\",\"item\":\"https:\/\/www.notibras.com\/site\/\"},{\"@type\":\"ListItem\",\"position\":2,\"name\":\"Fronteira entre f\u00e9, sonho e geografia imposs\u00edvel\"}]},{\"@type\":\"WebSite\",\"@id\":\"https:\/\/www.notibras.com\/site\/#website\",\"url\":\"https:\/\/www.notibras.com\/site\/\",\"name\":\"Notibras\",\"description\":\"Not\u00edcias de Bras\u00edlia, do Brasil e do Mundo\",\"publisher\":{\"@id\":\"https:\/\/www.notibras.com\/site\/#organization\"},\"potentialAction\":[{\"@type\":\"SearchAction\",\"target\":{\"@type\":\"EntryPoint\",\"urlTemplate\":\"https:\/\/www.notibras.com\/site\/?s={search_term_string}\"},\"query-input\":{\"@type\":\"PropertyValueSpecification\",\"valueRequired\":true,\"valueName\":\"search_term_string\"}}],\"inLanguage\":\"pt-BR\"},{\"@type\":\"Organization\",\"@id\":\"https:\/\/www.notibras.com\/site\/#organization\",\"name\":\"Grupo Notibras de Comunica\u00e7\u00e3o\",\"url\":\"https:\/\/www.notibras.com\/site\/\",\"logo\":{\"@type\":\"ImageObject\",\"inLanguage\":\"pt-BR\",\"@id\":\"https:\/\/www.notibras.com\/site\/#\/schema\/logo\/image\/\",\"url\":\"https:\/\/www.notibras.com\/site\/wp-content\/uploads\/2023\/01\/notibras23.png\",\"contentUrl\":\"https:\/\/www.notibras.com\/site\/wp-content\/uploads\/2023\/01\/notibras23.png\",\"width\":350,\"height\":87,\"caption\":\"Grupo Notibras de Comunica\u00e7\u00e3o\"},\"image\":{\"@id\":\"https:\/\/www.notibras.com\/site\/#\/schema\/logo\/image\/\"},\"sameAs\":[\"https:\/\/www.facebook.com\/notibras\/\",\"https:\/\/x.com\/Notibras\",\"https:\/\/www.instagram.com\/notibras\/\"]},{\"@type\":\"Person\",\"@id\":\"https:\/\/www.notibras.com\/site\/#\/schema\/person\/36ab0979449956132d3e5b517ea76ac8\",\"name\":\"Reda\u00e7\u00e3o\",\"image\":{\"@type\":\"ImageObject\",\"inLanguage\":\"pt-BR\",\"@id\":\"https:\/\/secure.gravatar.com\/avatar\/e0a867bdedb85fd243eadf09663511f96fc81e0720a4a42581f334ad4303aa6b?s=96&d=mm&r=g\",\"url\":\"https:\/\/secure.gravatar.com\/avatar\/e0a867bdedb85fd243eadf09663511f96fc81e0720a4a42581f334ad4303aa6b?s=96&d=mm&r=g\",\"contentUrl\":\"https:\/\/secure.gravatar.com\/avatar\/e0a867bdedb85fd243eadf09663511f96fc81e0720a4a42581f334ad4303aa6b?s=96&d=mm&r=g\",\"caption\":\"Reda\u00e7\u00e3o\"}}]}<\/script>\n<!-- \/ Yoast SEO plugin. -->","yoast_head_json":{"title":"Fronteira entre f\u00e9, sonho e geografia imposs\u00edvel - Notibras","robots":{"index":"index","follow":"follow","max-snippet":"max-snippet:-1","max-image-preview":"max-image-preview:large","max-video-preview":"max-video-preview:-1"},"canonical":"https:\/\/www.notibras.com\/site\/fronteira-entre-fe-sonho-e-geografia-impossivel\/","og_locale":"pt_BR","og_type":"article","og_title":"Fronteira entre f\u00e9, sonho e geografia imposs\u00edvel - Notibras","og_description":"Dizem que Shangri-La n\u00e3o \u00e9 um lugar: \u00e9 um chamado. Ecoa nos vales silenciosos do esp\u00edrito como um sino tibetano que nunca foi tocado por m\u00e3os humanas. Para alguns, \u00e9 apenas lenda. Para outros, \u00e9 a \u00faltima morada do que ainda resta de pureza no mundo. Mas, para os que caminham com o cora\u00e7\u00e3o desperto, [&hellip;]","og_url":"https:\/\/www.notibras.com\/site\/fronteira-entre-fe-sonho-e-geografia-impossivel\/","og_site_name":"Notibras","article_publisher":"https:\/\/www.facebook.com\/notibras\/","article_published_time":"2025-12-12T11:47:17+00:00","article_modified_time":"2025-12-12T11:48:02+00:00","og_image":[{"width":810,"height":1440,"url":"https:\/\/www.notibras.com\/site\/wp-content\/uploads\/2025\/12\/7b0a06ec-b032-40b8-bb1d-8863b3fec5dc.jpg","type":"image\/jpeg"}],"author":"Reda\u00e7\u00e3o","twitter_card":"summary_large_image","twitter_creator":"@Notibras","twitter_site":"@Notibras","twitter_misc":{"Escrito por":"Reda\u00e7\u00e3o","Est. tempo de leitura":"4 minutos"},"schema":{"@context":"https:\/\/schema.org","@graph":[{"@type":"Article","@id":"https:\/\/www.notibras.com\/site\/fronteira-entre-fe-sonho-e-geografia-impossivel\/#article","isPartOf":{"@id":"https:\/\/www.notibras.com\/site\/fronteira-entre-fe-sonho-e-geografia-impossivel\/"},"author":{"name":"Reda\u00e7\u00e3o","@id":"https:\/\/www.notibras.com\/site\/#\/schema\/person\/36ab0979449956132d3e5b517ea76ac8"},"headline":"Fronteira entre f\u00e9, sonho e geografia imposs\u00edvel","datePublished":"2025-12-12T11:47:17+00:00","dateModified":"2025-12-12T11:48:02+00:00","mainEntityOfPage":{"@id":"https:\/\/www.notibras.com\/site\/fronteira-entre-fe-sonho-e-geografia-impossivel\/"},"wordCount":609,"publisher":{"@id":"https:\/\/www.notibras.com\/site\/#organization"},"image":{"@id":"https:\/\/www.notibras.com\/site\/fronteira-entre-fe-sonho-e-geografia-impossivel\/#primaryimage"},"thumbnailUrl":"https:\/\/www.notibras.com\/site\/wp-content\/uploads\/2025\/12\/7b0a06ec-b032-40b8-bb1d-8863b3fec5dc.jpg","articleSection":["Or\u00e1culos"],"inLanguage":"pt-BR"},{"@type":"WebPage","@id":"https:\/\/www.notibras.com\/site\/fronteira-entre-fe-sonho-e-geografia-impossivel\/","url":"https:\/\/www.notibras.com\/site\/fronteira-entre-fe-sonho-e-geografia-impossivel\/","name":"Fronteira entre f\u00e9, sonho e geografia imposs\u00edvel - Notibras","isPartOf":{"@id":"https:\/\/www.notibras.com\/site\/#website"},"primaryImageOfPage":{"@id":"https:\/\/www.notibras.com\/site\/fronteira-entre-fe-sonho-e-geografia-impossivel\/#primaryimage"},"image":{"@id":"https:\/\/www.notibras.com\/site\/fronteira-entre-fe-sonho-e-geografia-impossivel\/#primaryimage"},"thumbnailUrl":"https:\/\/www.notibras.com\/site\/wp-content\/uploads\/2025\/12\/7b0a06ec-b032-40b8-bb1d-8863b3fec5dc.jpg","datePublished":"2025-12-12T11:47:17+00:00","dateModified":"2025-12-12T11:48:02+00:00","breadcrumb":{"@id":"https:\/\/www.notibras.com\/site\/fronteira-entre-fe-sonho-e-geografia-impossivel\/#breadcrumb"},"inLanguage":"pt-BR","potentialAction":[{"@type":"ReadAction","target":["https:\/\/www.notibras.com\/site\/fronteira-entre-fe-sonho-e-geografia-impossivel\/"]}]},{"@type":"ImageObject","inLanguage":"pt-BR","@id":"https:\/\/www.notibras.com\/site\/fronteira-entre-fe-sonho-e-geografia-impossivel\/#primaryimage","url":"https:\/\/www.notibras.com\/site\/wp-content\/uploads\/2025\/12\/7b0a06ec-b032-40b8-bb1d-8863b3fec5dc.jpg","contentUrl":"https:\/\/www.notibras.com\/site\/wp-content\/uploads\/2025\/12\/7b0a06ec-b032-40b8-bb1d-8863b3fec5dc.jpg","width":810,"height":1440},{"@type":"BreadcrumbList","@id":"https:\/\/www.notibras.com\/site\/fronteira-entre-fe-sonho-e-geografia-impossivel\/#breadcrumb","itemListElement":[{"@type":"ListItem","position":1,"name":"In\u00edcio","item":"https:\/\/www.notibras.com\/site\/"},{"@type":"ListItem","position":2,"name":"Fronteira entre f\u00e9, sonho e geografia imposs\u00edvel"}]},{"@type":"WebSite","@id":"https:\/\/www.notibras.com\/site\/#website","url":"https:\/\/www.notibras.com\/site\/","name":"Notibras","description":"Not\u00edcias de Bras\u00edlia, do Brasil e do Mundo","publisher":{"@id":"https:\/\/www.notibras.com\/site\/#organization"},"potentialAction":[{"@type":"SearchAction","target":{"@type":"EntryPoint","urlTemplate":"https:\/\/www.notibras.com\/site\/?s={search_term_string}"},"query-input":{"@type":"PropertyValueSpecification","valueRequired":true,"valueName":"search_term_string"}}],"inLanguage":"pt-BR"},{"@type":"Organization","@id":"https:\/\/www.notibras.com\/site\/#organization","name":"Grupo Notibras de Comunica\u00e7\u00e3o","url":"https:\/\/www.notibras.com\/site\/","logo":{"@type":"ImageObject","inLanguage":"pt-BR","@id":"https:\/\/www.notibras.com\/site\/#\/schema\/logo\/image\/","url":"https:\/\/www.notibras.com\/site\/wp-content\/uploads\/2023\/01\/notibras23.png","contentUrl":"https:\/\/www.notibras.com\/site\/wp-content\/uploads\/2023\/01\/notibras23.png","width":350,"height":87,"caption":"Grupo Notibras de Comunica\u00e7\u00e3o"},"image":{"@id":"https:\/\/www.notibras.com\/site\/#\/schema\/logo\/image\/"},"sameAs":["https:\/\/www.facebook.com\/notibras\/","https:\/\/x.com\/Notibras","https:\/\/www.instagram.com\/notibras\/"]},{"@type":"Person","@id":"https:\/\/www.notibras.com\/site\/#\/schema\/person\/36ab0979449956132d3e5b517ea76ac8","name":"Reda\u00e7\u00e3o","image":{"@type":"ImageObject","inLanguage":"pt-BR","@id":"https:\/\/secure.gravatar.com\/avatar\/e0a867bdedb85fd243eadf09663511f96fc81e0720a4a42581f334ad4303aa6b?s=96&d=mm&r=g","url":"https:\/\/secure.gravatar.com\/avatar\/e0a867bdedb85fd243eadf09663511f96fc81e0720a4a42581f334ad4303aa6b?s=96&d=mm&r=g","contentUrl":"https:\/\/secure.gravatar.com\/avatar\/e0a867bdedb85fd243eadf09663511f96fc81e0720a4a42581f334ad4303aa6b?s=96&d=mm&r=g","caption":"Reda\u00e7\u00e3o"}}]}},"amp_enabled":true,"_links":{"self":[{"href":"https:\/\/www.notibras.com\/site\/wp-json\/wp\/v2\/posts\/374509","targetHints":{"allow":["GET"]}}],"collection":[{"href":"https:\/\/www.notibras.com\/site\/wp-json\/wp\/v2\/posts"}],"about":[{"href":"https:\/\/www.notibras.com\/site\/wp-json\/wp\/v2\/types\/post"}],"author":[{"embeddable":true,"href":"https:\/\/www.notibras.com\/site\/wp-json\/wp\/v2\/users\/2"}],"replies":[{"embeddable":true,"href":"https:\/\/www.notibras.com\/site\/wp-json\/wp\/v2\/comments?post=374509"}],"version-history":[{"count":2,"href":"https:\/\/www.notibras.com\/site\/wp-json\/wp\/v2\/posts\/374509\/revisions"}],"predecessor-version":[{"id":374512,"href":"https:\/\/www.notibras.com\/site\/wp-json\/wp\/v2\/posts\/374509\/revisions\/374512"}],"wp:featuredmedia":[{"embeddable":true,"href":"https:\/\/www.notibras.com\/site\/wp-json\/wp\/v2\/media\/374510"}],"wp:attachment":[{"href":"https:\/\/www.notibras.com\/site\/wp-json\/wp\/v2\/media?parent=374509"}],"wp:term":[{"taxonomy":"category","embeddable":true,"href":"https:\/\/www.notibras.com\/site\/wp-json\/wp\/v2\/categories?post=374509"},{"taxonomy":"post_tag","embeddable":true,"href":"https:\/\/www.notibras.com\/site\/wp-json\/wp\/v2\/tags?post=374509"}],"curies":[{"name":"wp","href":"https:\/\/api.w.org\/{rel}","templated":true}]}}