{"id":374560,"date":"2025-12-12T15:39:02","date_gmt":"2025-12-12T18:39:02","guid":{"rendered":"https:\/\/www.notibras.com\/site\/?p=374560"},"modified":"2025-12-12T18:23:26","modified_gmt":"2025-12-12T21:23:26","slug":"trump-recua-e-retira-xandao-da-lei-magnitsky","status":"publish","type":"post","link":"https:\/\/www.notibras.com\/site\/trump-recua-e-retira-xandao-da-lei-magnitsky\/","title":{"rendered":"Trump recua e retira Xand\u00e3o da Lei Magnitsky"},"content":{"rendered":"<p>Em comunicado publicado nesta sexta-feira (12), o governo dos Estados Unidos retirou o nome do ministro do Supremo Tribunal Federal (STF) Alexandre de Moraes da lista de pessoas sancionadas pela Lei Magnitsky.<\/p>\n<p>Tamb\u00e9m foi retirado o nome da esposa do ministro, a advogada Viviane Barci de Moraes, e do Instituto Lex, ligado \u00e0 fam\u00edlia do ministro.<\/p>\n<p>A decis\u00e3o \u00e9 do Escrit\u00f3rio de Controle de Ativos Estrangeiros do Departamento do Tesouro norte-americano.<\/p>\n<p>As san\u00e7\u00f5es da Lei Magnitsky foram impostas a Alexandre de Moraes pelo governo de Donald Trump no fim de julho. Em setembro, a lista passou a incluir tamb\u00e9m o nome de Viviane.<\/p>\n<p><strong>Entenda<\/strong><br \/>\nA Lei Magnitsky \u00e9 um mecanismo previsto na legisla\u00e7\u00e3o estadunidense usado para punir unilateralmente supostos violadores de direitos humanos no exterior. Entre outros pontos, a medida bloqueia bens e empresas dos alvos da san\u00e7\u00e3o nos EUA.<\/p>\n<p>Entre as san\u00e7\u00f5es previstas est\u00e3o o bloqueio de contas banc\u00e1rias, de bens e interesses em bens dentro da jurisdi\u00e7\u00e3o em solo norte-americano, al\u00e9m da proibi\u00e7\u00e3o de entrada no pa\u00eds.<\/p>\n<p>Ao aplicar a san\u00e7\u00e3o a Moraes, o \u00f3rg\u00e3o do Departamento de Tesouro norte-americano acusou Alexandre de Moraes de violar a liberdade de express\u00e3o e autorizar \u201cpris\u00f5es arbitr\u00e1rias\u201d, citando o julgamento da tentativa de golpe de Estado e decis\u00f5es contra empresas de m\u00eddia social estadunidenses.<\/p>\n<p>De acordo com o Secret\u00e1rio do Tesouro, Scot Besset, Moraes seria respons\u00e1vel por uma campanha opressiva de censura, por deten\u00e7\u00f5es arbitr\u00e1rias que violam os direitos humanos e por processos politizados, &#8220;inclusive contra o ex-presidente Jair Bolsonaro&#8221;.<\/p>\n","protected":false},"excerpt":{"rendered":"<p>Em comunicado publicado nesta sexta-feira (12), o governo dos Estados Unidos retirou o nome do ministro do Supremo Tribunal Federal (STF) Alexandre de Moraes da lista de pessoas sancionadas pela Lei Magnitsky. Tamb\u00e9m foi retirado o nome da esposa do ministro, a advogada Viviane Barci de Moraes, e do Instituto Lex, ligado \u00e0 fam\u00edlia do [&hellip;]<\/p>\n","protected":false},"author":2,"featured_media":374561,"comment_status":"closed","ping_status":"closed","sticky":false,"template":"","format":"standard","meta":{"_acf_changed":false,"footnotes":""},"categories":[16],"tags":[95],"class_list":["post-374560","post","type-post","status-publish","format-standard","has-post-thumbnail","hentry","category-brasil","tag-capa"],"acf":[],"_links":{"self":[{"href":"https:\/\/www.notibras.com\/site\/wp-json\/wp\/v2\/posts\/374560","targetHints":{"allow":["GET"]}}],"collection":[{"href":"https:\/\/www.notibras.com\/site\/wp-json\/wp\/v2\/posts"}],"about":[{"href":"https:\/\/www.notibras.com\/site\/wp-json\/wp\/v2\/types\/post"}],"author":[{"embeddable":true,"href":"https:\/\/www.notibras.com\/site\/wp-json\/wp\/v2\/users\/2"}],"replies":[{"embeddable":true,"href":"https:\/\/www.notibras.com\/site\/wp-json\/wp\/v2\/comments?post=374560"}],"version-history":[{"count":1,"href":"https:\/\/www.notibras.com\/site\/wp-json\/wp\/v2\/posts\/374560\/revisions"}],"predecessor-version":[{"id":374562,"href":"https:\/\/www.notibras.com\/site\/wp-json\/wp\/v2\/posts\/374560\/revisions\/374562"}],"wp:featuredmedia":[{"embeddable":true,"href":"https:\/\/www.notibras.com\/site\/wp-json\/wp\/v2\/media\/374561"}],"wp:attachment":[{"href":"https:\/\/www.notibras.com\/site\/wp-json\/wp\/v2\/media?parent=374560"}],"wp:term":[{"taxonomy":"category","embeddable":true,"href":"https:\/\/www.notibras.com\/site\/wp-json\/wp\/v2\/categories?post=374560"},{"taxonomy":"post_tag","embeddable":true,"href":"https:\/\/www.notibras.com\/site\/wp-json\/wp\/v2\/tags?post=374560"}],"curies":[{"name":"wp","href":"https:\/\/api.w.org\/{rel}","templated":true}]}}