{"id":374573,"date":"2025-12-13T00:45:30","date_gmt":"2025-12-13T03:45:30","guid":{"rendered":"https:\/\/www.notibras.com\/site\/?p=374573"},"modified":"2025-12-12T18:51:15","modified_gmt":"2025-12-12T21:51:15","slug":"baile-da-melhor-idade-neste-sabado-13-com-programacao-inclusiva-e-gratuita","status":"publish","type":"post","link":"https:\/\/www.notibras.com\/site\/baile-da-melhor-idade-neste-sabado-13-com-programacao-inclusiva-e-gratuita\/","title":{"rendered":"Baile da Melhor Idade neste s\u00e1bado (13) com programa\u00e7\u00e3o inclusiva e gratuita"},"content":{"rendered":"<p>O Sol Nascente recebe, neste s\u00e1bado (13), uma edi\u00e7\u00e3o especial do Circuito Baile da Melhor Idade, iniciativa que re\u00fane cultura, lazer e acolhimento em um ambiente totalmente acess\u00edvel. O evento ser\u00e1 ao lado do restaurante comunit\u00e1rio da cidade e \u00e9 promovido pela Secretaria de Justi\u00e7a e Cidadania do Distrito Federal (Sejus-DF) em parceria com o Instituto Sociocultural Comunit\u00e1rio (ISC), por meio de Termo de Fomento.<\/p>\n<p>Com foco no fortalecimento da conviv\u00eancia comunit\u00e1ria e no combate ao isolamento social, a a\u00e7\u00e3o deve reunir cerca de 400 pessoas idosas em uma tarde preparada para garantir bem-estar e participa\u00e7\u00e3o plena. A estrutura contar\u00e1 com ambienta\u00e7\u00e3o tem\u00e1tica, pista de dan\u00e7a, seguran\u00e7a, cerimonial acess\u00edvel e apresenta\u00e7\u00f5es art\u00edsticas ao longo de toda a programa\u00e7\u00e3o.<\/p>\n<p>A abertura est\u00e1 marcada para as 13h30, com a chegada dos participantes em \u00f4nibus especiais e realiza\u00e7\u00e3o do credenciamento. \u00c0s 14h, a especialista G\u00e9ssica Valentini conduz a palestra \u201cSuperando o Isolamento Social na Terceira Idade\u201d, abordando sa\u00fade emocional, v\u00ednculos comunit\u00e1rios e envelhecimento ativo.<\/p>\n<p>Toda a comunica\u00e7\u00e3o do evento ser\u00e1 conduzida pelo apresentador e audiodescritor Cac\u00e1 Silva, assegurando acessibilidade comunicacional para pessoas com defici\u00eancia visual. Ao longo da tarde, o p\u00fablico tamb\u00e9m poder\u00e1 aproveitar apresenta\u00e7\u00f5es musicais e participar dos concursos Casal Mais Animado e Casal Mais Bonito, que contar\u00e3o com premia\u00e7\u00f5es oferecidas por parceiros locais.<\/p>\n<p><strong>Acessibilidade e inclus\u00e3o<\/strong><\/p>\n<p>O baile foi planejado para assegurar a participa\u00e7\u00e3o de pessoas idosas e com defici\u00eancia. A programa\u00e7\u00e3o contar\u00e1 com int\u00e9rpretes de Libras, banheiros acess\u00edveis, espa\u00e7os reservados para pessoas com mobilidade reduzida e audiodescri\u00e7\u00e3o durante o cerimonial e as apresenta\u00e7\u00f5es. A iniciativa refor\u00e7a o compromisso da Sejus com as diretrizes da Lei Brasileira de Inclus\u00e3o (Lei n\u00ba 13.146\/2015) e com a promo\u00e7\u00e3o dos direitos humanos.<\/p>\n<p>O Circuito Baile da Melhor Idade tamb\u00e9m movimenta a economia criativa local, envolvendo a contrata\u00e7\u00e3o de artistas, t\u00e9cnicos, int\u00e9rpretes de Libras, brigadistas, equipes de produ\u00e7\u00e3o e diversos prestadores de servi\u00e7os. A mobiliza\u00e7\u00e3o de p\u00fablico beneficia ainda comerciantes e empreendedores do Sol Nascente, ampliando renda e oportunidades na regi\u00e3o.<\/p>\n<p>De acordo com o plano de trabalho do projeto, a a\u00e7\u00e3o integra a pol\u00edtica p\u00fablica da Sejus, por meio do Viver 60+, programa coordenado pela secretaria, que incentiva o envelhecimento saud\u00e1vel, a conviv\u00eancia comunit\u00e1ria e a participa\u00e7\u00e3o social de pessoas idosas.<\/p>\n","protected":false},"excerpt":{"rendered":"<p>O Sol Nascente recebe, neste s\u00e1bado (13), uma edi\u00e7\u00e3o especial do Circuito Baile da Melhor Idade, iniciativa que re\u00fane cultura, lazer e acolhimento em um ambiente totalmente acess\u00edvel. O evento ser\u00e1 ao lado do restaurante comunit\u00e1rio da cidade e \u00e9 promovido pela Secretaria de Justi\u00e7a e Cidadania do Distrito Federal (Sejus-DF) em parceria com o [&hellip;]<\/p>\n","protected":false},"author":21,"featured_media":374574,"comment_status":"closed","ping_status":"closed","sticky":false,"template":"","format":"standard","meta":{"_acf_changed":false,"footnotes":""},"categories":[161],"tags":[],"class_list":["post-374573","post","type-post","status-publish","format-standard","has-post-thumbnail","hentry","category-quadradinho-em-foco"],"acf":[],"_links":{"self":[{"href":"https:\/\/www.notibras.com\/site\/wp-json\/wp\/v2\/posts\/374573","targetHints":{"allow":["GET"]}}],"collection":[{"href":"https:\/\/www.notibras.com\/site\/wp-json\/wp\/v2\/posts"}],"about":[{"href":"https:\/\/www.notibras.com\/site\/wp-json\/wp\/v2\/types\/post"}],"author":[{"embeddable":true,"href":"https:\/\/www.notibras.com\/site\/wp-json\/wp\/v2\/users\/21"}],"replies":[{"embeddable":true,"href":"https:\/\/www.notibras.com\/site\/wp-json\/wp\/v2\/comments?post=374573"}],"version-history":[{"count":5,"href":"https:\/\/www.notibras.com\/site\/wp-json\/wp\/v2\/posts\/374573\/revisions"}],"predecessor-version":[{"id":374579,"href":"https:\/\/www.notibras.com\/site\/wp-json\/wp\/v2\/posts\/374573\/revisions\/374579"}],"wp:featuredmedia":[{"embeddable":true,"href":"https:\/\/www.notibras.com\/site\/wp-json\/wp\/v2\/media\/374574"}],"wp:attachment":[{"href":"https:\/\/www.notibras.com\/site\/wp-json\/wp\/v2\/media?parent=374573"}],"wp:term":[{"taxonomy":"category","embeddable":true,"href":"https:\/\/www.notibras.com\/site\/wp-json\/wp\/v2\/categories?post=374573"},{"taxonomy":"post_tag","embeddable":true,"href":"https:\/\/www.notibras.com\/site\/wp-json\/wp\/v2\/tags?post=374573"}],"curies":[{"name":"wp","href":"https:\/\/api.w.org\/{rel}","templated":true}]}}