{"id":374580,"date":"2025-12-13T01:00:24","date_gmt":"2025-12-13T04:00:24","guid":{"rendered":"https:\/\/www.notibras.com\/site\/?p=374580"},"modified":"2025-12-12T18:56:24","modified_gmt":"2025-12-12T21:56:24","slug":"pro-jovem-digital-forma-mais-600-estudantes","status":"publish","type":"post","link":"https:\/\/www.notibras.com\/site\/pro-jovem-digital-forma-mais-600-estudantes\/","title":{"rendered":"Pr\u00f3-Jovem Digital forma mais 600 estudantes"},"content":{"rendered":"<p>O Distrito Federal segue avan\u00e7ando na promo\u00e7\u00e3o da inclus\u00e3o digital e na gera\u00e7\u00e3o de oportunidades para jovens em situa\u00e7\u00e3o de vulnerabilidade. Nesta sexta-feira (12), o secret\u00e1rio da Juventude, Andr\u00e9 Kubitschek, entregou certificados a novas turmas do Pr\u00f3-Jovem Digital, programa que j\u00e1 mudou a trajet\u00f3ria de mais de 600 jovens em diversas regi\u00f5es administrativas.<\/p>\n<p>\u201cO Pr\u00f3-Jovem Digital representa um passo decisivo para que nossos jovens assumam o protagonismo do pr\u00f3prio futuro\u201d, declarou o titular da Secretaria da Juventude (Sejuv-DF). \u201cN\u00e3o estamos oferecendo apenas um curso, mas um conjunto de ferramentas que transforma talento em oportunidade, conhecimento em renda e sonho em realiza\u00e7\u00e3o.\u201d<\/p>\n<p>Somente nas \u00faltimas turmas, 240 jovens conclu\u00edram a forma\u00e7\u00e3o em eventos simult\u00e2neos promovidos no Plano Piloto e em Sobradinho II. O programa se consolidou como uma das principais iniciativas de qualifica\u00e7\u00e3o tecnol\u00f3gica do DF, oferecendo lanche, transporte, certifica\u00e7\u00e3o e participa\u00e7\u00e3o em sorteios de <em>notebooks gamer<\/em> como incentivo ao desempenho.<\/p>\n<p><strong>Em expans\u00e3o<\/strong><\/p>\n<p>O Pr\u00f3-Jovem Digital j\u00e1 passou por Ceil\u00e2ndia, Taguatinga, Planaltina, \u00c1guas Claras, Sobradinho II, Plano Piloto, Sol Nascente e Gama. As pr\u00f3ximas etapas contemplar\u00e3o Parano\u00e1, Riacho Fundo II, Estrutural, Samambaia e tamb\u00e9m a modalidade online, ampliando ainda mais o acesso \u00e0 forma\u00e7\u00e3o tecnol\u00f3gica em todo o Distrito Federal.<\/p>\n","protected":false},"excerpt":{"rendered":"<p>O Distrito Federal segue avan\u00e7ando na promo\u00e7\u00e3o da inclus\u00e3o digital e na gera\u00e7\u00e3o de oportunidades para jovens em situa\u00e7\u00e3o de vulnerabilidade. Nesta sexta-feira (12), o secret\u00e1rio da Juventude, Andr\u00e9 Kubitschek, entregou certificados a novas turmas do Pr\u00f3-Jovem Digital, programa que j\u00e1 mudou a trajet\u00f3ria de mais de 600 jovens em diversas regi\u00f5es administrativas. \u201cO Pr\u00f3-Jovem [&hellip;]<\/p>\n","protected":false},"author":21,"featured_media":374582,"comment_status":"closed","ping_status":"closed","sticky":false,"template":"","format":"standard","meta":{"_acf_changed":false,"footnotes":""},"categories":[161],"tags":[],"class_list":["post-374580","post","type-post","status-publish","format-standard","has-post-thumbnail","hentry","category-quadradinho-em-foco"],"acf":[],"_links":{"self":[{"href":"https:\/\/www.notibras.com\/site\/wp-json\/wp\/v2\/posts\/374580","targetHints":{"allow":["GET"]}}],"collection":[{"href":"https:\/\/www.notibras.com\/site\/wp-json\/wp\/v2\/posts"}],"about":[{"href":"https:\/\/www.notibras.com\/site\/wp-json\/wp\/v2\/types\/post"}],"author":[{"embeddable":true,"href":"https:\/\/www.notibras.com\/site\/wp-json\/wp\/v2\/users\/21"}],"replies":[{"embeddable":true,"href":"https:\/\/www.notibras.com\/site\/wp-json\/wp\/v2\/comments?post=374580"}],"version-history":[{"count":4,"href":"https:\/\/www.notibras.com\/site\/wp-json\/wp\/v2\/posts\/374580\/revisions"}],"predecessor-version":[{"id":374585,"href":"https:\/\/www.notibras.com\/site\/wp-json\/wp\/v2\/posts\/374580\/revisions\/374585"}],"wp:featuredmedia":[{"embeddable":true,"href":"https:\/\/www.notibras.com\/site\/wp-json\/wp\/v2\/media\/374582"}],"wp:attachment":[{"href":"https:\/\/www.notibras.com\/site\/wp-json\/wp\/v2\/media?parent=374580"}],"wp:term":[{"taxonomy":"category","embeddable":true,"href":"https:\/\/www.notibras.com\/site\/wp-json\/wp\/v2\/categories?post=374580"},{"taxonomy":"post_tag","embeddable":true,"href":"https:\/\/www.notibras.com\/site\/wp-json\/wp\/v2\/tags?post=374580"}],"curies":[{"name":"wp","href":"https:\/\/api.w.org\/{rel}","templated":true}]}}